{"id":8089,"date":"2024-10-12T16:53:05","date_gmt":"2024-10-12T13:53:05","guid":{"rendered":"https:\/\/narteks.net\/?p=8089"},"modified":"2025-04-20T21:53:38","modified_gmt":"2025-04-20T18:53:38","slug":"nese-ve-keder-uzerine-ermis-halil-cibran","status":"publish","type":"post","link":"https:\/\/narteks.net\/index.php\/2024\/10\/12\/nese-ve-keder-uzerine-ermis-halil-cibran\/","title":{"rendered":"Ne\u015fe ve keder \u00fczerine &#8211; Ermi\u015f | Halil Cibran"},"content":{"rendered":"<p style=\"text-align: left;\">Ve bir kad\u0131n s\u00f6z ald\u0131, &#8220;Bize ne\u015fe ve kederden bahset&#8221;<br \/>\nVe o yan\u0131tlad\u0131:<br \/>\nNe\u015feniz kederinizin maskesiz halidir.<br \/>\nKahkahalar\u0131n\u0131z\u0131n y\u00fckseldi\u011fi ayn\u0131 kuyu s\u0131k s\u0131k g\u00f6zya\u015flar\u0131n\u0131zla dolar.<br \/>\nBa\u015fka nas\u0131l olabilir ki?<br \/>\nO keder varl\u0131\u011f\u0131n\u0131za ne kadar kaz\u0131n\u0131rsa, o kadar ne\u015fe dolars\u0131n\u0131z.<br \/>\n\u015earab\u0131n\u0131z\u0131 koydu\u011funuz kadeh bir zamanlar \u00e7\u00f6mlek\u00e7inin f\u0131r\u0131n\u0131nda pi\u015fenle ayn\u0131 kadeh de\u011fil mi?<br \/>\nRuhunuza dinginlik veren lavta b\u0131\u00e7aklarla oyulan a\u011fa\u00e7la ayn\u0131 de\u011fil mi?<br \/>\nNe\u015feliyken y\u00fcre\u011finizin derinlerine bir bak\u0131n, g\u00f6receksiniz ki sizi ne\u015felendiren \u015fey, sizi daha \u00f6nce kederlendirendir.<br \/>\nKederliyken y\u00fcre\u011finizin derinlerine bir kez daha bak\u0131n<br \/>\nG\u00f6receksiniz ki a\u011flad\u0131\u011f\u0131n\u0131z \u015fey bir zamanlar sevincinizdi.<br \/>\nBaz\u0131lar\u0131n\u0131z ne\u015fe kederden \u00f6nemlidir, diyor<br \/>\nBaz\u0131lar\u0131n\u0131z hay\u0131r keder ne\u015feden \u00f6nemlidir, diyor<br \/>\nBen diyorum ki onlar birbirinden ayr\u0131lmaz.<br \/>\nOnlar birlikte gelir, biri masan\u0131zda sizinle yaln\u0131z otururken, di\u011feri yata\u011f\u0131n\u0131zda uyuyordur.<br \/>\nSiz ne\u015fe ve kederinizin aras\u0131nda bir terazi gibi sallan\u0131rs\u0131n\u0131z asl\u0131nda.<br \/>\nYaln\u0131zca i\u00e7iniz bo\u015fken dengede ve sabit durursunuz,<br \/>\nHazine avc\u0131s\u0131 alt\u0131n ve g\u00fcm\u00fc\u015f\u00fcn\u00fc tartmak i\u00e7in sizi kald\u0131rd\u0131\u011f\u0131nda,<br \/>\nYa ne\u015feniz ya da kederiniz a\u011f\u0131r basar.<\/p>\n<p>Ne\u015fe ve keder \u00fczerine &#8211; Ermi\u015f | Halil Cibran<\/p>\n","protected":false},"excerpt":{"rendered":"<p>Ve bir kad\u0131n s\u00f6z ald\u0131, &#8220;Bize ne\u015fe ve kederden bahset&#8221; Ve o yan\u0131tlad\u0131: Ne\u015feniz kederinizin maskesiz halidir. Kahkahalar\u0131n\u0131z\u0131n y\u00fckseldi\u011fi ayn\u0131 kuyu s\u0131k s\u0131k g\u00f6zya\u015flar\u0131n\u0131zla dolar. Ba\u015fka nas\u0131l olabilir ki? O keder varl\u0131\u011f\u0131n\u0131za ne kadar kaz\u0131n\u0131rsa, o kadar ne\u015fe dolars\u0131n\u0131z. \u015earab\u0131n\u0131z\u0131 koydu\u011funuz kadeh bir zamanlar \u00e7\u00f6mlek\u00e7inin f\u0131r\u0131n\u0131nda pi\u015fenle ayn\u0131 kadeh de\u011fil mi? Ruhunuza dinginlik veren lavta [&hellip;]<\/p>\n","protected":false},"author":1,"featured_media":8090,"comment_status":"closed","ping_status":"open","sticky":false,"template":"","format":"standard","meta":{"footnotes":""},"categories":[138],"tags":[],"class_list":{"0":"post-8089","1":"post","2":"type-post","3":"status-publish","4":"format-standard","5":"has-post-thumbnail","7":"category-edebiyat-dunya"},"yoast_head":"<!-- This site is optimized with the Yoast SEO Premium plugin v24.9 (Yoast SEO v24.9) - https:\/\/yoast.com\/wordpress\/plugins\/seo\/ -->\n<title>Ne\u015fe ve keder \u00fczerine - Ermi\u015f | Halil Cibran - narteks.net<\/title>\n<meta name=\"robots\" content=\"index, follow, max-snippet:-1, max-image-preview:large, max-video-preview:-1\" \/>\n<link rel=\"canonical\" href=\"https:\/\/narteks.net\/index.php\/2024\/10\/12\/nese-ve-keder-uzerine-ermis-halil-cibran\/\" \/>\n<meta property=\"og:locale\" content=\"tr_TR\" \/>\n<meta property=\"og:type\" content=\"article\" \/>\n<meta property=\"og:title\" content=\"Ne\u015fe ve keder \u00fczerine - Ermi\u015f | Halil Cibran\" \/>\n<meta property=\"og:description\" content=\"Ve bir kad\u0131n s\u00f6z ald\u0131, &#8220;Bize ne\u015fe ve kederden bahset&#8221; Ve o yan\u0131tlad\u0131: Ne\u015feniz kederinizin maskesiz halidir. Kahkahalar\u0131n\u0131z\u0131n y\u00fckseldi\u011fi ayn\u0131 kuyu s\u0131k s\u0131k g\u00f6zya\u015flar\u0131n\u0131zla dolar. Ba\u015fka nas\u0131l olabilir ki? O keder varl\u0131\u011f\u0131n\u0131za ne kadar kaz\u0131n\u0131rsa, o kadar ne\u015fe dolars\u0131n\u0131z. \u015earab\u0131n\u0131z\u0131 koydu\u011funuz kadeh bir zamanlar \u00e7\u00f6mlek\u00e7inin f\u0131r\u0131n\u0131nda pi\u015fenle ayn\u0131 kadeh de\u011fil mi? Ruhunuza dinginlik veren lavta [&hellip;]\" \/>\n<meta property=\"og:url\" content=\"https:\/\/narteks.net\/index.php\/2024\/10\/12\/nese-ve-keder-uzerine-ermis-halil-cibran\/\" \/>\n<meta property=\"og:site_name\" content=\"narteks.net\" \/>\n<meta property=\"article:published_time\" content=\"2024-10-12T13:53:05+00:00\" \/>\n<meta property=\"article:modified_time\" content=\"2025-04-20T18:53:38+00:00\" \/>\n<meta property=\"og:image\" content=\"http:\/\/narteks.net\/wp-content\/uploads\/halil-cibran.jpg\" \/>\n\t<meta property=\"og:image:width\" content=\"274\" \/>\n\t<meta property=\"og:image:height\" content=\"379\" \/>\n\t<meta property=\"og:image:type\" content=\"image\/jpeg\" \/>\n<meta name=\"author\" content=\"Tar\u0131k\" \/>\n<meta name=\"twitter:card\" content=\"summary_large_image\" \/>\n<meta name=\"twitter:creator\" content=\"@narteks\" \/>\n<meta name=\"twitter:site\" content=\"@narteks\" \/>\n<meta name=\"twitter:label1\" content=\"Yazan:\" \/>\n\t<meta name=\"twitter:data1\" content=\"Tar\u0131k\" \/>\n\t<meta name=\"twitter:label2\" content=\"Tahmini okuma s\u00fcresi\" \/>\n\t<meta name=\"twitter:data2\" content=\"2 dakika\" \/>\n<script type=\"application\/ld+json\" class=\"yoast-schema-graph\">{\"@context\":\"https:\/\/schema.org\",\"@graph\":[{\"@type\":\"Article\",\"@id\":\"https:\/\/narteks.net\/index.php\/2024\/10\/12\/nese-ve-keder-uzerine-ermis-halil-cibran\/#article\",\"isPartOf\":{\"@id\":\"https:\/\/narteks.net\/index.php\/2024\/10\/12\/nese-ve-keder-uzerine-ermis-halil-cibran\/\"},\"author\":{\"name\":\"Tar\u0131k\",\"@id\":\"https:\/\/narteks.net\/#\/schema\/person\/61f37d9834294b72d31d274e7ed79bca\"},\"headline\":\"Ne\u015fe ve keder \u00fczerine &#8211; Ermi\u015f | Halil Cibran\",\"datePublished\":\"2024-10-12T13:53:05+00:00\",\"dateModified\":\"2025-04-20T18:53:38+00:00\",\"mainEntityOfPage\":{\"@id\":\"https:\/\/narteks.net\/index.php\/2024\/10\/12\/nese-ve-keder-uzerine-ermis-halil-cibran\/\"},\"wordCount\":252,\"publisher\":{\"@id\":\"https:\/\/narteks.net\/#organization\"},\"image\":{\"@id\":\"https:\/\/narteks.net\/index.php\/2024\/10\/12\/nese-ve-keder-uzerine-ermis-halil-cibran\/#primaryimage\"},\"thumbnailUrl\":\"https:\/\/narteks.net\/wp-content\/uploads\/halil-cibran.jpg\",\"articleSection\":[\"Edebiyat ( D\u00fcnya )\"],\"inLanguage\":\"tr\"},{\"@type\":\"WebPage\",\"@id\":\"https:\/\/narteks.net\/index.php\/2024\/10\/12\/nese-ve-keder-uzerine-ermis-halil-cibran\/\",\"url\":\"https:\/\/narteks.net\/index.php\/2024\/10\/12\/nese-ve-keder-uzerine-ermis-halil-cibran\/\",\"name\":\"Ne\u015fe ve keder \u00fczerine - Ermi\u015f | Halil Cibran - narteks.net\",\"isPartOf\":{\"@id\":\"https:\/\/narteks.net\/#website\"},\"primaryImageOfPage\":{\"@id\":\"https:\/\/narteks.net\/index.php\/2024\/10\/12\/nese-ve-keder-uzerine-ermis-halil-cibran\/#primaryimage\"},\"image\":{\"@id\":\"https:\/\/narteks.net\/index.php\/2024\/10\/12\/nese-ve-keder-uzerine-ermis-halil-cibran\/#primaryimage\"},\"thumbnailUrl\":\"https:\/\/narteks.net\/wp-content\/uploads\/halil-cibran.jpg\",\"datePublished\":\"2024-10-12T13:53:05+00:00\",\"dateModified\":\"2025-04-20T18:53:38+00:00\",\"breadcrumb\":{\"@id\":\"https:\/\/narteks.net\/index.php\/2024\/10\/12\/nese-ve-keder-uzerine-ermis-halil-cibran\/#breadcrumb\"},\"inLanguage\":\"tr\",\"potentialAction\":[{\"@type\":\"ReadAction\",\"target\":[\"https:\/\/narteks.net\/index.php\/2024\/10\/12\/nese-ve-keder-uzerine-ermis-halil-cibran\/\"]}]},{\"@type\":\"ImageObject\",\"inLanguage\":\"tr\",\"@id\":\"https:\/\/narteks.net\/index.php\/2024\/10\/12\/nese-ve-keder-uzerine-ermis-halil-cibran\/#primaryimage\",\"url\":\"https:\/\/narteks.net\/wp-content\/uploads\/halil-cibran.jpg\",\"contentUrl\":\"https:\/\/narteks.net\/wp-content\/uploads\/halil-cibran.jpg\",\"width\":274,\"height\":379},{\"@type\":\"BreadcrumbList\",\"@id\":\"https:\/\/narteks.net\/index.php\/2024\/10\/12\/nese-ve-keder-uzerine-ermis-halil-cibran\/#breadcrumb\",\"itemListElement\":[{\"@type\":\"ListItem\",\"position\":1,\"name\":\"Anasayfa\",\"item\":\"https:\/\/narteks.net\/\"},{\"@type\":\"ListItem\",\"position\":2,\"name\":\"Ne\u015fe ve keder \u00fczerine &#8211; Ermi\u015f | Halil Cibran\"}]},{\"@type\":\"WebSite\",\"@id\":\"https:\/\/narteks.net\/#website\",\"url\":\"https:\/\/narteks.net\/\",\"name\":\"narteks.net\",\"description\":\"K\u00fclt\u00fcr Sanat Edebiyat Felsefe\",\"publisher\":{\"@id\":\"https:\/\/narteks.net\/#organization\"},\"alternateName\":\"K\u00fclt\u00fcr Sanat Edebiyat Felsefe\",\"potentialAction\":[{\"@type\":\"SearchAction\",\"target\":{\"@type\":\"EntryPoint\",\"urlTemplate\":\"https:\/\/narteks.net\/?s={search_term_string}\"},\"query-input\":{\"@type\":\"PropertyValueSpecification\",\"valueRequired\":true,\"valueName\":\"search_term_string\"}}],\"inLanguage\":\"tr\"},{\"@type\":\"Organization\",\"@id\":\"https:\/\/narteks.net\/#organization\",\"name\":\"narteks.net\",\"url\":\"https:\/\/narteks.net\/\",\"logo\":{\"@type\":\"ImageObject\",\"inLanguage\":\"tr\",\"@id\":\"https:\/\/narteks.net\/#\/schema\/logo\/image\/\",\"url\":\"https:\/\/narteks.net\/wp-content\/uploads\/narteks.png\",\"contentUrl\":\"https:\/\/narteks.net\/wp-content\/uploads\/narteks.png\",\"width\":300,\"height\":90,\"caption\":\"narteks.net\"},\"image\":{\"@id\":\"https:\/\/narteks.net\/#\/schema\/logo\/image\/\"},\"sameAs\":[\"https:\/\/x.com\/narteks\",\"https:\/\/instagram.com\/narteksnet\"]},{\"@type\":\"Person\",\"@id\":\"https:\/\/narteks.net\/#\/schema\/person\/61f37d9834294b72d31d274e7ed79bca\",\"name\":\"Tar\u0131k\",\"image\":{\"@type\":\"ImageObject\",\"inLanguage\":\"tr\",\"@id\":\"https:\/\/narteks.net\/#\/schema\/person\/image\/\",\"url\":\"https:\/\/secure.gravatar.com\/avatar\/50865afb55632c4ae467e0af0930f6510aa2297d8014be502a55b14f3b7550cf?s=96&d=mm&r=g\",\"contentUrl\":\"https:\/\/secure.gravatar.com\/avatar\/50865afb55632c4ae467e0af0930f6510aa2297d8014be502a55b14f3b7550cf?s=96&d=mm&r=g\",\"caption\":\"Tar\u0131k\"},\"sameAs\":[\"http:\/\/narteks.net\"],\"url\":\"https:\/\/narteks.net\/index.php\/author\/narbak\/\"}]}<\/script>\n<!-- \/ Yoast SEO Premium plugin. -->","yoast_head_json":{"title":"Ne\u015fe ve keder \u00fczerine - Ermi\u015f | Halil Cibran - narteks.net","robots":{"index":"index","follow":"follow","max-snippet":"max-snippet:-1","max-image-preview":"max-image-preview:large","max-video-preview":"max-video-preview:-1"},"canonical":"https:\/\/narteks.net\/index.php\/2024\/10\/12\/nese-ve-keder-uzerine-ermis-halil-cibran\/","og_locale":"tr_TR","og_type":"article","og_title":"Ne\u015fe ve keder \u00fczerine - Ermi\u015f | Halil Cibran","og_description":"Ve bir kad\u0131n s\u00f6z ald\u0131, &#8220;Bize ne\u015fe ve kederden bahset&#8221; Ve o yan\u0131tlad\u0131: Ne\u015feniz kederinizin maskesiz halidir. Kahkahalar\u0131n\u0131z\u0131n y\u00fckseldi\u011fi ayn\u0131 kuyu s\u0131k s\u0131k g\u00f6zya\u015flar\u0131n\u0131zla dolar. Ba\u015fka nas\u0131l olabilir ki? O keder varl\u0131\u011f\u0131n\u0131za ne kadar kaz\u0131n\u0131rsa, o kadar ne\u015fe dolars\u0131n\u0131z. \u015earab\u0131n\u0131z\u0131 koydu\u011funuz kadeh bir zamanlar \u00e7\u00f6mlek\u00e7inin f\u0131r\u0131n\u0131nda pi\u015fenle ayn\u0131 kadeh de\u011fil mi? Ruhunuza dinginlik veren lavta [&hellip;]","og_url":"https:\/\/narteks.net\/index.php\/2024\/10\/12\/nese-ve-keder-uzerine-ermis-halil-cibran\/","og_site_name":"narteks.net","article_published_time":"2024-10-12T13:53:05+00:00","article_modified_time":"2025-04-20T18:53:38+00:00","og_image":[{"width":274,"height":379,"url":"http:\/\/narteks.net\/wp-content\/uploads\/halil-cibran.jpg","type":"image\/jpeg"}],"author":"Tar\u0131k","twitter_card":"summary_large_image","twitter_creator":"@narteks","twitter_site":"@narteks","twitter_misc":{"Yazan:":"Tar\u0131k","Tahmini okuma s\u00fcresi":"2 dakika"},"schema":{"@context":"https:\/\/schema.org","@graph":[{"@type":"Article","@id":"https:\/\/narteks.net\/index.php\/2024\/10\/12\/nese-ve-keder-uzerine-ermis-halil-cibran\/#article","isPartOf":{"@id":"https:\/\/narteks.net\/index.php\/2024\/10\/12\/nese-ve-keder-uzerine-ermis-halil-cibran\/"},"author":{"name":"Tar\u0131k","@id":"https:\/\/narteks.net\/#\/schema\/person\/61f37d9834294b72d31d274e7ed79bca"},"headline":"Ne\u015fe ve keder \u00fczerine &#8211; Ermi\u015f | Halil Cibran","datePublished":"2024-10-12T13:53:05+00:00","dateModified":"2025-04-20T18:53:38+00:00","mainEntityOfPage":{"@id":"https:\/\/narteks.net\/index.php\/2024\/10\/12\/nese-ve-keder-uzerine-ermis-halil-cibran\/"},"wordCount":252,"publisher":{"@id":"https:\/\/narteks.net\/#organization"},"image":{"@id":"https:\/\/narteks.net\/index.php\/2024\/10\/12\/nese-ve-keder-uzerine-ermis-halil-cibran\/#primaryimage"},"thumbnailUrl":"https:\/\/narteks.net\/wp-content\/uploads\/halil-cibran.jpg","articleSection":["Edebiyat ( D\u00fcnya )"],"inLanguage":"tr"},{"@type":"WebPage","@id":"https:\/\/narteks.net\/index.php\/2024\/10\/12\/nese-ve-keder-uzerine-ermis-halil-cibran\/","url":"https:\/\/narteks.net\/index.php\/2024\/10\/12\/nese-ve-keder-uzerine-ermis-halil-cibran\/","name":"Ne\u015fe ve keder \u00fczerine - Ermi\u015f | Halil Cibran - narteks.net","isPartOf":{"@id":"https:\/\/narteks.net\/#website"},"primaryImageOfPage":{"@id":"https:\/\/narteks.net\/index.php\/2024\/10\/12\/nese-ve-keder-uzerine-ermis-halil-cibran\/#primaryimage"},"image":{"@id":"https:\/\/narteks.net\/index.php\/2024\/10\/12\/nese-ve-keder-uzerine-ermis-halil-cibran\/#primaryimage"},"thumbnailUrl":"https:\/\/narteks.net\/wp-content\/uploads\/halil-cibran.jpg","datePublished":"2024-10-12T13:53:05+00:00","dateModified":"2025-04-20T18:53:38+00:00","breadcrumb":{"@id":"https:\/\/narteks.net\/index.php\/2024\/10\/12\/nese-ve-keder-uzerine-ermis-halil-cibran\/#breadcrumb"},"inLanguage":"tr","potentialAction":[{"@type":"ReadAction","target":["https:\/\/narteks.net\/index.php\/2024\/10\/12\/nese-ve-keder-uzerine-ermis-halil-cibran\/"]}]},{"@type":"ImageObject","inLanguage":"tr","@id":"https:\/\/narteks.net\/index.php\/2024\/10\/12\/nese-ve-keder-uzerine-ermis-halil-cibran\/#primaryimage","url":"https:\/\/narteks.net\/wp-content\/uploads\/halil-cibran.jpg","contentUrl":"https:\/\/narteks.net\/wp-content\/uploads\/halil-cibran.jpg","width":274,"height":379},{"@type":"BreadcrumbList","@id":"https:\/\/narteks.net\/index.php\/2024\/10\/12\/nese-ve-keder-uzerine-ermis-halil-cibran\/#breadcrumb","itemListElement":[{"@type":"ListItem","position":1,"name":"Anasayfa","item":"https:\/\/narteks.net\/"},{"@type":"ListItem","position":2,"name":"Ne\u015fe ve keder \u00fczerine &#8211; Ermi\u015f | Halil Cibran"}]},{"@type":"WebSite","@id":"https:\/\/narteks.net\/#website","url":"https:\/\/narteks.net\/","name":"narteks.net","description":"K\u00fclt\u00fcr Sanat Edebiyat Felsefe","publisher":{"@id":"https:\/\/narteks.net\/#organization"},"alternateName":"K\u00fclt\u00fcr Sanat Edebiyat Felsefe","potentialAction":[{"@type":"SearchAction","target":{"@type":"EntryPoint","urlTemplate":"https:\/\/narteks.net\/?s={search_term_string}"},"query-input":{"@type":"PropertyValueSpecification","valueRequired":true,"valueName":"search_term_string"}}],"inLanguage":"tr"},{"@type":"Organization","@id":"https:\/\/narteks.net\/#organization","name":"narteks.net","url":"https:\/\/narteks.net\/","logo":{"@type":"ImageObject","inLanguage":"tr","@id":"https:\/\/narteks.net\/#\/schema\/logo\/image\/","url":"https:\/\/narteks.net\/wp-content\/uploads\/narteks.png","contentUrl":"https:\/\/narteks.net\/wp-content\/uploads\/narteks.png","width":300,"height":90,"caption":"narteks.net"},"image":{"@id":"https:\/\/narteks.net\/#\/schema\/logo\/image\/"},"sameAs":["https:\/\/x.com\/narteks","https:\/\/instagram.com\/narteksnet"]},{"@type":"Person","@id":"https:\/\/narteks.net\/#\/schema\/person\/61f37d9834294b72d31d274e7ed79bca","name":"Tar\u0131k","image":{"@type":"ImageObject","inLanguage":"tr","@id":"https:\/\/narteks.net\/#\/schema\/person\/image\/","url":"https:\/\/secure.gravatar.com\/avatar\/50865afb55632c4ae467e0af0930f6510aa2297d8014be502a55b14f3b7550cf?s=96&d=mm&r=g","contentUrl":"https:\/\/secure.gravatar.com\/avatar\/50865afb55632c4ae467e0af0930f6510aa2297d8014be502a55b14f3b7550cf?s=96&d=mm&r=g","caption":"Tar\u0131k"},"sameAs":["http:\/\/narteks.net"],"url":"https:\/\/narteks.net\/index.php\/author\/narbak\/"}]}},"_links":{"self":[{"href":"https:\/\/narteks.net\/index.php\/wp-json\/wp\/v2\/posts\/8089","targetHints":{"allow":["GET"]}}],"collection":[{"href":"https:\/\/narteks.net\/index.php\/wp-json\/wp\/v2\/posts"}],"about":[{"href":"https:\/\/narteks.net\/index.php\/wp-json\/wp\/v2\/types\/post"}],"author":[{"embeddable":true,"href":"https:\/\/narteks.net\/index.php\/wp-json\/wp\/v2\/users\/1"}],"replies":[{"embeddable":true,"href":"https:\/\/narteks.net\/index.php\/wp-json\/wp\/v2\/comments?post=8089"}],"version-history":[{"count":3,"href":"https:\/\/narteks.net\/index.php\/wp-json\/wp\/v2\/posts\/8089\/revisions"}],"predecessor-version":[{"id":8093,"href":"https:\/\/narteks.net\/index.php\/wp-json\/wp\/v2\/posts\/8089\/revisions\/8093"}],"wp:featuredmedia":[{"embeddable":true,"href":"https:\/\/narteks.net\/index.php\/wp-json\/wp\/v2\/media\/8090"}],"wp:attachment":[{"href":"https:\/\/narteks.net\/index.php\/wp-json\/wp\/v2\/media?parent=8089"}],"wp:term":[{"taxonomy":"category","embeddable":true,"href":"https:\/\/narteks.net\/index.php\/wp-json\/wp\/v2\/categories?post=8089"},{"taxonomy":"post_tag","embeddable":true,"href":"https:\/\/narteks.net\/index.php\/wp-json\/wp\/v2\/tags?post=8089"}],"curies":[{"name":"wp","href":"https:\/\/api.w.org\/{rel}","templated":true}]}}