{"id":81,"date":"2009-02-27T15:08:28","date_gmt":"2009-02-27T12:08:28","guid":{"rendered":"http:\/\/localhost\/wordpress\/2009\/02\/27\/sairin-emekleri\/"},"modified":"2009-02-27T15:08:28","modified_gmt":"2009-02-27T12:08:28","slug":"sairin-emekleri","status":"publish","type":"post","link":"https:\/\/narteks.net\/index.php\/2009\/02\/27\/sairin-emekleri\/","title":{"rendered":"\u015eA\u0130R\u0130N EMEKLER\u0130"},"content":{"rendered":"<p>I <\/p>\n<p>gece teninin en koyu tonuna ula\u015ft\u0131\u011f\u0131nda <br \/>\u00e7\u00f6k\u00fcyorum bir g\u00f6lge masan\u0131n ba\u015f\u0131na <br \/>gizlerini demek istiyorum g\u00f6nl\u00fcm\u00fcn <br \/>kimseyi \u015fa\u015f\u0131rtmasa da <br \/>\u00e7alakalem m\u0131nc\u0131klamak istiyorum oras\u0131n buras\u0131n <br \/>\u00f6n\u00fcmdeki di\u015fi k\u00e2\u011f\u0131d\u0131n <br \/>ellerimin zek\u00e2s\u0131yla ba\u015fl\u0131yorum <br \/>bir \u015feyler karalamaya <\/p>\n<p>II <\/p>\n<p>gece kara \u00e7ar\u015faf\u0131n\u0131n alt\u0131nda <br \/>sevi\u015fiyor sinsi \u00e2\u015f\u0131\u011f\u0131yla <br \/>&#8211; eziliyor atmosferin \u00e7imenleri &#8211; <br \/>\u00e7ekip gidiyor o tanr\u0131sal hovarda <br \/>ili\u011fi bo\u015fal\u0131nca <br \/>ve y\u0131ld\u0131zlar, g\u00f6kkurusu dad\u0131lar <br \/>dikiyorlar gecenin bek\u00e2retini <br \/>\u0131\u015f\u0131ktan i\u011fnelerle<\/p>\n<p>ADNAN \u00d6ZER<\/p>\n","protected":false},"excerpt":{"rendered":"<p>I gece teninin en koyu tonuna ula\u015ft\u0131\u011f\u0131nda \u00e7\u00f6k\u00fcyorum bir g\u00f6lge masan\u0131n ba\u015f\u0131na gizlerini demek istiyorum g\u00f6nl\u00fcm\u00fcn kimseyi \u015fa\u015f\u0131rtmasa da \u00e7alakalem m\u0131nc\u0131klamak istiyorum oras\u0131n buras\u0131n \u00f6n\u00fcmdeki di\u015fi k\u00e2\u011f\u0131d\u0131n ellerimin zek\u00e2s\u0131yla ba\u015fl\u0131yorum bir \u015feyler karalamaya II gece kara \u00e7ar\u015faf\u0131n\u0131n alt\u0131nda sevi\u015fiyor sinsi \u00e2\u015f\u0131\u011f\u0131yla &#8211; eziliyor atmosferin \u00e7imenleri &#8211; \u00e7ekip gidiyor o tanr\u0131sal hovarda ili\u011fi bo\u015fal\u0131nca ve y\u0131ld\u0131zlar, [&hellip;]<\/p>\n","protected":false},"author":1,"featured_media":0,"comment_status":"open","ping_status":"open","sticky":false,"template":"","format":"standard","meta":{"footnotes":""},"categories":[6],"tags":[],"class_list":{"0":"post-81","1":"post","2":"type-post","3":"status-publish","4":"format-standard","6":"category-adnan-ozer"},"yoast_head":"<!-- This site is optimized with the Yoast SEO Premium plugin v24.9 (Yoast SEO v24.9) - https:\/\/yoast.com\/wordpress\/plugins\/seo\/ -->\n<title>\u015eA\u0130R\u0130N EMEKLER\u0130 - narteks.net<\/title>\n<meta name=\"robots\" content=\"index, follow, max-snippet:-1, max-image-preview:large, max-video-preview:-1\" \/>\n<link rel=\"canonical\" href=\"https:\/\/narteks.net\/index.php\/2009\/02\/27\/sairin-emekleri\/\" \/>\n<meta property=\"og:locale\" content=\"tr_TR\" \/>\n<meta property=\"og:type\" content=\"article\" \/>\n<meta property=\"og:title\" content=\"\u015eA\u0130R\u0130N EMEKLER\u0130\" \/>\n<meta property=\"og:description\" content=\"I gece teninin en koyu tonuna ula\u015ft\u0131\u011f\u0131nda \u00e7\u00f6k\u00fcyorum bir g\u00f6lge masan\u0131n ba\u015f\u0131na gizlerini demek istiyorum g\u00f6nl\u00fcm\u00fcn kimseyi \u015fa\u015f\u0131rtmasa da \u00e7alakalem m\u0131nc\u0131klamak istiyorum oras\u0131n buras\u0131n \u00f6n\u00fcmdeki di\u015fi k\u00e2\u011f\u0131d\u0131n ellerimin zek\u00e2s\u0131yla ba\u015fl\u0131yorum bir \u015feyler karalamaya II gece kara \u00e7ar\u015faf\u0131n\u0131n alt\u0131nda sevi\u015fiyor sinsi \u00e2\u015f\u0131\u011f\u0131yla &#8211; eziliyor atmosferin \u00e7imenleri &#8211; \u00e7ekip gidiyor o tanr\u0131sal hovarda ili\u011fi bo\u015fal\u0131nca ve y\u0131ld\u0131zlar, [&hellip;]\" \/>\n<meta property=\"og:url\" content=\"https:\/\/narteks.net\/index.php\/2009\/02\/27\/sairin-emekleri\/\" \/>\n<meta property=\"og:site_name\" content=\"narteks.net\" \/>\n<meta property=\"article:published_time\" content=\"2009-02-27T12:08:28+00:00\" \/>\n<meta property=\"og:image\" content=\"https:\/\/narteks.net\/wp-content\/uploads\/narteks.png\" \/>\n\t<meta property=\"og:image:width\" content=\"300\" \/>\n\t<meta property=\"og:image:height\" content=\"90\" \/>\n\t<meta property=\"og:image:type\" content=\"image\/png\" \/>\n<meta name=\"author\" content=\"Tar\u0131k\" \/>\n<meta name=\"twitter:card\" content=\"summary_large_image\" \/>\n<meta name=\"twitter:creator\" content=\"@narteks\" \/>\n<meta name=\"twitter:site\" content=\"@narteks\" \/>\n<meta name=\"twitter:label1\" content=\"Yazan:\" \/>\n\t<meta name=\"twitter:data1\" content=\"Tar\u0131k\" \/>\n\t<meta name=\"twitter:label2\" content=\"Tahmini okuma s\u00fcresi\" \/>\n\t<meta name=\"twitter:data2\" content=\"1 dakika\" \/>\n<script type=\"application\/ld+json\" class=\"yoast-schema-graph\">{\"@context\":\"https:\/\/schema.org\",\"@graph\":[{\"@type\":\"Article\",\"@id\":\"https:\/\/narteks.net\/index.php\/2009\/02\/27\/sairin-emekleri\/#article\",\"isPartOf\":{\"@id\":\"https:\/\/narteks.net\/index.php\/2009\/02\/27\/sairin-emekleri\/\"},\"author\":{\"name\":\"Tar\u0131k\",\"@id\":\"https:\/\/narteks.net\/#\/schema\/person\/61f37d9834294b72d31d274e7ed79bca\"},\"headline\":\"\u015eA\u0130R\u0130N EMEKLER\u0130\",\"datePublished\":\"2009-02-27T12:08:28+00:00\",\"mainEntityOfPage\":{\"@id\":\"https:\/\/narteks.net\/index.php\/2009\/02\/27\/sairin-emekleri\/\"},\"wordCount\":105,\"commentCount\":0,\"publisher\":{\"@id\":\"https:\/\/narteks.net\/#organization\"},\"articleSection\":[\"Adnan \u00d6ZER\"],\"inLanguage\":\"tr\",\"potentialAction\":[{\"@type\":\"CommentAction\",\"name\":\"Comment\",\"target\":[\"https:\/\/narteks.net\/index.php\/2009\/02\/27\/sairin-emekleri\/#respond\"]}]},{\"@type\":\"WebPage\",\"@id\":\"https:\/\/narteks.net\/index.php\/2009\/02\/27\/sairin-emekleri\/\",\"url\":\"https:\/\/narteks.net\/index.php\/2009\/02\/27\/sairin-emekleri\/\",\"name\":\"\u015eA\u0130R\u0130N EMEKLER\u0130 - narteks.net\",\"isPartOf\":{\"@id\":\"https:\/\/narteks.net\/#website\"},\"datePublished\":\"2009-02-27T12:08:28+00:00\",\"breadcrumb\":{\"@id\":\"https:\/\/narteks.net\/index.php\/2009\/02\/27\/sairin-emekleri\/#breadcrumb\"},\"inLanguage\":\"tr\",\"potentialAction\":[{\"@type\":\"ReadAction\",\"target\":[\"https:\/\/narteks.net\/index.php\/2009\/02\/27\/sairin-emekleri\/\"]}]},{\"@type\":\"BreadcrumbList\",\"@id\":\"https:\/\/narteks.net\/index.php\/2009\/02\/27\/sairin-emekleri\/#breadcrumb\",\"itemListElement\":[{\"@type\":\"ListItem\",\"position\":1,\"name\":\"Anasayfa\",\"item\":\"https:\/\/narteks.net\/\"},{\"@type\":\"ListItem\",\"position\":2,\"name\":\"\u015eA\u0130R\u0130N EMEKLER\u0130\"}]},{\"@type\":\"WebSite\",\"@id\":\"https:\/\/narteks.net\/#website\",\"url\":\"https:\/\/narteks.net\/\",\"name\":\"narteks.net\",\"description\":\"K\u00fclt\u00fcr Sanat Edebiyat Felsefe\",\"publisher\":{\"@id\":\"https:\/\/narteks.net\/#organization\"},\"alternateName\":\"K\u00fclt\u00fcr Sanat Edebiyat Felsefe\",\"potentialAction\":[{\"@type\":\"SearchAction\",\"target\":{\"@type\":\"EntryPoint\",\"urlTemplate\":\"https:\/\/narteks.net\/?s={search_term_string}\"},\"query-input\":{\"@type\":\"PropertyValueSpecification\",\"valueRequired\":true,\"valueName\":\"search_term_string\"}}],\"inLanguage\":\"tr\"},{\"@type\":\"Organization\",\"@id\":\"https:\/\/narteks.net\/#organization\",\"name\":\"narteks.net\",\"url\":\"https:\/\/narteks.net\/\",\"logo\":{\"@type\":\"ImageObject\",\"inLanguage\":\"tr\",\"@id\":\"https:\/\/narteks.net\/#\/schema\/logo\/image\/\",\"url\":\"https:\/\/narteks.net\/wp-content\/uploads\/narteks.png\",\"contentUrl\":\"https:\/\/narteks.net\/wp-content\/uploads\/narteks.png\",\"width\":300,\"height\":90,\"caption\":\"narteks.net\"},\"image\":{\"@id\":\"https:\/\/narteks.net\/#\/schema\/logo\/image\/\"},\"sameAs\":[\"https:\/\/x.com\/narteks\",\"https:\/\/instagram.com\/narteksnet\"]},{\"@type\":\"Person\",\"@id\":\"https:\/\/narteks.net\/#\/schema\/person\/61f37d9834294b72d31d274e7ed79bca\",\"name\":\"Tar\u0131k\",\"image\":{\"@type\":\"ImageObject\",\"inLanguage\":\"tr\",\"@id\":\"https:\/\/narteks.net\/#\/schema\/person\/image\/\",\"url\":\"https:\/\/secure.gravatar.com\/avatar\/50865afb55632c4ae467e0af0930f6510aa2297d8014be502a55b14f3b7550cf?s=96&d=mm&r=g\",\"contentUrl\":\"https:\/\/secure.gravatar.com\/avatar\/50865afb55632c4ae467e0af0930f6510aa2297d8014be502a55b14f3b7550cf?s=96&d=mm&r=g\",\"caption\":\"Tar\u0131k\"},\"sameAs\":[\"http:\/\/narteks.net\"],\"url\":\"https:\/\/narteks.net\/index.php\/author\/narbak\/\"}]}<\/script>\n<!-- \/ Yoast SEO Premium plugin. -->","yoast_head_json":{"title":"\u015eA\u0130R\u0130N EMEKLER\u0130 - narteks.net","robots":{"index":"index","follow":"follow","max-snippet":"max-snippet:-1","max-image-preview":"max-image-preview:large","max-video-preview":"max-video-preview:-1"},"canonical":"https:\/\/narteks.net\/index.php\/2009\/02\/27\/sairin-emekleri\/","og_locale":"tr_TR","og_type":"article","og_title":"\u015eA\u0130R\u0130N EMEKLER\u0130","og_description":"I gece teninin en koyu tonuna ula\u015ft\u0131\u011f\u0131nda \u00e7\u00f6k\u00fcyorum bir g\u00f6lge masan\u0131n ba\u015f\u0131na gizlerini demek istiyorum g\u00f6nl\u00fcm\u00fcn kimseyi \u015fa\u015f\u0131rtmasa da \u00e7alakalem m\u0131nc\u0131klamak istiyorum oras\u0131n buras\u0131n \u00f6n\u00fcmdeki di\u015fi k\u00e2\u011f\u0131d\u0131n ellerimin zek\u00e2s\u0131yla ba\u015fl\u0131yorum bir \u015feyler karalamaya II gece kara \u00e7ar\u015faf\u0131n\u0131n alt\u0131nda sevi\u015fiyor sinsi \u00e2\u015f\u0131\u011f\u0131yla &#8211; eziliyor atmosferin \u00e7imenleri &#8211; \u00e7ekip gidiyor o tanr\u0131sal hovarda ili\u011fi bo\u015fal\u0131nca ve y\u0131ld\u0131zlar, [&hellip;]","og_url":"https:\/\/narteks.net\/index.php\/2009\/02\/27\/sairin-emekleri\/","og_site_name":"narteks.net","article_published_time":"2009-02-27T12:08:28+00:00","og_image":[{"width":300,"height":90,"url":"https:\/\/narteks.net\/wp-content\/uploads\/narteks.png","type":"image\/png"}],"author":"Tar\u0131k","twitter_card":"summary_large_image","twitter_creator":"@narteks","twitter_site":"@narteks","twitter_misc":{"Yazan:":"Tar\u0131k","Tahmini okuma s\u00fcresi":"1 dakika"},"schema":{"@context":"https:\/\/schema.org","@graph":[{"@type":"Article","@id":"https:\/\/narteks.net\/index.php\/2009\/02\/27\/sairin-emekleri\/#article","isPartOf":{"@id":"https:\/\/narteks.net\/index.php\/2009\/02\/27\/sairin-emekleri\/"},"author":{"name":"Tar\u0131k","@id":"https:\/\/narteks.net\/#\/schema\/person\/61f37d9834294b72d31d274e7ed79bca"},"headline":"\u015eA\u0130R\u0130N EMEKLER\u0130","datePublished":"2009-02-27T12:08:28+00:00","mainEntityOfPage":{"@id":"https:\/\/narteks.net\/index.php\/2009\/02\/27\/sairin-emekleri\/"},"wordCount":105,"commentCount":0,"publisher":{"@id":"https:\/\/narteks.net\/#organization"},"articleSection":["Adnan \u00d6ZER"],"inLanguage":"tr","potentialAction":[{"@type":"CommentAction","name":"Comment","target":["https:\/\/narteks.net\/index.php\/2009\/02\/27\/sairin-emekleri\/#respond"]}]},{"@type":"WebPage","@id":"https:\/\/narteks.net\/index.php\/2009\/02\/27\/sairin-emekleri\/","url":"https:\/\/narteks.net\/index.php\/2009\/02\/27\/sairin-emekleri\/","name":"\u015eA\u0130R\u0130N EMEKLER\u0130 - narteks.net","isPartOf":{"@id":"https:\/\/narteks.net\/#website"},"datePublished":"2009-02-27T12:08:28+00:00","breadcrumb":{"@id":"https:\/\/narteks.net\/index.php\/2009\/02\/27\/sairin-emekleri\/#breadcrumb"},"inLanguage":"tr","potentialAction":[{"@type":"ReadAction","target":["https:\/\/narteks.net\/index.php\/2009\/02\/27\/sairin-emekleri\/"]}]},{"@type":"BreadcrumbList","@id":"https:\/\/narteks.net\/index.php\/2009\/02\/27\/sairin-emekleri\/#breadcrumb","itemListElement":[{"@type":"ListItem","position":1,"name":"Anasayfa","item":"https:\/\/narteks.net\/"},{"@type":"ListItem","position":2,"name":"\u015eA\u0130R\u0130N EMEKLER\u0130"}]},{"@type":"WebSite","@id":"https:\/\/narteks.net\/#website","url":"https:\/\/narteks.net\/","name":"narteks.net","description":"K\u00fclt\u00fcr Sanat Edebiyat Felsefe","publisher":{"@id":"https:\/\/narteks.net\/#organization"},"alternateName":"K\u00fclt\u00fcr Sanat Edebiyat Felsefe","potentialAction":[{"@type":"SearchAction","target":{"@type":"EntryPoint","urlTemplate":"https:\/\/narteks.net\/?s={search_term_string}"},"query-input":{"@type":"PropertyValueSpecification","valueRequired":true,"valueName":"search_term_string"}}],"inLanguage":"tr"},{"@type":"Organization","@id":"https:\/\/narteks.net\/#organization","name":"narteks.net","url":"https:\/\/narteks.net\/","logo":{"@type":"ImageObject","inLanguage":"tr","@id":"https:\/\/narteks.net\/#\/schema\/logo\/image\/","url":"https:\/\/narteks.net\/wp-content\/uploads\/narteks.png","contentUrl":"https:\/\/narteks.net\/wp-content\/uploads\/narteks.png","width":300,"height":90,"caption":"narteks.net"},"image":{"@id":"https:\/\/narteks.net\/#\/schema\/logo\/image\/"},"sameAs":["https:\/\/x.com\/narteks","https:\/\/instagram.com\/narteksnet"]},{"@type":"Person","@id":"https:\/\/narteks.net\/#\/schema\/person\/61f37d9834294b72d31d274e7ed79bca","name":"Tar\u0131k","image":{"@type":"ImageObject","inLanguage":"tr","@id":"https:\/\/narteks.net\/#\/schema\/person\/image\/","url":"https:\/\/secure.gravatar.com\/avatar\/50865afb55632c4ae467e0af0930f6510aa2297d8014be502a55b14f3b7550cf?s=96&d=mm&r=g","contentUrl":"https:\/\/secure.gravatar.com\/avatar\/50865afb55632c4ae467e0af0930f6510aa2297d8014be502a55b14f3b7550cf?s=96&d=mm&r=g","caption":"Tar\u0131k"},"sameAs":["http:\/\/narteks.net"],"url":"https:\/\/narteks.net\/index.php\/author\/narbak\/"}]}},"_links":{"self":[{"href":"https:\/\/narteks.net\/index.php\/wp-json\/wp\/v2\/posts\/81","targetHints":{"allow":["GET"]}}],"collection":[{"href":"https:\/\/narteks.net\/index.php\/wp-json\/wp\/v2\/posts"}],"about":[{"href":"https:\/\/narteks.net\/index.php\/wp-json\/wp\/v2\/types\/post"}],"author":[{"embeddable":true,"href":"https:\/\/narteks.net\/index.php\/wp-json\/wp\/v2\/users\/1"}],"replies":[{"embeddable":true,"href":"https:\/\/narteks.net\/index.php\/wp-json\/wp\/v2\/comments?post=81"}],"version-history":[{"count":0,"href":"https:\/\/narteks.net\/index.php\/wp-json\/wp\/v2\/posts\/81\/revisions"}],"wp:attachment":[{"href":"https:\/\/narteks.net\/index.php\/wp-json\/wp\/v2\/media?parent=81"}],"wp:term":[{"taxonomy":"category","embeddable":true,"href":"https:\/\/narteks.net\/index.php\/wp-json\/wp\/v2\/categories?post=81"},{"taxonomy":"post_tag","embeddable":true,"href":"https:\/\/narteks.net\/index.php\/wp-json\/wp\/v2\/tags?post=81"}],"curies":[{"name":"wp","href":"https:\/\/api.w.org\/{rel}","templated":true}]}}