{"id":82,"date":"2009-02-27T15:09:09","date_gmt":"2009-02-27T12:09:09","guid":{"rendered":"http:\/\/localhost\/wordpress\/2009\/02\/27\/seni-seviyorum\/"},"modified":"2009-02-27T15:09:09","modified_gmt":"2009-02-27T12:09:09","slug":"seni-seviyorum","status":"publish","type":"post","link":"https:\/\/narteks.net\/index.php\/2009\/02\/27\/seni-seviyorum\/","title":{"rendered":"SEN\u0130 SEV\u0130YORUM"},"content":{"rendered":"<p>\u00a0<\/p>\n<p>Seni seviyorum <br \/>\u00e7a\u011flad\u0131k\u00e7a co\u015fan su <br \/>estik\u00e7e dellenen r\u00fczgar <br \/>ekildik\u00e7e ana\u00e7la\u015fan toprak <br \/>\u00f6\u011f\u00fctler bunu bana <\/p>\n<p>seni severken <br \/>t\u00fcrk\u00fcden t\u00fcrk\u00fcye ge\u00e7er \u0131rmak <br \/>toprak yaz ya\u011fmurlar\u0131yla oyna\u015f\u0131r <br \/>\u00f6\u011fle tozlar\u0131yla dolan\u0131r r\u00fczgar ufku <br \/>ad\u0131nla uyar\u0131rlar beni <\/p>\n<p>seni seviyorum <br \/>ba\u011fda \u00e7illenen salk\u0131m <br \/>dalda allanan meyva <br \/>\u00f6tt\u00fck\u00e7e kendini t\u00fcketen kabak\u00e7\u0131 ku\u015fu <br \/>\u00f6\u011f\u00fctler bunu bana <\/p>\n<p>seni severken <br \/>yaz g\u00fcne\u015fi \u015fehvete bo\u011far bah\u00e7eyi <br \/>k\u00fck\u00fcrt adetleriyle solar ba\u011f yapraklar\u0131 <br \/>ball\u0131 incirde ya\u015far -bin bir cilveli- a\u015fklar\u0131n\u0131 <br \/>turun\u00e7 gerdanl\u0131 ku\u015flar <br \/>haberler getirir sa\u011fd\u0131\u00e7lar\u0131m <br \/>g\u00fcl kurusu mektuplar <\/p>\n<p>seni seviyorum <br \/>hayra yorulan d\u00fc\u015fler <br \/>ceviz sand\u0131kta bekarl\u0131\u011f\u0131n\u0131n g\u00fcl sular\u0131 <br \/>ta\u015f yast\u0131klarda z\u00fcmr\u00fct\u00fcanka ku\u015flar\u0131 <br \/>\u00f6\u011f\u00fctler bunu bana<\/p>\n<p>ADNAN \u00d6ZER<\/p>\n","protected":false},"excerpt":{"rendered":"<p>\u00a0 Seni seviyorum \u00e7a\u011flad\u0131k\u00e7a co\u015fan su estik\u00e7e dellenen r\u00fczgar ekildik\u00e7e ana\u00e7la\u015fan toprak \u00f6\u011f\u00fctler bunu bana seni severken t\u00fcrk\u00fcden t\u00fcrk\u00fcye ge\u00e7er \u0131rmak toprak yaz ya\u011fmurlar\u0131yla oyna\u015f\u0131r \u00f6\u011fle tozlar\u0131yla dolan\u0131r r\u00fczgar ufku ad\u0131nla uyar\u0131rlar beni seni seviyorum ba\u011fda \u00e7illenen salk\u0131m dalda allanan meyva \u00f6tt\u00fck\u00e7e kendini t\u00fcketen kabak\u00e7\u0131 ku\u015fu \u00f6\u011f\u00fctler bunu bana seni severken yaz g\u00fcne\u015fi \u015fehvete bo\u011far [&hellip;]<\/p>\n","protected":false},"author":1,"featured_media":0,"comment_status":"open","ping_status":"open","sticky":false,"template":"","format":"standard","meta":{"footnotes":""},"categories":[6],"tags":[],"class_list":{"0":"post-82","1":"post","2":"type-post","3":"status-publish","4":"format-standard","6":"category-adnan-ozer"},"yoast_head":"<!-- This site is optimized with the Yoast SEO Premium plugin v24.9 (Yoast SEO v24.9) - https:\/\/yoast.com\/wordpress\/plugins\/seo\/ -->\n<title>SEN\u0130 SEV\u0130YORUM - narteks.net<\/title>\n<meta name=\"robots\" content=\"index, follow, max-snippet:-1, max-image-preview:large, max-video-preview:-1\" \/>\n<link rel=\"canonical\" href=\"https:\/\/narteks.net\/index.php\/2009\/02\/27\/seni-seviyorum\/\" \/>\n<meta property=\"og:locale\" content=\"tr_TR\" \/>\n<meta property=\"og:type\" content=\"article\" \/>\n<meta property=\"og:title\" content=\"SEN\u0130 SEV\u0130YORUM\" \/>\n<meta property=\"og:description\" content=\"\u00a0 Seni seviyorum \u00e7a\u011flad\u0131k\u00e7a co\u015fan su estik\u00e7e dellenen r\u00fczgar ekildik\u00e7e ana\u00e7la\u015fan toprak \u00f6\u011f\u00fctler bunu bana seni severken t\u00fcrk\u00fcden t\u00fcrk\u00fcye ge\u00e7er \u0131rmak toprak yaz ya\u011fmurlar\u0131yla oyna\u015f\u0131r \u00f6\u011fle tozlar\u0131yla dolan\u0131r r\u00fczgar ufku ad\u0131nla uyar\u0131rlar beni seni seviyorum ba\u011fda \u00e7illenen salk\u0131m dalda allanan meyva \u00f6tt\u00fck\u00e7e kendini t\u00fcketen kabak\u00e7\u0131 ku\u015fu \u00f6\u011f\u00fctler bunu bana seni severken yaz g\u00fcne\u015fi \u015fehvete bo\u011far [&hellip;]\" \/>\n<meta property=\"og:url\" content=\"https:\/\/narteks.net\/index.php\/2009\/02\/27\/seni-seviyorum\/\" \/>\n<meta property=\"og:site_name\" content=\"narteks.net\" \/>\n<meta property=\"article:published_time\" content=\"2009-02-27T12:09:09+00:00\" \/>\n<meta property=\"og:image\" content=\"https:\/\/narteks.net\/wp-content\/uploads\/narteks.png\" \/>\n\t<meta property=\"og:image:width\" content=\"300\" \/>\n\t<meta property=\"og:image:height\" content=\"90\" \/>\n\t<meta property=\"og:image:type\" content=\"image\/png\" \/>\n<meta name=\"author\" content=\"Tar\u0131k\" \/>\n<meta name=\"twitter:card\" content=\"summary_large_image\" \/>\n<meta name=\"twitter:creator\" content=\"@narteks\" \/>\n<meta name=\"twitter:site\" content=\"@narteks\" \/>\n<meta name=\"twitter:label1\" content=\"Yazan:\" \/>\n\t<meta name=\"twitter:data1\" content=\"Tar\u0131k\" \/>\n\t<meta name=\"twitter:label2\" content=\"Tahmini okuma s\u00fcresi\" \/>\n\t<meta name=\"twitter:data2\" content=\"1 dakika\" \/>\n<script type=\"application\/ld+json\" class=\"yoast-schema-graph\">{\"@context\":\"https:\/\/schema.org\",\"@graph\":[{\"@type\":\"Article\",\"@id\":\"https:\/\/narteks.net\/index.php\/2009\/02\/27\/seni-seviyorum\/#article\",\"isPartOf\":{\"@id\":\"https:\/\/narteks.net\/index.php\/2009\/02\/27\/seni-seviyorum\/\"},\"author\":{\"name\":\"Tar\u0131k\",\"@id\":\"https:\/\/narteks.net\/#\/schema\/person\/61f37d9834294b72d31d274e7ed79bca\"},\"headline\":\"SEN\u0130 SEV\u0130YORUM\",\"datePublished\":\"2009-02-27T12:09:09+00:00\",\"mainEntityOfPage\":{\"@id\":\"https:\/\/narteks.net\/index.php\/2009\/02\/27\/seni-seviyorum\/\"},\"wordCount\":150,\"commentCount\":0,\"publisher\":{\"@id\":\"https:\/\/narteks.net\/#organization\"},\"articleSection\":[\"Adnan \u00d6ZER\"],\"inLanguage\":\"tr\",\"potentialAction\":[{\"@type\":\"CommentAction\",\"name\":\"Comment\",\"target\":[\"https:\/\/narteks.net\/index.php\/2009\/02\/27\/seni-seviyorum\/#respond\"]}]},{\"@type\":\"WebPage\",\"@id\":\"https:\/\/narteks.net\/index.php\/2009\/02\/27\/seni-seviyorum\/\",\"url\":\"https:\/\/narteks.net\/index.php\/2009\/02\/27\/seni-seviyorum\/\",\"name\":\"SEN\u0130 SEV\u0130YORUM - narteks.net\",\"isPartOf\":{\"@id\":\"https:\/\/narteks.net\/#website\"},\"datePublished\":\"2009-02-27T12:09:09+00:00\",\"breadcrumb\":{\"@id\":\"https:\/\/narteks.net\/index.php\/2009\/02\/27\/seni-seviyorum\/#breadcrumb\"},\"inLanguage\":\"tr\",\"potentialAction\":[{\"@type\":\"ReadAction\",\"target\":[\"https:\/\/narteks.net\/index.php\/2009\/02\/27\/seni-seviyorum\/\"]}]},{\"@type\":\"BreadcrumbList\",\"@id\":\"https:\/\/narteks.net\/index.php\/2009\/02\/27\/seni-seviyorum\/#breadcrumb\",\"itemListElement\":[{\"@type\":\"ListItem\",\"position\":1,\"name\":\"Anasayfa\",\"item\":\"https:\/\/narteks.net\/\"},{\"@type\":\"ListItem\",\"position\":2,\"name\":\"SEN\u0130 SEV\u0130YORUM\"}]},{\"@type\":\"WebSite\",\"@id\":\"https:\/\/narteks.net\/#website\",\"url\":\"https:\/\/narteks.net\/\",\"name\":\"narteks.net\",\"description\":\"K\u00fclt\u00fcr Sanat Edebiyat Felsefe\",\"publisher\":{\"@id\":\"https:\/\/narteks.net\/#organization\"},\"alternateName\":\"K\u00fclt\u00fcr Sanat Edebiyat Felsefe\",\"potentialAction\":[{\"@type\":\"SearchAction\",\"target\":{\"@type\":\"EntryPoint\",\"urlTemplate\":\"https:\/\/narteks.net\/?s={search_term_string}\"},\"query-input\":{\"@type\":\"PropertyValueSpecification\",\"valueRequired\":true,\"valueName\":\"search_term_string\"}}],\"inLanguage\":\"tr\"},{\"@type\":\"Organization\",\"@id\":\"https:\/\/narteks.net\/#organization\",\"name\":\"narteks.net\",\"url\":\"https:\/\/narteks.net\/\",\"logo\":{\"@type\":\"ImageObject\",\"inLanguage\":\"tr\",\"@id\":\"https:\/\/narteks.net\/#\/schema\/logo\/image\/\",\"url\":\"https:\/\/narteks.net\/wp-content\/uploads\/narteks.png\",\"contentUrl\":\"https:\/\/narteks.net\/wp-content\/uploads\/narteks.png\",\"width\":300,\"height\":90,\"caption\":\"narteks.net\"},\"image\":{\"@id\":\"https:\/\/narteks.net\/#\/schema\/logo\/image\/\"},\"sameAs\":[\"https:\/\/x.com\/narteks\",\"https:\/\/instagram.com\/narteksnet\"]},{\"@type\":\"Person\",\"@id\":\"https:\/\/narteks.net\/#\/schema\/person\/61f37d9834294b72d31d274e7ed79bca\",\"name\":\"Tar\u0131k\",\"image\":{\"@type\":\"ImageObject\",\"inLanguage\":\"tr\",\"@id\":\"https:\/\/narteks.net\/#\/schema\/person\/image\/\",\"url\":\"https:\/\/secure.gravatar.com\/avatar\/50865afb55632c4ae467e0af0930f6510aa2297d8014be502a55b14f3b7550cf?s=96&d=mm&r=g\",\"contentUrl\":\"https:\/\/secure.gravatar.com\/avatar\/50865afb55632c4ae467e0af0930f6510aa2297d8014be502a55b14f3b7550cf?s=96&d=mm&r=g\",\"caption\":\"Tar\u0131k\"},\"sameAs\":[\"http:\/\/narteks.net\"],\"url\":\"https:\/\/narteks.net\/index.php\/author\/narbak\/\"}]}<\/script>\n<!-- \/ Yoast SEO Premium plugin. -->","yoast_head_json":{"title":"SEN\u0130 SEV\u0130YORUM - narteks.net","robots":{"index":"index","follow":"follow","max-snippet":"max-snippet:-1","max-image-preview":"max-image-preview:large","max-video-preview":"max-video-preview:-1"},"canonical":"https:\/\/narteks.net\/index.php\/2009\/02\/27\/seni-seviyorum\/","og_locale":"tr_TR","og_type":"article","og_title":"SEN\u0130 SEV\u0130YORUM","og_description":"\u00a0 Seni seviyorum \u00e7a\u011flad\u0131k\u00e7a co\u015fan su estik\u00e7e dellenen r\u00fczgar ekildik\u00e7e ana\u00e7la\u015fan toprak \u00f6\u011f\u00fctler bunu bana seni severken t\u00fcrk\u00fcden t\u00fcrk\u00fcye ge\u00e7er \u0131rmak toprak yaz ya\u011fmurlar\u0131yla oyna\u015f\u0131r \u00f6\u011fle tozlar\u0131yla dolan\u0131r r\u00fczgar ufku ad\u0131nla uyar\u0131rlar beni seni seviyorum ba\u011fda \u00e7illenen salk\u0131m dalda allanan meyva \u00f6tt\u00fck\u00e7e kendini t\u00fcketen kabak\u00e7\u0131 ku\u015fu \u00f6\u011f\u00fctler bunu bana seni severken yaz g\u00fcne\u015fi \u015fehvete bo\u011far [&hellip;]","og_url":"https:\/\/narteks.net\/index.php\/2009\/02\/27\/seni-seviyorum\/","og_site_name":"narteks.net","article_published_time":"2009-02-27T12:09:09+00:00","og_image":[{"width":300,"height":90,"url":"https:\/\/narteks.net\/wp-content\/uploads\/narteks.png","type":"image\/png"}],"author":"Tar\u0131k","twitter_card":"summary_large_image","twitter_creator":"@narteks","twitter_site":"@narteks","twitter_misc":{"Yazan:":"Tar\u0131k","Tahmini okuma s\u00fcresi":"1 dakika"},"schema":{"@context":"https:\/\/schema.org","@graph":[{"@type":"Article","@id":"https:\/\/narteks.net\/index.php\/2009\/02\/27\/seni-seviyorum\/#article","isPartOf":{"@id":"https:\/\/narteks.net\/index.php\/2009\/02\/27\/seni-seviyorum\/"},"author":{"name":"Tar\u0131k","@id":"https:\/\/narteks.net\/#\/schema\/person\/61f37d9834294b72d31d274e7ed79bca"},"headline":"SEN\u0130 SEV\u0130YORUM","datePublished":"2009-02-27T12:09:09+00:00","mainEntityOfPage":{"@id":"https:\/\/narteks.net\/index.php\/2009\/02\/27\/seni-seviyorum\/"},"wordCount":150,"commentCount":0,"publisher":{"@id":"https:\/\/narteks.net\/#organization"},"articleSection":["Adnan \u00d6ZER"],"inLanguage":"tr","potentialAction":[{"@type":"CommentAction","name":"Comment","target":["https:\/\/narteks.net\/index.php\/2009\/02\/27\/seni-seviyorum\/#respond"]}]},{"@type":"WebPage","@id":"https:\/\/narteks.net\/index.php\/2009\/02\/27\/seni-seviyorum\/","url":"https:\/\/narteks.net\/index.php\/2009\/02\/27\/seni-seviyorum\/","name":"SEN\u0130 SEV\u0130YORUM - narteks.net","isPartOf":{"@id":"https:\/\/narteks.net\/#website"},"datePublished":"2009-02-27T12:09:09+00:00","breadcrumb":{"@id":"https:\/\/narteks.net\/index.php\/2009\/02\/27\/seni-seviyorum\/#breadcrumb"},"inLanguage":"tr","potentialAction":[{"@type":"ReadAction","target":["https:\/\/narteks.net\/index.php\/2009\/02\/27\/seni-seviyorum\/"]}]},{"@type":"BreadcrumbList","@id":"https:\/\/narteks.net\/index.php\/2009\/02\/27\/seni-seviyorum\/#breadcrumb","itemListElement":[{"@type":"ListItem","position":1,"name":"Anasayfa","item":"https:\/\/narteks.net\/"},{"@type":"ListItem","position":2,"name":"SEN\u0130 SEV\u0130YORUM"}]},{"@type":"WebSite","@id":"https:\/\/narteks.net\/#website","url":"https:\/\/narteks.net\/","name":"narteks.net","description":"K\u00fclt\u00fcr Sanat Edebiyat Felsefe","publisher":{"@id":"https:\/\/narteks.net\/#organization"},"alternateName":"K\u00fclt\u00fcr Sanat Edebiyat Felsefe","potentialAction":[{"@type":"SearchAction","target":{"@type":"EntryPoint","urlTemplate":"https:\/\/narteks.net\/?s={search_term_string}"},"query-input":{"@type":"PropertyValueSpecification","valueRequired":true,"valueName":"search_term_string"}}],"inLanguage":"tr"},{"@type":"Organization","@id":"https:\/\/narteks.net\/#organization","name":"narteks.net","url":"https:\/\/narteks.net\/","logo":{"@type":"ImageObject","inLanguage":"tr","@id":"https:\/\/narteks.net\/#\/schema\/logo\/image\/","url":"https:\/\/narteks.net\/wp-content\/uploads\/narteks.png","contentUrl":"https:\/\/narteks.net\/wp-content\/uploads\/narteks.png","width":300,"height":90,"caption":"narteks.net"},"image":{"@id":"https:\/\/narteks.net\/#\/schema\/logo\/image\/"},"sameAs":["https:\/\/x.com\/narteks","https:\/\/instagram.com\/narteksnet"]},{"@type":"Person","@id":"https:\/\/narteks.net\/#\/schema\/person\/61f37d9834294b72d31d274e7ed79bca","name":"Tar\u0131k","image":{"@type":"ImageObject","inLanguage":"tr","@id":"https:\/\/narteks.net\/#\/schema\/person\/image\/","url":"https:\/\/secure.gravatar.com\/avatar\/50865afb55632c4ae467e0af0930f6510aa2297d8014be502a55b14f3b7550cf?s=96&d=mm&r=g","contentUrl":"https:\/\/secure.gravatar.com\/avatar\/50865afb55632c4ae467e0af0930f6510aa2297d8014be502a55b14f3b7550cf?s=96&d=mm&r=g","caption":"Tar\u0131k"},"sameAs":["http:\/\/narteks.net"],"url":"https:\/\/narteks.net\/index.php\/author\/narbak\/"}]}},"_links":{"self":[{"href":"https:\/\/narteks.net\/index.php\/wp-json\/wp\/v2\/posts\/82","targetHints":{"allow":["GET"]}}],"collection":[{"href":"https:\/\/narteks.net\/index.php\/wp-json\/wp\/v2\/posts"}],"about":[{"href":"https:\/\/narteks.net\/index.php\/wp-json\/wp\/v2\/types\/post"}],"author":[{"embeddable":true,"href":"https:\/\/narteks.net\/index.php\/wp-json\/wp\/v2\/users\/1"}],"replies":[{"embeddable":true,"href":"https:\/\/narteks.net\/index.php\/wp-json\/wp\/v2\/comments?post=82"}],"version-history":[{"count":0,"href":"https:\/\/narteks.net\/index.php\/wp-json\/wp\/v2\/posts\/82\/revisions"}],"wp:attachment":[{"href":"https:\/\/narteks.net\/index.php\/wp-json\/wp\/v2\/media?parent=82"}],"wp:term":[{"taxonomy":"category","embeddable":true,"href":"https:\/\/narteks.net\/index.php\/wp-json\/wp\/v2\/categories?post=82"},{"taxonomy":"post_tag","embeddable":true,"href":"https:\/\/narteks.net\/index.php\/wp-json\/wp\/v2\/tags?post=82"}],"curies":[{"name":"wp","href":"https:\/\/api.w.org\/{rel}","templated":true}]}}