{"id":826,"date":"2009-11-02T11:53:18","date_gmt":"2009-11-02T08:53:18","guid":{"rendered":"http:\/\/localhost\/wordpress\/2009\/11\/02\/ne-zaman-geldim-sana\/"},"modified":"2009-11-02T11:53:18","modified_gmt":"2009-11-02T08:53:18","slug":"ne-zaman-geldim-sana","status":"publish","type":"post","link":"https:\/\/narteks.net\/index.php\/2009\/11\/02\/ne-zaman-geldim-sana\/","title":{"rendered":"NE ZAMAN GELD\u0130M SANA"},"content":{"rendered":"<p>\u00a0<\/p>\n<p>B\u00fct\u00fcn gece bir saat t\u0131k\u0131r t\u0131k\u0131r i\u015fledi <br \/> D\u00fc\u015f\u00fcnd\u00fcm b\u00fct\u00fcn gece <br \/> Kurulmu\u015f bir saat gibi. <br \/> Elimde se\u00e7kin bir s\u00f6zc\u00fck demetiyle, <br \/> D\u00fc\u015f\u00fcnd\u00fcm gelip arasam seni. <br \/> B\u00fct\u00fcn gece bir saat t\u0131k\u0131r t\u0131k\u0131r i\u015fledi <\/p>\n<p> Vakti anlamak g\u00fc\u00e7t\u00fc, ama kula\u011f\u0131mdayd\u0131 sesi <br \/> Bir saat suyun dibinde, <br \/> K\u0131vr\u0131mlar \u00e7izen yelkovan\u0131 akrebi. <br \/> Duydum \u00e7ald\u0131 gecenin bir yerinde. <br \/> D\u00fc\u015f m\u00fcyd\u00fc, ger\u00e7ek miydi? <br \/> Vakti anlamak g\u00fc\u00e7t\u00fc, ama kula\u011f\u0131mdayd\u0131 sesi. <\/p>\n<p> Geldim mi sana, yoksa gelmedim mi? <br \/> Ne zaman kapatsam g\u00f6zlerimi, <br \/> Hep o saat dibinde suyun <br \/> Ve ben yan\u0131nda bir gemi le\u015fi. <br \/> Belki hi\u00e7 ya\u015famad\u0131m senin \u00f6znel tarihini. <br \/> Geldim mi sana, yoksa gelmedim mi? <\/p>\n<p> Sen s\u0131rt\u0131na giymedin \u00e7iy tanelerini, <br \/> Avucuma d\u00fc\u015fmedi y\u0131l\u0131n ilk cemresi <br \/> Seni hi\u00e7 g\u00f6rmedim, sana gelmedim, <br \/> \u0130kiye ay\u0131rmad\u0131k biz o tarihi. <br \/> Neden durmuyor \u00f6yleyse dipteki saat? <br \/> Sen s\u0131rt\u0131na giymedin \u00e7iy tanelerini. <\/p>\n<p> An\u0131lard\u0131r bir bat\u0131\u011f\u0131n koruyan g\u00f6vdesini, <br \/> Ac\u0131 verseler bile. <br \/> O saat, o \u00e7arp\u0131k saat duyuracak sesini <br \/> D\u00fc\u015f\u00fcmde, ger\u00e7e\u011fimde <br \/> Sevgiyle kurarak kendi kendini. <br \/> An\u0131lard\u0131r bir bat\u0131\u011f\u0131n koruyan g\u00f6vdesini.<\/p>\n<p>Metin ALTIOK<\/p>\n","protected":false},"excerpt":{"rendered":"<p>\u00a0 B\u00fct\u00fcn gece bir saat t\u0131k\u0131r t\u0131k\u0131r i\u015fledi D\u00fc\u015f\u00fcnd\u00fcm b\u00fct\u00fcn gece Kurulmu\u015f bir saat gibi. Elimde se\u00e7kin bir s\u00f6zc\u00fck demetiyle, D\u00fc\u015f\u00fcnd\u00fcm gelip arasam seni. B\u00fct\u00fcn gece bir saat t\u0131k\u0131r t\u0131k\u0131r i\u015fledi Vakti anlamak g\u00fc\u00e7t\u00fc, ama kula\u011f\u0131mdayd\u0131 sesi Bir saat suyun dibinde, K\u0131vr\u0131mlar \u00e7izen yelkovan\u0131 akrebi. Duydum \u00e7ald\u0131 gecenin bir yerinde. D\u00fc\u015f m\u00fcyd\u00fc, ger\u00e7ek miydi? Vakti [&hellip;]<\/p>\n","protected":false},"author":1,"featured_media":0,"comment_status":"open","ping_status":"open","sticky":false,"template":"","format":"standard","meta":{"footnotes":""},"categories":[23],"tags":[],"class_list":{"0":"post-826","1":"post","2":"type-post","3":"status-publish","4":"format-standard","6":"category-metin-altiok"},"yoast_head":"<!-- This site is optimized with the Yoast SEO Premium plugin v24.9 (Yoast SEO v24.9) - https:\/\/yoast.com\/wordpress\/plugins\/seo\/ -->\n<title>NE ZAMAN GELD\u0130M SANA - narteks.net<\/title>\n<meta name=\"robots\" content=\"index, follow, max-snippet:-1, max-image-preview:large, max-video-preview:-1\" \/>\n<link rel=\"canonical\" href=\"https:\/\/narteks.net\/index.php\/2009\/11\/02\/ne-zaman-geldim-sana\/\" \/>\n<meta property=\"og:locale\" content=\"tr_TR\" \/>\n<meta property=\"og:type\" content=\"article\" \/>\n<meta property=\"og:title\" content=\"NE ZAMAN GELD\u0130M SANA\" \/>\n<meta property=\"og:description\" content=\"\u00a0 B\u00fct\u00fcn gece bir saat t\u0131k\u0131r t\u0131k\u0131r i\u015fledi D\u00fc\u015f\u00fcnd\u00fcm b\u00fct\u00fcn gece Kurulmu\u015f bir saat gibi. Elimde se\u00e7kin bir s\u00f6zc\u00fck demetiyle, D\u00fc\u015f\u00fcnd\u00fcm gelip arasam seni. B\u00fct\u00fcn gece bir saat t\u0131k\u0131r t\u0131k\u0131r i\u015fledi Vakti anlamak g\u00fc\u00e7t\u00fc, ama kula\u011f\u0131mdayd\u0131 sesi Bir saat suyun dibinde, K\u0131vr\u0131mlar \u00e7izen yelkovan\u0131 akrebi. Duydum \u00e7ald\u0131 gecenin bir yerinde. D\u00fc\u015f m\u00fcyd\u00fc, ger\u00e7ek miydi? Vakti [&hellip;]\" \/>\n<meta property=\"og:url\" content=\"https:\/\/narteks.net\/index.php\/2009\/11\/02\/ne-zaman-geldim-sana\/\" \/>\n<meta property=\"og:site_name\" content=\"narteks.net\" \/>\n<meta property=\"article:published_time\" content=\"2009-11-02T08:53:18+00:00\" \/>\n<meta property=\"og:image\" content=\"https:\/\/narteks.net\/wp-content\/uploads\/narteks.png\" \/>\n\t<meta property=\"og:image:width\" content=\"300\" \/>\n\t<meta property=\"og:image:height\" content=\"90\" \/>\n\t<meta property=\"og:image:type\" content=\"image\/png\" \/>\n<meta name=\"author\" content=\"Tar\u0131k\" \/>\n<meta name=\"twitter:card\" content=\"summary_large_image\" \/>\n<meta name=\"twitter:creator\" content=\"@narteks\" \/>\n<meta name=\"twitter:site\" content=\"@narteks\" \/>\n<meta name=\"twitter:label1\" content=\"Yazan:\" \/>\n\t<meta name=\"twitter:data1\" content=\"Tar\u0131k\" \/>\n\t<meta name=\"twitter:label2\" content=\"Tahmini okuma s\u00fcresi\" \/>\n\t<meta name=\"twitter:data2\" content=\"1 dakika\" \/>\n<script type=\"application\/ld+json\" class=\"yoast-schema-graph\">{\"@context\":\"https:\/\/schema.org\",\"@graph\":[{\"@type\":\"Article\",\"@id\":\"https:\/\/narteks.net\/index.php\/2009\/11\/02\/ne-zaman-geldim-sana\/#article\",\"isPartOf\":{\"@id\":\"https:\/\/narteks.net\/index.php\/2009\/11\/02\/ne-zaman-geldim-sana\/\"},\"author\":{\"name\":\"Tar\u0131k\",\"@id\":\"https:\/\/narteks.net\/#\/schema\/person\/61f37d9834294b72d31d274e7ed79bca\"},\"headline\":\"NE ZAMAN GELD\u0130M SANA\",\"datePublished\":\"2009-11-02T08:53:18+00:00\",\"mainEntityOfPage\":{\"@id\":\"https:\/\/narteks.net\/index.php\/2009\/11\/02\/ne-zaman-geldim-sana\/\"},\"wordCount\":213,\"commentCount\":0,\"publisher\":{\"@id\":\"https:\/\/narteks.net\/#organization\"},\"articleSection\":[\"Metin ALTIOK\"],\"inLanguage\":\"tr\",\"potentialAction\":[{\"@type\":\"CommentAction\",\"name\":\"Comment\",\"target\":[\"https:\/\/narteks.net\/index.php\/2009\/11\/02\/ne-zaman-geldim-sana\/#respond\"]}]},{\"@type\":\"WebPage\",\"@id\":\"https:\/\/narteks.net\/index.php\/2009\/11\/02\/ne-zaman-geldim-sana\/\",\"url\":\"https:\/\/narteks.net\/index.php\/2009\/11\/02\/ne-zaman-geldim-sana\/\",\"name\":\"NE ZAMAN GELD\u0130M SANA - narteks.net\",\"isPartOf\":{\"@id\":\"https:\/\/narteks.net\/#website\"},\"datePublished\":\"2009-11-02T08:53:18+00:00\",\"breadcrumb\":{\"@id\":\"https:\/\/narteks.net\/index.php\/2009\/11\/02\/ne-zaman-geldim-sana\/#breadcrumb\"},\"inLanguage\":\"tr\",\"potentialAction\":[{\"@type\":\"ReadAction\",\"target\":[\"https:\/\/narteks.net\/index.php\/2009\/11\/02\/ne-zaman-geldim-sana\/\"]}]},{\"@type\":\"BreadcrumbList\",\"@id\":\"https:\/\/narteks.net\/index.php\/2009\/11\/02\/ne-zaman-geldim-sana\/#breadcrumb\",\"itemListElement\":[{\"@type\":\"ListItem\",\"position\":1,\"name\":\"Anasayfa\",\"item\":\"https:\/\/narteks.net\/\"},{\"@type\":\"ListItem\",\"position\":2,\"name\":\"NE ZAMAN GELD\u0130M SANA\"}]},{\"@type\":\"WebSite\",\"@id\":\"https:\/\/narteks.net\/#website\",\"url\":\"https:\/\/narteks.net\/\",\"name\":\"narteks.net\",\"description\":\"K\u00fclt\u00fcr Sanat Edebiyat Felsefe\",\"publisher\":{\"@id\":\"https:\/\/narteks.net\/#organization\"},\"alternateName\":\"K\u00fclt\u00fcr Sanat Edebiyat Felsefe\",\"potentialAction\":[{\"@type\":\"SearchAction\",\"target\":{\"@type\":\"EntryPoint\",\"urlTemplate\":\"https:\/\/narteks.net\/?s={search_term_string}\"},\"query-input\":{\"@type\":\"PropertyValueSpecification\",\"valueRequired\":true,\"valueName\":\"search_term_string\"}}],\"inLanguage\":\"tr\"},{\"@type\":\"Organization\",\"@id\":\"https:\/\/narteks.net\/#organization\",\"name\":\"narteks.net\",\"url\":\"https:\/\/narteks.net\/\",\"logo\":{\"@type\":\"ImageObject\",\"inLanguage\":\"tr\",\"@id\":\"https:\/\/narteks.net\/#\/schema\/logo\/image\/\",\"url\":\"https:\/\/narteks.net\/wp-content\/uploads\/narteks.png\",\"contentUrl\":\"https:\/\/narteks.net\/wp-content\/uploads\/narteks.png\",\"width\":300,\"height\":90,\"caption\":\"narteks.net\"},\"image\":{\"@id\":\"https:\/\/narteks.net\/#\/schema\/logo\/image\/\"},\"sameAs\":[\"https:\/\/x.com\/narteks\",\"https:\/\/instagram.com\/narteksnet\"]},{\"@type\":\"Person\",\"@id\":\"https:\/\/narteks.net\/#\/schema\/person\/61f37d9834294b72d31d274e7ed79bca\",\"name\":\"Tar\u0131k\",\"image\":{\"@type\":\"ImageObject\",\"inLanguage\":\"tr\",\"@id\":\"https:\/\/narteks.net\/#\/schema\/person\/image\/\",\"url\":\"https:\/\/secure.gravatar.com\/avatar\/50865afb55632c4ae467e0af0930f6510aa2297d8014be502a55b14f3b7550cf?s=96&d=mm&r=g\",\"contentUrl\":\"https:\/\/secure.gravatar.com\/avatar\/50865afb55632c4ae467e0af0930f6510aa2297d8014be502a55b14f3b7550cf?s=96&d=mm&r=g\",\"caption\":\"Tar\u0131k\"},\"sameAs\":[\"http:\/\/narteks.net\"],\"url\":\"https:\/\/narteks.net\/index.php\/author\/narbak\/\"}]}<\/script>\n<!-- \/ Yoast SEO Premium plugin. -->","yoast_head_json":{"title":"NE ZAMAN GELD\u0130M SANA - narteks.net","robots":{"index":"index","follow":"follow","max-snippet":"max-snippet:-1","max-image-preview":"max-image-preview:large","max-video-preview":"max-video-preview:-1"},"canonical":"https:\/\/narteks.net\/index.php\/2009\/11\/02\/ne-zaman-geldim-sana\/","og_locale":"tr_TR","og_type":"article","og_title":"NE ZAMAN GELD\u0130M SANA","og_description":"\u00a0 B\u00fct\u00fcn gece bir saat t\u0131k\u0131r t\u0131k\u0131r i\u015fledi D\u00fc\u015f\u00fcnd\u00fcm b\u00fct\u00fcn gece Kurulmu\u015f bir saat gibi. Elimde se\u00e7kin bir s\u00f6zc\u00fck demetiyle, D\u00fc\u015f\u00fcnd\u00fcm gelip arasam seni. B\u00fct\u00fcn gece bir saat t\u0131k\u0131r t\u0131k\u0131r i\u015fledi Vakti anlamak g\u00fc\u00e7t\u00fc, ama kula\u011f\u0131mdayd\u0131 sesi Bir saat suyun dibinde, K\u0131vr\u0131mlar \u00e7izen yelkovan\u0131 akrebi. Duydum \u00e7ald\u0131 gecenin bir yerinde. D\u00fc\u015f m\u00fcyd\u00fc, ger\u00e7ek miydi? Vakti [&hellip;]","og_url":"https:\/\/narteks.net\/index.php\/2009\/11\/02\/ne-zaman-geldim-sana\/","og_site_name":"narteks.net","article_published_time":"2009-11-02T08:53:18+00:00","og_image":[{"width":300,"height":90,"url":"https:\/\/narteks.net\/wp-content\/uploads\/narteks.png","type":"image\/png"}],"author":"Tar\u0131k","twitter_card":"summary_large_image","twitter_creator":"@narteks","twitter_site":"@narteks","twitter_misc":{"Yazan:":"Tar\u0131k","Tahmini okuma s\u00fcresi":"1 dakika"},"schema":{"@context":"https:\/\/schema.org","@graph":[{"@type":"Article","@id":"https:\/\/narteks.net\/index.php\/2009\/11\/02\/ne-zaman-geldim-sana\/#article","isPartOf":{"@id":"https:\/\/narteks.net\/index.php\/2009\/11\/02\/ne-zaman-geldim-sana\/"},"author":{"name":"Tar\u0131k","@id":"https:\/\/narteks.net\/#\/schema\/person\/61f37d9834294b72d31d274e7ed79bca"},"headline":"NE ZAMAN GELD\u0130M SANA","datePublished":"2009-11-02T08:53:18+00:00","mainEntityOfPage":{"@id":"https:\/\/narteks.net\/index.php\/2009\/11\/02\/ne-zaman-geldim-sana\/"},"wordCount":213,"commentCount":0,"publisher":{"@id":"https:\/\/narteks.net\/#organization"},"articleSection":["Metin ALTIOK"],"inLanguage":"tr","potentialAction":[{"@type":"CommentAction","name":"Comment","target":["https:\/\/narteks.net\/index.php\/2009\/11\/02\/ne-zaman-geldim-sana\/#respond"]}]},{"@type":"WebPage","@id":"https:\/\/narteks.net\/index.php\/2009\/11\/02\/ne-zaman-geldim-sana\/","url":"https:\/\/narteks.net\/index.php\/2009\/11\/02\/ne-zaman-geldim-sana\/","name":"NE ZAMAN GELD\u0130M SANA - narteks.net","isPartOf":{"@id":"https:\/\/narteks.net\/#website"},"datePublished":"2009-11-02T08:53:18+00:00","breadcrumb":{"@id":"https:\/\/narteks.net\/index.php\/2009\/11\/02\/ne-zaman-geldim-sana\/#breadcrumb"},"inLanguage":"tr","potentialAction":[{"@type":"ReadAction","target":["https:\/\/narteks.net\/index.php\/2009\/11\/02\/ne-zaman-geldim-sana\/"]}]},{"@type":"BreadcrumbList","@id":"https:\/\/narteks.net\/index.php\/2009\/11\/02\/ne-zaman-geldim-sana\/#breadcrumb","itemListElement":[{"@type":"ListItem","position":1,"name":"Anasayfa","item":"https:\/\/narteks.net\/"},{"@type":"ListItem","position":2,"name":"NE ZAMAN GELD\u0130M SANA"}]},{"@type":"WebSite","@id":"https:\/\/narteks.net\/#website","url":"https:\/\/narteks.net\/","name":"narteks.net","description":"K\u00fclt\u00fcr Sanat Edebiyat Felsefe","publisher":{"@id":"https:\/\/narteks.net\/#organization"},"alternateName":"K\u00fclt\u00fcr Sanat Edebiyat Felsefe","potentialAction":[{"@type":"SearchAction","target":{"@type":"EntryPoint","urlTemplate":"https:\/\/narteks.net\/?s={search_term_string}"},"query-input":{"@type":"PropertyValueSpecification","valueRequired":true,"valueName":"search_term_string"}}],"inLanguage":"tr"},{"@type":"Organization","@id":"https:\/\/narteks.net\/#organization","name":"narteks.net","url":"https:\/\/narteks.net\/","logo":{"@type":"ImageObject","inLanguage":"tr","@id":"https:\/\/narteks.net\/#\/schema\/logo\/image\/","url":"https:\/\/narteks.net\/wp-content\/uploads\/narteks.png","contentUrl":"https:\/\/narteks.net\/wp-content\/uploads\/narteks.png","width":300,"height":90,"caption":"narteks.net"},"image":{"@id":"https:\/\/narteks.net\/#\/schema\/logo\/image\/"},"sameAs":["https:\/\/x.com\/narteks","https:\/\/instagram.com\/narteksnet"]},{"@type":"Person","@id":"https:\/\/narteks.net\/#\/schema\/person\/61f37d9834294b72d31d274e7ed79bca","name":"Tar\u0131k","image":{"@type":"ImageObject","inLanguage":"tr","@id":"https:\/\/narteks.net\/#\/schema\/person\/image\/","url":"https:\/\/secure.gravatar.com\/avatar\/50865afb55632c4ae467e0af0930f6510aa2297d8014be502a55b14f3b7550cf?s=96&d=mm&r=g","contentUrl":"https:\/\/secure.gravatar.com\/avatar\/50865afb55632c4ae467e0af0930f6510aa2297d8014be502a55b14f3b7550cf?s=96&d=mm&r=g","caption":"Tar\u0131k"},"sameAs":["http:\/\/narteks.net"],"url":"https:\/\/narteks.net\/index.php\/author\/narbak\/"}]}},"_links":{"self":[{"href":"https:\/\/narteks.net\/index.php\/wp-json\/wp\/v2\/posts\/826","targetHints":{"allow":["GET"]}}],"collection":[{"href":"https:\/\/narteks.net\/index.php\/wp-json\/wp\/v2\/posts"}],"about":[{"href":"https:\/\/narteks.net\/index.php\/wp-json\/wp\/v2\/types\/post"}],"author":[{"embeddable":true,"href":"https:\/\/narteks.net\/index.php\/wp-json\/wp\/v2\/users\/1"}],"replies":[{"embeddable":true,"href":"https:\/\/narteks.net\/index.php\/wp-json\/wp\/v2\/comments?post=826"}],"version-history":[{"count":0,"href":"https:\/\/narteks.net\/index.php\/wp-json\/wp\/v2\/posts\/826\/revisions"}],"wp:attachment":[{"href":"https:\/\/narteks.net\/index.php\/wp-json\/wp\/v2\/media?parent=826"}],"wp:term":[{"taxonomy":"category","embeddable":true,"href":"https:\/\/narteks.net\/index.php\/wp-json\/wp\/v2\/categories?post=826"},{"taxonomy":"post_tag","embeddable":true,"href":"https:\/\/narteks.net\/index.php\/wp-json\/wp\/v2\/tags?post=826"}],"curies":[{"name":"wp","href":"https:\/\/api.w.org\/{rel}","templated":true}]}}