{"id":83,"date":"2009-02-27T15:09:48","date_gmt":"2009-02-27T12:09:48","guid":{"rendered":"http:\/\/localhost\/wordpress\/2009\/02\/27\/yeni-sevdalinin-sabahi\/"},"modified":"2009-02-27T15:09:48","modified_gmt":"2009-02-27T12:09:48","slug":"yeni-sevdalinin-sabahi","status":"publish","type":"post","link":"https:\/\/narteks.net\/index.php\/2009\/02\/27\/yeni-sevdalinin-sabahi\/","title":{"rendered":"YEN\u0130 SEVDALININ SABAHI"},"content":{"rendered":"<p>\u00a0<\/p>\n<p>seher vakti <br \/>siliniyor yery\u00fcz\u00fcn\u00fcn s\u00fcrmesi g\u00f6z\u00fcnden <br \/>k\u0131r\u0131l\u0131yor g\u00f6ky\u00fcz\u00fcn\u00fcn camlar\u0131 <br \/>i\u011fneler, \u0131s\u0131r\u0131klarla dolu <br \/>denizin yorgun kollar\u0131 <br \/>\u015fafak <\/p>\n<p>gerdek sabah\u0131n\u0131n pembe gelini <br \/>a\u00e7\u0131yor perdelerini <br \/>yellerin \u00e7i\u011fden kanatlar\u0131 <br \/>\u0131rgal\u0131yor g\u00fclleri, zambaklar\u0131 <\/p>\n<p>uyan\u0131yor delikanl\u0131 <br \/>d\u00fc\u015f\u00fcn\u00fc bitiremeden <br \/>&#8211; a\u015f\u0131\u011f\u0131m <br \/>diyor <br \/>&#8211; yan\u0131\u011f\u0131m <br \/>savurup g\u00f6\u011fs\u00fcn\u00fcn sap\u0131n\u0131 saman\u0131n\u0131<\/p>\n<p>ADNAN \u00d6ZER<\/p>\n","protected":false},"excerpt":{"rendered":"<p>\u00a0 seher vakti siliniyor yery\u00fcz\u00fcn\u00fcn s\u00fcrmesi g\u00f6z\u00fcnden k\u0131r\u0131l\u0131yor g\u00f6ky\u00fcz\u00fcn\u00fcn camlar\u0131 i\u011fneler, \u0131s\u0131r\u0131klarla dolu denizin yorgun kollar\u0131 \u015fafak gerdek sabah\u0131n\u0131n pembe gelini a\u00e7\u0131yor perdelerini yellerin \u00e7i\u011fden kanatlar\u0131 \u0131rgal\u0131yor g\u00fclleri, zambaklar\u0131 uyan\u0131yor delikanl\u0131 d\u00fc\u015f\u00fcn\u00fc bitiremeden &#8211; a\u015f\u0131\u011f\u0131m diyor &#8211; yan\u0131\u011f\u0131m savurup g\u00f6\u011fs\u00fcn\u00fcn sap\u0131n\u0131 saman\u0131n\u0131 ADNAN \u00d6ZER<\/p>\n","protected":false},"author":1,"featured_media":0,"comment_status":"open","ping_status":"open","sticky":false,"template":"","format":"standard","meta":{"footnotes":""},"categories":[6],"tags":[],"class_list":{"0":"post-83","1":"post","2":"type-post","3":"status-publish","4":"format-standard","6":"category-adnan-ozer"},"yoast_head":"<!-- This site is optimized with the Yoast SEO Premium plugin v24.9 (Yoast SEO v24.9) - https:\/\/yoast.com\/wordpress\/plugins\/seo\/ -->\n<title>YEN\u0130 SEVDALININ SABAHI - narteks.net<\/title>\n<meta name=\"robots\" content=\"index, follow, max-snippet:-1, max-image-preview:large, max-video-preview:-1\" \/>\n<link rel=\"canonical\" href=\"https:\/\/narteks.net\/index.php\/2009\/02\/27\/yeni-sevdalinin-sabahi\/\" \/>\n<meta property=\"og:locale\" content=\"tr_TR\" \/>\n<meta property=\"og:type\" content=\"article\" \/>\n<meta property=\"og:title\" content=\"YEN\u0130 SEVDALININ SABAHI\" \/>\n<meta property=\"og:description\" content=\"\u00a0 seher vakti siliniyor yery\u00fcz\u00fcn\u00fcn s\u00fcrmesi g\u00f6z\u00fcnden k\u0131r\u0131l\u0131yor g\u00f6ky\u00fcz\u00fcn\u00fcn camlar\u0131 i\u011fneler, \u0131s\u0131r\u0131klarla dolu denizin yorgun kollar\u0131 \u015fafak gerdek sabah\u0131n\u0131n pembe gelini a\u00e7\u0131yor perdelerini yellerin \u00e7i\u011fden kanatlar\u0131 \u0131rgal\u0131yor g\u00fclleri, zambaklar\u0131 uyan\u0131yor delikanl\u0131 d\u00fc\u015f\u00fcn\u00fc bitiremeden &#8211; a\u015f\u0131\u011f\u0131m diyor &#8211; yan\u0131\u011f\u0131m savurup g\u00f6\u011fs\u00fcn\u00fcn sap\u0131n\u0131 saman\u0131n\u0131 ADNAN \u00d6ZER\" \/>\n<meta property=\"og:url\" content=\"https:\/\/narteks.net\/index.php\/2009\/02\/27\/yeni-sevdalinin-sabahi\/\" \/>\n<meta property=\"og:site_name\" content=\"narteks.net\" \/>\n<meta property=\"article:published_time\" content=\"2009-02-27T12:09:48+00:00\" \/>\n<meta property=\"og:image\" content=\"https:\/\/narteks.net\/wp-content\/uploads\/narteks.png\" \/>\n\t<meta property=\"og:image:width\" content=\"300\" \/>\n\t<meta property=\"og:image:height\" content=\"90\" \/>\n\t<meta property=\"og:image:type\" content=\"image\/png\" \/>\n<meta name=\"author\" content=\"Tar\u0131k\" \/>\n<meta name=\"twitter:card\" content=\"summary_large_image\" \/>\n<meta name=\"twitter:creator\" content=\"@narteks\" \/>\n<meta name=\"twitter:site\" content=\"@narteks\" \/>\n<meta name=\"twitter:label1\" content=\"Yazan:\" \/>\n\t<meta name=\"twitter:data1\" content=\"Tar\u0131k\" \/>\n<script type=\"application\/ld+json\" class=\"yoast-schema-graph\">{\"@context\":\"https:\/\/schema.org\",\"@graph\":[{\"@type\":\"Article\",\"@id\":\"https:\/\/narteks.net\/index.php\/2009\/02\/27\/yeni-sevdalinin-sabahi\/#article\",\"isPartOf\":{\"@id\":\"https:\/\/narteks.net\/index.php\/2009\/02\/27\/yeni-sevdalinin-sabahi\/\"},\"author\":{\"name\":\"Tar\u0131k\",\"@id\":\"https:\/\/narteks.net\/#\/schema\/person\/61f37d9834294b72d31d274e7ed79bca\"},\"headline\":\"YEN\u0130 SEVDALININ SABAHI\",\"datePublished\":\"2009-02-27T12:09:48+00:00\",\"mainEntityOfPage\":{\"@id\":\"https:\/\/narteks.net\/index.php\/2009\/02\/27\/yeni-sevdalinin-sabahi\/\"},\"wordCount\":77,\"commentCount\":0,\"publisher\":{\"@id\":\"https:\/\/narteks.net\/#organization\"},\"articleSection\":[\"Adnan \u00d6ZER\"],\"inLanguage\":\"tr\",\"potentialAction\":[{\"@type\":\"CommentAction\",\"name\":\"Comment\",\"target\":[\"https:\/\/narteks.net\/index.php\/2009\/02\/27\/yeni-sevdalinin-sabahi\/#respond\"]}]},{\"@type\":\"WebPage\",\"@id\":\"https:\/\/narteks.net\/index.php\/2009\/02\/27\/yeni-sevdalinin-sabahi\/\",\"url\":\"https:\/\/narteks.net\/index.php\/2009\/02\/27\/yeni-sevdalinin-sabahi\/\",\"name\":\"YEN\u0130 SEVDALININ SABAHI - narteks.net\",\"isPartOf\":{\"@id\":\"https:\/\/narteks.net\/#website\"},\"datePublished\":\"2009-02-27T12:09:48+00:00\",\"breadcrumb\":{\"@id\":\"https:\/\/narteks.net\/index.php\/2009\/02\/27\/yeni-sevdalinin-sabahi\/#breadcrumb\"},\"inLanguage\":\"tr\",\"potentialAction\":[{\"@type\":\"ReadAction\",\"target\":[\"https:\/\/narteks.net\/index.php\/2009\/02\/27\/yeni-sevdalinin-sabahi\/\"]}]},{\"@type\":\"BreadcrumbList\",\"@id\":\"https:\/\/narteks.net\/index.php\/2009\/02\/27\/yeni-sevdalinin-sabahi\/#breadcrumb\",\"itemListElement\":[{\"@type\":\"ListItem\",\"position\":1,\"name\":\"Anasayfa\",\"item\":\"https:\/\/narteks.net\/\"},{\"@type\":\"ListItem\",\"position\":2,\"name\":\"YEN\u0130 SEVDALININ SABAHI\"}]},{\"@type\":\"WebSite\",\"@id\":\"https:\/\/narteks.net\/#website\",\"url\":\"https:\/\/narteks.net\/\",\"name\":\"narteks.net\",\"description\":\"K\u00fclt\u00fcr Sanat Edebiyat Felsefe\",\"publisher\":{\"@id\":\"https:\/\/narteks.net\/#organization\"},\"alternateName\":\"K\u00fclt\u00fcr Sanat Edebiyat Felsefe\",\"potentialAction\":[{\"@type\":\"SearchAction\",\"target\":{\"@type\":\"EntryPoint\",\"urlTemplate\":\"https:\/\/narteks.net\/?s={search_term_string}\"},\"query-input\":{\"@type\":\"PropertyValueSpecification\",\"valueRequired\":true,\"valueName\":\"search_term_string\"}}],\"inLanguage\":\"tr\"},{\"@type\":\"Organization\",\"@id\":\"https:\/\/narteks.net\/#organization\",\"name\":\"narteks.net\",\"url\":\"https:\/\/narteks.net\/\",\"logo\":{\"@type\":\"ImageObject\",\"inLanguage\":\"tr\",\"@id\":\"https:\/\/narteks.net\/#\/schema\/logo\/image\/\",\"url\":\"https:\/\/narteks.net\/wp-content\/uploads\/narteks.png\",\"contentUrl\":\"https:\/\/narteks.net\/wp-content\/uploads\/narteks.png\",\"width\":300,\"height\":90,\"caption\":\"narteks.net\"},\"image\":{\"@id\":\"https:\/\/narteks.net\/#\/schema\/logo\/image\/\"},\"sameAs\":[\"https:\/\/x.com\/narteks\",\"https:\/\/instagram.com\/narteksnet\"]},{\"@type\":\"Person\",\"@id\":\"https:\/\/narteks.net\/#\/schema\/person\/61f37d9834294b72d31d274e7ed79bca\",\"name\":\"Tar\u0131k\",\"image\":{\"@type\":\"ImageObject\",\"inLanguage\":\"tr\",\"@id\":\"https:\/\/narteks.net\/#\/schema\/person\/image\/\",\"url\":\"https:\/\/secure.gravatar.com\/avatar\/50865afb55632c4ae467e0af0930f6510aa2297d8014be502a55b14f3b7550cf?s=96&d=mm&r=g\",\"contentUrl\":\"https:\/\/secure.gravatar.com\/avatar\/50865afb55632c4ae467e0af0930f6510aa2297d8014be502a55b14f3b7550cf?s=96&d=mm&r=g\",\"caption\":\"Tar\u0131k\"},\"sameAs\":[\"http:\/\/narteks.net\"],\"url\":\"https:\/\/narteks.net\/index.php\/author\/narbak\/\"}]}<\/script>\n<!-- \/ Yoast SEO Premium plugin. -->","yoast_head_json":{"title":"YEN\u0130 SEVDALININ SABAHI - narteks.net","robots":{"index":"index","follow":"follow","max-snippet":"max-snippet:-1","max-image-preview":"max-image-preview:large","max-video-preview":"max-video-preview:-1"},"canonical":"https:\/\/narteks.net\/index.php\/2009\/02\/27\/yeni-sevdalinin-sabahi\/","og_locale":"tr_TR","og_type":"article","og_title":"YEN\u0130 SEVDALININ SABAHI","og_description":"\u00a0 seher vakti siliniyor yery\u00fcz\u00fcn\u00fcn s\u00fcrmesi g\u00f6z\u00fcnden k\u0131r\u0131l\u0131yor g\u00f6ky\u00fcz\u00fcn\u00fcn camlar\u0131 i\u011fneler, \u0131s\u0131r\u0131klarla dolu denizin yorgun kollar\u0131 \u015fafak gerdek sabah\u0131n\u0131n pembe gelini a\u00e7\u0131yor perdelerini yellerin \u00e7i\u011fden kanatlar\u0131 \u0131rgal\u0131yor g\u00fclleri, zambaklar\u0131 uyan\u0131yor delikanl\u0131 d\u00fc\u015f\u00fcn\u00fc bitiremeden &#8211; a\u015f\u0131\u011f\u0131m diyor &#8211; yan\u0131\u011f\u0131m savurup g\u00f6\u011fs\u00fcn\u00fcn sap\u0131n\u0131 saman\u0131n\u0131 ADNAN \u00d6ZER","og_url":"https:\/\/narteks.net\/index.php\/2009\/02\/27\/yeni-sevdalinin-sabahi\/","og_site_name":"narteks.net","article_published_time":"2009-02-27T12:09:48+00:00","og_image":[{"width":300,"height":90,"url":"https:\/\/narteks.net\/wp-content\/uploads\/narteks.png","type":"image\/png"}],"author":"Tar\u0131k","twitter_card":"summary_large_image","twitter_creator":"@narteks","twitter_site":"@narteks","twitter_misc":{"Yazan:":"Tar\u0131k"},"schema":{"@context":"https:\/\/schema.org","@graph":[{"@type":"Article","@id":"https:\/\/narteks.net\/index.php\/2009\/02\/27\/yeni-sevdalinin-sabahi\/#article","isPartOf":{"@id":"https:\/\/narteks.net\/index.php\/2009\/02\/27\/yeni-sevdalinin-sabahi\/"},"author":{"name":"Tar\u0131k","@id":"https:\/\/narteks.net\/#\/schema\/person\/61f37d9834294b72d31d274e7ed79bca"},"headline":"YEN\u0130 SEVDALININ SABAHI","datePublished":"2009-02-27T12:09:48+00:00","mainEntityOfPage":{"@id":"https:\/\/narteks.net\/index.php\/2009\/02\/27\/yeni-sevdalinin-sabahi\/"},"wordCount":77,"commentCount":0,"publisher":{"@id":"https:\/\/narteks.net\/#organization"},"articleSection":["Adnan \u00d6ZER"],"inLanguage":"tr","potentialAction":[{"@type":"CommentAction","name":"Comment","target":["https:\/\/narteks.net\/index.php\/2009\/02\/27\/yeni-sevdalinin-sabahi\/#respond"]}]},{"@type":"WebPage","@id":"https:\/\/narteks.net\/index.php\/2009\/02\/27\/yeni-sevdalinin-sabahi\/","url":"https:\/\/narteks.net\/index.php\/2009\/02\/27\/yeni-sevdalinin-sabahi\/","name":"YEN\u0130 SEVDALININ SABAHI - narteks.net","isPartOf":{"@id":"https:\/\/narteks.net\/#website"},"datePublished":"2009-02-27T12:09:48+00:00","breadcrumb":{"@id":"https:\/\/narteks.net\/index.php\/2009\/02\/27\/yeni-sevdalinin-sabahi\/#breadcrumb"},"inLanguage":"tr","potentialAction":[{"@type":"ReadAction","target":["https:\/\/narteks.net\/index.php\/2009\/02\/27\/yeni-sevdalinin-sabahi\/"]}]},{"@type":"BreadcrumbList","@id":"https:\/\/narteks.net\/index.php\/2009\/02\/27\/yeni-sevdalinin-sabahi\/#breadcrumb","itemListElement":[{"@type":"ListItem","position":1,"name":"Anasayfa","item":"https:\/\/narteks.net\/"},{"@type":"ListItem","position":2,"name":"YEN\u0130 SEVDALININ SABAHI"}]},{"@type":"WebSite","@id":"https:\/\/narteks.net\/#website","url":"https:\/\/narteks.net\/","name":"narteks.net","description":"K\u00fclt\u00fcr Sanat Edebiyat Felsefe","publisher":{"@id":"https:\/\/narteks.net\/#organization"},"alternateName":"K\u00fclt\u00fcr Sanat Edebiyat Felsefe","potentialAction":[{"@type":"SearchAction","target":{"@type":"EntryPoint","urlTemplate":"https:\/\/narteks.net\/?s={search_term_string}"},"query-input":{"@type":"PropertyValueSpecification","valueRequired":true,"valueName":"search_term_string"}}],"inLanguage":"tr"},{"@type":"Organization","@id":"https:\/\/narteks.net\/#organization","name":"narteks.net","url":"https:\/\/narteks.net\/","logo":{"@type":"ImageObject","inLanguage":"tr","@id":"https:\/\/narteks.net\/#\/schema\/logo\/image\/","url":"https:\/\/narteks.net\/wp-content\/uploads\/narteks.png","contentUrl":"https:\/\/narteks.net\/wp-content\/uploads\/narteks.png","width":300,"height":90,"caption":"narteks.net"},"image":{"@id":"https:\/\/narteks.net\/#\/schema\/logo\/image\/"},"sameAs":["https:\/\/x.com\/narteks","https:\/\/instagram.com\/narteksnet"]},{"@type":"Person","@id":"https:\/\/narteks.net\/#\/schema\/person\/61f37d9834294b72d31d274e7ed79bca","name":"Tar\u0131k","image":{"@type":"ImageObject","inLanguage":"tr","@id":"https:\/\/narteks.net\/#\/schema\/person\/image\/","url":"https:\/\/secure.gravatar.com\/avatar\/50865afb55632c4ae467e0af0930f6510aa2297d8014be502a55b14f3b7550cf?s=96&d=mm&r=g","contentUrl":"https:\/\/secure.gravatar.com\/avatar\/50865afb55632c4ae467e0af0930f6510aa2297d8014be502a55b14f3b7550cf?s=96&d=mm&r=g","caption":"Tar\u0131k"},"sameAs":["http:\/\/narteks.net"],"url":"https:\/\/narteks.net\/index.php\/author\/narbak\/"}]}},"_links":{"self":[{"href":"https:\/\/narteks.net\/index.php\/wp-json\/wp\/v2\/posts\/83","targetHints":{"allow":["GET"]}}],"collection":[{"href":"https:\/\/narteks.net\/index.php\/wp-json\/wp\/v2\/posts"}],"about":[{"href":"https:\/\/narteks.net\/index.php\/wp-json\/wp\/v2\/types\/post"}],"author":[{"embeddable":true,"href":"https:\/\/narteks.net\/index.php\/wp-json\/wp\/v2\/users\/1"}],"replies":[{"embeddable":true,"href":"https:\/\/narteks.net\/index.php\/wp-json\/wp\/v2\/comments?post=83"}],"version-history":[{"count":0,"href":"https:\/\/narteks.net\/index.php\/wp-json\/wp\/v2\/posts\/83\/revisions"}],"wp:attachment":[{"href":"https:\/\/narteks.net\/index.php\/wp-json\/wp\/v2\/media?parent=83"}],"wp:term":[{"taxonomy":"category","embeddable":true,"href":"https:\/\/narteks.net\/index.php\/wp-json\/wp\/v2\/categories?post=83"},{"taxonomy":"post_tag","embeddable":true,"href":"https:\/\/narteks.net\/index.php\/wp-json\/wp\/v2\/tags?post=83"}],"curies":[{"name":"wp","href":"https:\/\/api.w.org\/{rel}","templated":true}]}}