{"id":830,"date":"2009-11-02T11:56:03","date_gmt":"2009-11-02T08:56:03","guid":{"rendered":"http:\/\/localhost\/wordpress\/2009\/11\/02\/olumden-konusacaktik\/"},"modified":"2009-11-02T11:56:03","modified_gmt":"2009-11-02T08:56:03","slug":"olumden-konusacaktik","status":"publish","type":"post","link":"https:\/\/narteks.net\/index.php\/2009\/11\/02\/olumden-konusacaktik\/","title":{"rendered":"\u00d6L\u00dcMDEN KONU\u015eACAKTIK"},"content":{"rendered":"<p>\u00a0<\/p>\n<p>Evet s\u0131ras\u0131d\u0131r, \u00f6l\u00fcmden konu\u015facakt\u0131k, <br \/> \u0130ntihar\u0131n ebruli ipli\u011fiyle <br \/> Bir d\u00fc\u011f\u00fcn gecesinde senin <br \/> Yakas\u0131 i\u015flemeli giysinden. <br \/> Kap\u0131 kap\u0131 dola\u015f\u0131p, etamin ve goblen <br \/> \u00d6rt\u00fcler satan boh\u00e7ac\u0131 \u00f6l\u00fcmden. <br \/> Boynuna takt\u0131\u011f\u0131n e\u011fri taneli <br \/> \u0130ki s\u0131ra inciden konu\u015facakt\u0131k, <br \/> Seni \u00fcrk\u00fcten tren sesinden <br \/> Ay\u0131 g\u00f6lgeleyen tekinsiz gecede <br \/> Kar\u015f\u0131m\u0131za apans\u0131z \u00e7\u0131k\u0131veren <br \/> O ihtiyar dilenciden. <\/p>\n<p> Gel \u00f6l\u00fcmden s\u00f6z etmeden \u00f6nce <br \/> Bir \u015feyler i\u00e7elim seninle. <br \/> Bu\u011fulu bir barda\u011f\u0131n i\u00e7inde, <br \/> Buzlu ve limonlu votkayla birlikte <br \/> Konu\u015fal\u0131m \u00f6l\u00fcmden, <br \/> Bir samanyolu olsun masam\u0131z\u0131n \u00fcst\u00fcnde. <br \/> Hadi gel konu\u015fal\u0131m, <br \/> Sulanm\u0131\u015f bir ta\u015fl\u0131\u011f\u0131n serinli\u011finde. <br \/> Ak\u015fam sefalar\u0131 i\u00e7inde, <br \/> Bir masa, birka\u00e7 sandalye <br \/> Ve ikimiz \u00f6l\u00fcmden konu\u015fal\u0131m, <br \/> Senin a\u011fz\u0131nda g\u00fcl, benimkinde menek\u015fe. <\/p>\n<p> Yar\u0131na var m\u0131s\u0131n s\u00f6yle? <br \/> Do\u011facak \u00e7ocu\u011fa, \u00e7\u0131\u011fl\u0131\u011fa, ishak ku\u015funa, <br \/> R\u00fczgar\u0131n savurdu\u011fu tohuma, <br \/> Kava\u011f\u0131n pamu\u011funa var m\u0131s\u0131n, <br \/> Bir a\u011fac\u0131n kav\u0131na, <br \/> Deri de\u011fi\u015ftirmesine y\u0131lan\u0131n, <br \/> Kozadan \u00e7\u0131kan kelebe\u011fe, <br \/> Hatmiye, atkestanesine? <br \/> Hadi gel \u00f6yleyse \u00f6l\u00fcmden konu\u015fal\u0131m. <br \/> Belki de t\u00fcm\u00fcyle ayk\u0131r\u0131d\u0131r ger\u00e7e\u011fe, <br \/> Ama ne olursa olsun biz yine <br \/> \u00d6l\u00fcmden konu\u015fal\u0131m seninle <\/p>\n<p> \u00d6l\u00fcm de vard\u0131r ya\u015fad\u0131\u011f\u0131m\u0131z her \u015feyde. <br \/> Bir bardak \u00e7atlarsa durdu\u011fu yerde, <br \/> Bir a\u015fk ans\u0131z\u0131n biterse, <br \/> Ayna k\u0131r\u0131l\u0131rsa y\u00fcz\u00fcnle birlikte, <br \/> Zaman\u0131d\u0131r konu\u015fman\u0131n \u00f6l\u00fcmden. <br \/> Bir \u00e7i\u00e7ek ola\u011fan\u00fcst\u00fc g\u00fczellikte <br \/> A\u00e7\u0131vermi\u015fse bir sabah, <br \/> Bir topal aksamadan y\u00fcr\u00fcm\u00fc\u015fse, <br \/> Hadi gel \u00f6l\u00fcmden konu\u015fal\u0131m; <br \/> Y\u00fcz\u00fcn\u00fc al basm\u0131\u015f haset\u00e7iden <br \/> Ve onun elindeki kuru de\u011fnek bile <br \/> Filizlenir sevgimizden.<\/p>\n<p>Metin ALTIOK<\/p>\n","protected":false},"excerpt":{"rendered":"<p>\u00a0 Evet s\u0131ras\u0131d\u0131r, \u00f6l\u00fcmden konu\u015facakt\u0131k, \u0130ntihar\u0131n ebruli ipli\u011fiyle Bir d\u00fc\u011f\u00fcn gecesinde senin Yakas\u0131 i\u015flemeli giysinden. Kap\u0131 kap\u0131 dola\u015f\u0131p, etamin ve goblen \u00d6rt\u00fcler satan boh\u00e7ac\u0131 \u00f6l\u00fcmden. Boynuna takt\u0131\u011f\u0131n e\u011fri taneli \u0130ki s\u0131ra inciden konu\u015facakt\u0131k, Seni \u00fcrk\u00fcten tren sesinden Ay\u0131 g\u00f6lgeleyen tekinsiz gecede Kar\u015f\u0131m\u0131za apans\u0131z \u00e7\u0131k\u0131veren O ihtiyar dilenciden. Gel \u00f6l\u00fcmden s\u00f6z etmeden \u00f6nce Bir \u015feyler i\u00e7elim [&hellip;]<\/p>\n","protected":false},"author":1,"featured_media":0,"comment_status":"open","ping_status":"open","sticky":false,"template":"","format":"standard","meta":{"footnotes":""},"categories":[23],"tags":[],"class_list":{"0":"post-830","1":"post","2":"type-post","3":"status-publish","4":"format-standard","6":"category-metin-altiok"},"yoast_head":"<!-- This site is optimized with the Yoast SEO Premium plugin v24.9 (Yoast SEO v24.9) - https:\/\/yoast.com\/wordpress\/plugins\/seo\/ -->\n<title>\u00d6L\u00dcMDEN KONU\u015eACAKTIK - narteks.net<\/title>\n<meta name=\"robots\" content=\"index, follow, max-snippet:-1, max-image-preview:large, max-video-preview:-1\" \/>\n<link rel=\"canonical\" href=\"https:\/\/narteks.net\/index.php\/2009\/11\/02\/olumden-konusacaktik\/\" \/>\n<meta property=\"og:locale\" content=\"tr_TR\" \/>\n<meta property=\"og:type\" content=\"article\" \/>\n<meta property=\"og:title\" content=\"\u00d6L\u00dcMDEN KONU\u015eACAKTIK\" \/>\n<meta property=\"og:description\" content=\"\u00a0 Evet s\u0131ras\u0131d\u0131r, \u00f6l\u00fcmden konu\u015facakt\u0131k, \u0130ntihar\u0131n ebruli ipli\u011fiyle Bir d\u00fc\u011f\u00fcn gecesinde senin Yakas\u0131 i\u015flemeli giysinden. Kap\u0131 kap\u0131 dola\u015f\u0131p, etamin ve goblen \u00d6rt\u00fcler satan boh\u00e7ac\u0131 \u00f6l\u00fcmden. Boynuna takt\u0131\u011f\u0131n e\u011fri taneli \u0130ki s\u0131ra inciden konu\u015facakt\u0131k, Seni \u00fcrk\u00fcten tren sesinden Ay\u0131 g\u00f6lgeleyen tekinsiz gecede Kar\u015f\u0131m\u0131za apans\u0131z \u00e7\u0131k\u0131veren O ihtiyar dilenciden. Gel \u00f6l\u00fcmden s\u00f6z etmeden \u00f6nce Bir \u015feyler i\u00e7elim [&hellip;]\" \/>\n<meta property=\"og:url\" content=\"https:\/\/narteks.net\/index.php\/2009\/11\/02\/olumden-konusacaktik\/\" \/>\n<meta property=\"og:site_name\" content=\"narteks.net\" \/>\n<meta property=\"article:published_time\" content=\"2009-11-02T08:56:03+00:00\" \/>\n<meta property=\"og:image\" content=\"https:\/\/narteks.net\/wp-content\/uploads\/narteks.png\" \/>\n\t<meta property=\"og:image:width\" content=\"300\" \/>\n\t<meta property=\"og:image:height\" content=\"90\" \/>\n\t<meta property=\"og:image:type\" content=\"image\/png\" \/>\n<meta name=\"author\" content=\"Tar\u0131k\" \/>\n<meta name=\"twitter:card\" content=\"summary_large_image\" \/>\n<meta name=\"twitter:creator\" content=\"@narteks\" \/>\n<meta name=\"twitter:site\" content=\"@narteks\" \/>\n<meta name=\"twitter:label1\" content=\"Yazan:\" \/>\n\t<meta name=\"twitter:data1\" content=\"Tar\u0131k\" \/>\n\t<meta name=\"twitter:label2\" content=\"Tahmini okuma s\u00fcresi\" \/>\n\t<meta name=\"twitter:data2\" content=\"2 dakika\" \/>\n<script type=\"application\/ld+json\" class=\"yoast-schema-graph\">{\"@context\":\"https:\/\/schema.org\",\"@graph\":[{\"@type\":\"Article\",\"@id\":\"https:\/\/narteks.net\/index.php\/2009\/11\/02\/olumden-konusacaktik\/#article\",\"isPartOf\":{\"@id\":\"https:\/\/narteks.net\/index.php\/2009\/11\/02\/olumden-konusacaktik\/\"},\"author\":{\"name\":\"Tar\u0131k\",\"@id\":\"https:\/\/narteks.net\/#\/schema\/person\/61f37d9834294b72d31d274e7ed79bca\"},\"headline\":\"\u00d6L\u00dcMDEN KONU\u015eACAKTIK\",\"datePublished\":\"2009-11-02T08:56:03+00:00\",\"mainEntityOfPage\":{\"@id\":\"https:\/\/narteks.net\/index.php\/2009\/11\/02\/olumden-konusacaktik\/\"},\"wordCount\":317,\"commentCount\":0,\"publisher\":{\"@id\":\"https:\/\/narteks.net\/#organization\"},\"articleSection\":[\"Metin ALTIOK\"],\"inLanguage\":\"tr\",\"potentialAction\":[{\"@type\":\"CommentAction\",\"name\":\"Comment\",\"target\":[\"https:\/\/narteks.net\/index.php\/2009\/11\/02\/olumden-konusacaktik\/#respond\"]}]},{\"@type\":\"WebPage\",\"@id\":\"https:\/\/narteks.net\/index.php\/2009\/11\/02\/olumden-konusacaktik\/\",\"url\":\"https:\/\/narteks.net\/index.php\/2009\/11\/02\/olumden-konusacaktik\/\",\"name\":\"\u00d6L\u00dcMDEN KONU\u015eACAKTIK - narteks.net\",\"isPartOf\":{\"@id\":\"https:\/\/narteks.net\/#website\"},\"datePublished\":\"2009-11-02T08:56:03+00:00\",\"breadcrumb\":{\"@id\":\"https:\/\/narteks.net\/index.php\/2009\/11\/02\/olumden-konusacaktik\/#breadcrumb\"},\"inLanguage\":\"tr\",\"potentialAction\":[{\"@type\":\"ReadAction\",\"target\":[\"https:\/\/narteks.net\/index.php\/2009\/11\/02\/olumden-konusacaktik\/\"]}]},{\"@type\":\"BreadcrumbList\",\"@id\":\"https:\/\/narteks.net\/index.php\/2009\/11\/02\/olumden-konusacaktik\/#breadcrumb\",\"itemListElement\":[{\"@type\":\"ListItem\",\"position\":1,\"name\":\"Anasayfa\",\"item\":\"https:\/\/narteks.net\/\"},{\"@type\":\"ListItem\",\"position\":2,\"name\":\"\u00d6L\u00dcMDEN KONU\u015eACAKTIK\"}]},{\"@type\":\"WebSite\",\"@id\":\"https:\/\/narteks.net\/#website\",\"url\":\"https:\/\/narteks.net\/\",\"name\":\"narteks.net\",\"description\":\"K\u00fclt\u00fcr Sanat Edebiyat Felsefe\",\"publisher\":{\"@id\":\"https:\/\/narteks.net\/#organization\"},\"alternateName\":\"K\u00fclt\u00fcr Sanat Edebiyat Felsefe\",\"potentialAction\":[{\"@type\":\"SearchAction\",\"target\":{\"@type\":\"EntryPoint\",\"urlTemplate\":\"https:\/\/narteks.net\/?s={search_term_string}\"},\"query-input\":{\"@type\":\"PropertyValueSpecification\",\"valueRequired\":true,\"valueName\":\"search_term_string\"}}],\"inLanguage\":\"tr\"},{\"@type\":\"Organization\",\"@id\":\"https:\/\/narteks.net\/#organization\",\"name\":\"narteks.net\",\"url\":\"https:\/\/narteks.net\/\",\"logo\":{\"@type\":\"ImageObject\",\"inLanguage\":\"tr\",\"@id\":\"https:\/\/narteks.net\/#\/schema\/logo\/image\/\",\"url\":\"https:\/\/narteks.net\/wp-content\/uploads\/narteks.png\",\"contentUrl\":\"https:\/\/narteks.net\/wp-content\/uploads\/narteks.png\",\"width\":300,\"height\":90,\"caption\":\"narteks.net\"},\"image\":{\"@id\":\"https:\/\/narteks.net\/#\/schema\/logo\/image\/\"},\"sameAs\":[\"https:\/\/x.com\/narteks\",\"https:\/\/instagram.com\/narteksnet\"]},{\"@type\":\"Person\",\"@id\":\"https:\/\/narteks.net\/#\/schema\/person\/61f37d9834294b72d31d274e7ed79bca\",\"name\":\"Tar\u0131k\",\"image\":{\"@type\":\"ImageObject\",\"inLanguage\":\"tr\",\"@id\":\"https:\/\/narteks.net\/#\/schema\/person\/image\/\",\"url\":\"https:\/\/secure.gravatar.com\/avatar\/50865afb55632c4ae467e0af0930f6510aa2297d8014be502a55b14f3b7550cf?s=96&d=mm&r=g\",\"contentUrl\":\"https:\/\/secure.gravatar.com\/avatar\/50865afb55632c4ae467e0af0930f6510aa2297d8014be502a55b14f3b7550cf?s=96&d=mm&r=g\",\"caption\":\"Tar\u0131k\"},\"sameAs\":[\"http:\/\/narteks.net\"],\"url\":\"https:\/\/narteks.net\/index.php\/author\/narbak\/\"}]}<\/script>\n<!-- \/ Yoast SEO Premium plugin. -->","yoast_head_json":{"title":"\u00d6L\u00dcMDEN KONU\u015eACAKTIK - narteks.net","robots":{"index":"index","follow":"follow","max-snippet":"max-snippet:-1","max-image-preview":"max-image-preview:large","max-video-preview":"max-video-preview:-1"},"canonical":"https:\/\/narteks.net\/index.php\/2009\/11\/02\/olumden-konusacaktik\/","og_locale":"tr_TR","og_type":"article","og_title":"\u00d6L\u00dcMDEN KONU\u015eACAKTIK","og_description":"\u00a0 Evet s\u0131ras\u0131d\u0131r, \u00f6l\u00fcmden konu\u015facakt\u0131k, \u0130ntihar\u0131n ebruli ipli\u011fiyle Bir d\u00fc\u011f\u00fcn gecesinde senin Yakas\u0131 i\u015flemeli giysinden. Kap\u0131 kap\u0131 dola\u015f\u0131p, etamin ve goblen \u00d6rt\u00fcler satan boh\u00e7ac\u0131 \u00f6l\u00fcmden. Boynuna takt\u0131\u011f\u0131n e\u011fri taneli \u0130ki s\u0131ra inciden konu\u015facakt\u0131k, Seni \u00fcrk\u00fcten tren sesinden Ay\u0131 g\u00f6lgeleyen tekinsiz gecede Kar\u015f\u0131m\u0131za apans\u0131z \u00e7\u0131k\u0131veren O ihtiyar dilenciden. Gel \u00f6l\u00fcmden s\u00f6z etmeden \u00f6nce Bir \u015feyler i\u00e7elim [&hellip;]","og_url":"https:\/\/narteks.net\/index.php\/2009\/11\/02\/olumden-konusacaktik\/","og_site_name":"narteks.net","article_published_time":"2009-11-02T08:56:03+00:00","og_image":[{"width":300,"height":90,"url":"https:\/\/narteks.net\/wp-content\/uploads\/narteks.png","type":"image\/png"}],"author":"Tar\u0131k","twitter_card":"summary_large_image","twitter_creator":"@narteks","twitter_site":"@narteks","twitter_misc":{"Yazan:":"Tar\u0131k","Tahmini okuma s\u00fcresi":"2 dakika"},"schema":{"@context":"https:\/\/schema.org","@graph":[{"@type":"Article","@id":"https:\/\/narteks.net\/index.php\/2009\/11\/02\/olumden-konusacaktik\/#article","isPartOf":{"@id":"https:\/\/narteks.net\/index.php\/2009\/11\/02\/olumden-konusacaktik\/"},"author":{"name":"Tar\u0131k","@id":"https:\/\/narteks.net\/#\/schema\/person\/61f37d9834294b72d31d274e7ed79bca"},"headline":"\u00d6L\u00dcMDEN KONU\u015eACAKTIK","datePublished":"2009-11-02T08:56:03+00:00","mainEntityOfPage":{"@id":"https:\/\/narteks.net\/index.php\/2009\/11\/02\/olumden-konusacaktik\/"},"wordCount":317,"commentCount":0,"publisher":{"@id":"https:\/\/narteks.net\/#organization"},"articleSection":["Metin ALTIOK"],"inLanguage":"tr","potentialAction":[{"@type":"CommentAction","name":"Comment","target":["https:\/\/narteks.net\/index.php\/2009\/11\/02\/olumden-konusacaktik\/#respond"]}]},{"@type":"WebPage","@id":"https:\/\/narteks.net\/index.php\/2009\/11\/02\/olumden-konusacaktik\/","url":"https:\/\/narteks.net\/index.php\/2009\/11\/02\/olumden-konusacaktik\/","name":"\u00d6L\u00dcMDEN KONU\u015eACAKTIK - narteks.net","isPartOf":{"@id":"https:\/\/narteks.net\/#website"},"datePublished":"2009-11-02T08:56:03+00:00","breadcrumb":{"@id":"https:\/\/narteks.net\/index.php\/2009\/11\/02\/olumden-konusacaktik\/#breadcrumb"},"inLanguage":"tr","potentialAction":[{"@type":"ReadAction","target":["https:\/\/narteks.net\/index.php\/2009\/11\/02\/olumden-konusacaktik\/"]}]},{"@type":"BreadcrumbList","@id":"https:\/\/narteks.net\/index.php\/2009\/11\/02\/olumden-konusacaktik\/#breadcrumb","itemListElement":[{"@type":"ListItem","position":1,"name":"Anasayfa","item":"https:\/\/narteks.net\/"},{"@type":"ListItem","position":2,"name":"\u00d6L\u00dcMDEN KONU\u015eACAKTIK"}]},{"@type":"WebSite","@id":"https:\/\/narteks.net\/#website","url":"https:\/\/narteks.net\/","name":"narteks.net","description":"K\u00fclt\u00fcr Sanat Edebiyat Felsefe","publisher":{"@id":"https:\/\/narteks.net\/#organization"},"alternateName":"K\u00fclt\u00fcr Sanat Edebiyat Felsefe","potentialAction":[{"@type":"SearchAction","target":{"@type":"EntryPoint","urlTemplate":"https:\/\/narteks.net\/?s={search_term_string}"},"query-input":{"@type":"PropertyValueSpecification","valueRequired":true,"valueName":"search_term_string"}}],"inLanguage":"tr"},{"@type":"Organization","@id":"https:\/\/narteks.net\/#organization","name":"narteks.net","url":"https:\/\/narteks.net\/","logo":{"@type":"ImageObject","inLanguage":"tr","@id":"https:\/\/narteks.net\/#\/schema\/logo\/image\/","url":"https:\/\/narteks.net\/wp-content\/uploads\/narteks.png","contentUrl":"https:\/\/narteks.net\/wp-content\/uploads\/narteks.png","width":300,"height":90,"caption":"narteks.net"},"image":{"@id":"https:\/\/narteks.net\/#\/schema\/logo\/image\/"},"sameAs":["https:\/\/x.com\/narteks","https:\/\/instagram.com\/narteksnet"]},{"@type":"Person","@id":"https:\/\/narteks.net\/#\/schema\/person\/61f37d9834294b72d31d274e7ed79bca","name":"Tar\u0131k","image":{"@type":"ImageObject","inLanguage":"tr","@id":"https:\/\/narteks.net\/#\/schema\/person\/image\/","url":"https:\/\/secure.gravatar.com\/avatar\/50865afb55632c4ae467e0af0930f6510aa2297d8014be502a55b14f3b7550cf?s=96&d=mm&r=g","contentUrl":"https:\/\/secure.gravatar.com\/avatar\/50865afb55632c4ae467e0af0930f6510aa2297d8014be502a55b14f3b7550cf?s=96&d=mm&r=g","caption":"Tar\u0131k"},"sameAs":["http:\/\/narteks.net"],"url":"https:\/\/narteks.net\/index.php\/author\/narbak\/"}]}},"_links":{"self":[{"href":"https:\/\/narteks.net\/index.php\/wp-json\/wp\/v2\/posts\/830","targetHints":{"allow":["GET"]}}],"collection":[{"href":"https:\/\/narteks.net\/index.php\/wp-json\/wp\/v2\/posts"}],"about":[{"href":"https:\/\/narteks.net\/index.php\/wp-json\/wp\/v2\/types\/post"}],"author":[{"embeddable":true,"href":"https:\/\/narteks.net\/index.php\/wp-json\/wp\/v2\/users\/1"}],"replies":[{"embeddable":true,"href":"https:\/\/narteks.net\/index.php\/wp-json\/wp\/v2\/comments?post=830"}],"version-history":[{"count":0,"href":"https:\/\/narteks.net\/index.php\/wp-json\/wp\/v2\/posts\/830\/revisions"}],"wp:attachment":[{"href":"https:\/\/narteks.net\/index.php\/wp-json\/wp\/v2\/media?parent=830"}],"wp:term":[{"taxonomy":"category","embeddable":true,"href":"https:\/\/narteks.net\/index.php\/wp-json\/wp\/v2\/categories?post=830"},{"taxonomy":"post_tag","embeddable":true,"href":"https:\/\/narteks.net\/index.php\/wp-json\/wp\/v2\/tags?post=830"}],"curies":[{"name":"wp","href":"https:\/\/api.w.org\/{rel}","templated":true}]}}