{"id":831,"date":"2009-11-02T11:56:48","date_gmt":"2009-11-02T08:56:48","guid":{"rendered":"http:\/\/localhost\/wordpress\/2009\/11\/02\/ruzgarin-yirtik-yeri\/"},"modified":"2009-11-02T11:56:48","modified_gmt":"2009-11-02T08:56:48","slug":"ruzgarin-yirtik-yeri","status":"publish","type":"post","link":"https:\/\/narteks.net\/index.php\/2009\/11\/02\/ruzgarin-yirtik-yeri\/","title":{"rendered":"R\u00dcZGARIN YIRTIK YER\u0130"},"content":{"rendered":"<p>\u00a0<\/p>\n<p>Sa\u00e7lar\u0131nda \u015fim\u015fek par\u00e7alar\u0131, dilinde k\u0131ra\u011f\u0131, <br \/> Sen kimin yetimisin, <br \/> Kimi bekliyorsun durdu\u011fun yerde? <br \/> Sa\u011f\u0131r bir g\u00fcn\u00fcn sonunda dilsiz bir gece <br \/> Sar\u0131p sarmal\u0131yor seni, <br \/> G\u00f6ky\u00fcz\u00fc g\u0131c\u0131rt\u0131yla kapan\u0131yor \u00fcst\u00fcne. <br \/> Bak \u00f6mr\u00fcn yar\u0131land\u0131, <br \/> Karanl\u0131\u011f\u0131 kullanmay\u0131 \u00f6\u011frenmelisin. <br \/> Yaz\u0131s\u0131 akm\u0131\u015f \u0131slak bir sayfa elinde, <br \/> Yara bere i\u00e7inde morar\u0131yor \u015fiirlerin. <\/p>\n<p> Art\u0131k tutunacak kimsen kalmad\u0131, <br \/> Nas\u0131l biliyorsan \u00f6yle d\u00fc\u011f\u00fcmle zaman\u0131. <br \/> B\u00fct\u00fcn \u00f6l\u00fcmleri g\u00f6r, <br \/> Birini evlat edin kendine. <br \/> Oysa sen, bo\u015f bir kab\u0131n ta\u015f daras\u0131. <br \/> Yine de denkle\u015ftirip gidiyorsun hayat\u0131. <br \/> Tuza\u011fa yem, han\u00e7ere ba\u011f oluyorsun. <br \/> Zehire kat\u0131yorlar seni, \u015fair ne duruyorsun <br \/> Gemilere bin, trenlere atla. <br \/> Kimsenin umursamad\u0131\u011f\u0131, hi\u00e7bir i\u015fe yaramayan <br \/> Kald\u0131r \u015fu gereksiz tan\u0131kl\u0131\u011f\u0131 ortadan. <\/p>\n<p> Ne kadar t\u0131kasan kulaklar\u0131n\u0131, <br \/> Duymamaya \u00e7al\u0131\u015fsan <br \/> G\u00f6\u011fs\u00fcnde bir titre\u015fimdir konu\u015fmalar\u0131. <br \/> G\u00f6rmesen seslerden anl\u0131yorsun. <br \/> Kazd\u0131klar\u0131 \u00e7ukuru, \u00f6rd\u00fckleri duvar\u0131. <br \/> \u00c7ak\u0131l\u0131s\u0131n buzdan \u00e7ivilerle <br \/> Boynu b\u00fck\u00fck bir ha\u00e7\u0131n \u00fcst\u00fcnde. <br \/> Yerde buluyorsun kendini her sabah, <br \/> Yeniden gerilmek \u00fczere, <br \/> Sa\u00e7lar\u0131nda \u015fim\u015fek par\u00e7alar\u0131, dilinde k\u0131ra\u011f\u0131 <br \/> Daha ne bekliyorsun durdu\u011fun yerde? <\/p>\n<p> Katmerli yalan\u0131 g\u00f6rd\u00fcn, yal\u0131nkat ger\u00e7e\u011fi, <br \/> Bilicinin \u00fcrpererek s\u00f6yledi\u011fi <br \/> Sevgi gereksinimlerini g\u00f6rd\u00fcn kimilerinin, <br \/> T\u0131rnaklar\u0131n\u0131 denemek i\u00e7in <br \/> Y\u0131lan\u0131n deri de\u011fi\u015ftirmesini, <br \/> G\u00fcl\u00fc\u015f\u00fcn kurdunu, sine\u011fini g\u00f6z\u00fcn; <br \/> Y\u00fcre\u011finde bir a\u011fa\u00e7 g\u00fcr\u00fclt\u00fcyle devrilirken, <br \/> Aksayarak y\u00fcr\u00fcyen umudun arkas\u0131ndan <br \/> G\u00fcl\u00fcn kanayan h\u00fczn\u00fcn\u00fc g\u00f6rd\u00fcn. <\/p>\n<p> \u0130\u015fte tan\u0131ks\u0131n \u00f6l\u00fcm\u00fcn pazarl\u0131k etti\u011fine <br \/> Toptan ve perakende, <br \/> Pantolon \u00fct\u00fcs\u00fcn\u00fcn keskinli\u011fine, <br \/> Bozulup b\u00fct\u00fcnlenmesine paran\u0131n, <br \/> Mevsimsiz bir \u00e7ocu\u011fun kekre y\u00fcz\u00fcne, <br \/> Yabanc\u0131 i\u015f\u00e7ili\u011fine mart\u0131n\u0131n <br \/> Deniz olmayan bir uzak \u00fclkede, <br \/> Daha binlerce, binlerce \u015feye. <br \/> Yaz bunlar\u0131 ve imzala sana yetecekse. <\/p>\n<p> Bana delik de\u015fik bir y\u00fcrekle <br \/> Pas\u0131 k\u00fcfl\u00fc, \u00e7\u00fcr\u00fcmeyi s\u00f6yle. <br \/> Yang\u0131n yerlerinin katran g\u00f6zya\u015flar\u0131n\u0131, <br \/> Bana g\u00f6\u00e7\u00fc\u011f\u00fcn k\u0131r\u0131k kemiklerini, <br \/> Sanc\u0131s\u0131n\u0131 suyun, r\u00fczgar\u0131n y\u0131rt\u0131k yerini <br \/> Ve bunlardan pay\u0131na d\u00fc\u015feni s\u00f6yle. <br \/> Ne kadar\u0131 kald\u0131 babandan, <br \/> Sen ne ekledin \u00fcst\u00fcne, <br \/> Ac\u0131n\u0131n sana getirdi\u011fi \u00fcrem ne? <br \/> \u015eair bana mutluluktan s\u00f6z etme, <br \/> Beyaz baston kullanan bir dille. <\/p>\n<p> \u0130\u015fte tan\u0131ks\u0131n daha nelere? <br \/> Testi g\u00f6m\u00fcyorlar g\u00f6\u011fs\u00fcne eskisin diye, <br \/> Ke\u00e7e gibi kimi zaman, parlatmak i\u00e7in <br \/> Bak\u0131r kaplara s\u00fcr\u00fcyorlar seni <br \/> \u015eair hi\u00e7bir tans\u0131k bekleme, <br \/> Dola\u015f y\u0131k\u0131nt\u0131lar, \u00e7\u00f6pl\u00fckler i\u00e7inde, <br \/> Sen ey g\u00fcl\u00fcn\u00e7 ve deli mesih; <br \/> \u00d6lmeyi bilmedi\u011fine g\u00f6re, <br \/> Sa\u00e7lar\u0131nda \u015fim\u015fek par\u00e7alar\u0131, dilinde k\u0131ra\u011f\u0131 <br \/> Peltele\u015fmi\u015f yap\u0131\u015fkan ha\u00e7\u0131n\u0131 <br \/> Isl\u0131k \u00e7alarak sokaklarda s\u00fcr\u00fckle.<\/p>\n<p>Metin ALTIOK<\/p>\n","protected":false},"excerpt":{"rendered":"<p>\u00a0 Sa\u00e7lar\u0131nda \u015fim\u015fek par\u00e7alar\u0131, dilinde k\u0131ra\u011f\u0131, Sen kimin yetimisin, Kimi bekliyorsun durdu\u011fun yerde? Sa\u011f\u0131r bir g\u00fcn\u00fcn sonunda dilsiz bir gece Sar\u0131p sarmal\u0131yor seni, G\u00f6ky\u00fcz\u00fc g\u0131c\u0131rt\u0131yla kapan\u0131yor \u00fcst\u00fcne. Bak \u00f6mr\u00fcn yar\u0131land\u0131, Karanl\u0131\u011f\u0131 kullanmay\u0131 \u00f6\u011frenmelisin. Yaz\u0131s\u0131 akm\u0131\u015f \u0131slak bir sayfa elinde, Yara bere i\u00e7inde morar\u0131yor \u015fiirlerin. Art\u0131k tutunacak kimsen kalmad\u0131, Nas\u0131l biliyorsan \u00f6yle d\u00fc\u011f\u00fcmle zaman\u0131. B\u00fct\u00fcn \u00f6l\u00fcmleri [&hellip;]<\/p>\n","protected":false},"author":1,"featured_media":0,"comment_status":"open","ping_status":"open","sticky":false,"template":"","format":"standard","meta":{"footnotes":""},"categories":[23],"tags":[],"class_list":{"0":"post-831","1":"post","2":"type-post","3":"status-publish","4":"format-standard","6":"category-metin-altiok"},"yoast_head":"<!-- This site is optimized with the Yoast SEO Premium plugin v24.9 (Yoast SEO v24.9) - https:\/\/yoast.com\/wordpress\/plugins\/seo\/ -->\n<title>R\u00dcZGARIN YIRTIK YER\u0130 - narteks.net<\/title>\n<meta name=\"robots\" content=\"index, follow, max-snippet:-1, max-image-preview:large, max-video-preview:-1\" \/>\n<link rel=\"canonical\" href=\"https:\/\/narteks.net\/index.php\/2009\/11\/02\/ruzgarin-yirtik-yeri\/\" \/>\n<meta property=\"og:locale\" content=\"tr_TR\" \/>\n<meta property=\"og:type\" content=\"article\" \/>\n<meta property=\"og:title\" content=\"R\u00dcZGARIN YIRTIK YER\u0130\" \/>\n<meta property=\"og:description\" content=\"\u00a0 Sa\u00e7lar\u0131nda \u015fim\u015fek par\u00e7alar\u0131, dilinde k\u0131ra\u011f\u0131, Sen kimin yetimisin, Kimi bekliyorsun durdu\u011fun yerde? Sa\u011f\u0131r bir g\u00fcn\u00fcn sonunda dilsiz bir gece Sar\u0131p sarmal\u0131yor seni, G\u00f6ky\u00fcz\u00fc g\u0131c\u0131rt\u0131yla kapan\u0131yor \u00fcst\u00fcne. Bak \u00f6mr\u00fcn yar\u0131land\u0131, Karanl\u0131\u011f\u0131 kullanmay\u0131 \u00f6\u011frenmelisin. Yaz\u0131s\u0131 akm\u0131\u015f \u0131slak bir sayfa elinde, Yara bere i\u00e7inde morar\u0131yor \u015fiirlerin. Art\u0131k tutunacak kimsen kalmad\u0131, Nas\u0131l biliyorsan \u00f6yle d\u00fc\u011f\u00fcmle zaman\u0131. B\u00fct\u00fcn \u00f6l\u00fcmleri [&hellip;]\" \/>\n<meta property=\"og:url\" content=\"https:\/\/narteks.net\/index.php\/2009\/11\/02\/ruzgarin-yirtik-yeri\/\" \/>\n<meta property=\"og:site_name\" content=\"narteks.net\" \/>\n<meta property=\"article:published_time\" content=\"2009-11-02T08:56:48+00:00\" \/>\n<meta property=\"og:image\" content=\"https:\/\/narteks.net\/wp-content\/uploads\/narteks.png\" \/>\n\t<meta property=\"og:image:width\" content=\"300\" \/>\n\t<meta property=\"og:image:height\" content=\"90\" \/>\n\t<meta property=\"og:image:type\" content=\"image\/png\" \/>\n<meta name=\"author\" content=\"Tar\u0131k\" \/>\n<meta name=\"twitter:card\" content=\"summary_large_image\" \/>\n<meta name=\"twitter:creator\" content=\"@narteks\" \/>\n<meta name=\"twitter:site\" content=\"@narteks\" \/>\n<meta name=\"twitter:label1\" content=\"Yazan:\" \/>\n\t<meta name=\"twitter:data1\" content=\"Tar\u0131k\" \/>\n\t<meta name=\"twitter:label2\" content=\"Tahmini okuma s\u00fcresi\" \/>\n\t<meta name=\"twitter:data2\" content=\"2 dakika\" \/>\n<script type=\"application\/ld+json\" class=\"yoast-schema-graph\">{\"@context\":\"https:\/\/schema.org\",\"@graph\":[{\"@type\":\"Article\",\"@id\":\"https:\/\/narteks.net\/index.php\/2009\/11\/02\/ruzgarin-yirtik-yeri\/#article\",\"isPartOf\":{\"@id\":\"https:\/\/narteks.net\/index.php\/2009\/11\/02\/ruzgarin-yirtik-yeri\/\"},\"author\":{\"name\":\"Tar\u0131k\",\"@id\":\"https:\/\/narteks.net\/#\/schema\/person\/61f37d9834294b72d31d274e7ed79bca\"},\"headline\":\"R\u00dcZGARIN YIRTIK YER\u0130\",\"datePublished\":\"2009-11-02T08:56:48+00:00\",\"mainEntityOfPage\":{\"@id\":\"https:\/\/narteks.net\/index.php\/2009\/11\/02\/ruzgarin-yirtik-yeri\/\"},\"wordCount\":493,\"commentCount\":0,\"publisher\":{\"@id\":\"https:\/\/narteks.net\/#organization\"},\"articleSection\":[\"Metin ALTIOK\"],\"inLanguage\":\"tr\",\"potentialAction\":[{\"@type\":\"CommentAction\",\"name\":\"Comment\",\"target\":[\"https:\/\/narteks.net\/index.php\/2009\/11\/02\/ruzgarin-yirtik-yeri\/#respond\"]}]},{\"@type\":\"WebPage\",\"@id\":\"https:\/\/narteks.net\/index.php\/2009\/11\/02\/ruzgarin-yirtik-yeri\/\",\"url\":\"https:\/\/narteks.net\/index.php\/2009\/11\/02\/ruzgarin-yirtik-yeri\/\",\"name\":\"R\u00dcZGARIN YIRTIK YER\u0130 - narteks.net\",\"isPartOf\":{\"@id\":\"https:\/\/narteks.net\/#website\"},\"datePublished\":\"2009-11-02T08:56:48+00:00\",\"breadcrumb\":{\"@id\":\"https:\/\/narteks.net\/index.php\/2009\/11\/02\/ruzgarin-yirtik-yeri\/#breadcrumb\"},\"inLanguage\":\"tr\",\"potentialAction\":[{\"@type\":\"ReadAction\",\"target\":[\"https:\/\/narteks.net\/index.php\/2009\/11\/02\/ruzgarin-yirtik-yeri\/\"]}]},{\"@type\":\"BreadcrumbList\",\"@id\":\"https:\/\/narteks.net\/index.php\/2009\/11\/02\/ruzgarin-yirtik-yeri\/#breadcrumb\",\"itemListElement\":[{\"@type\":\"ListItem\",\"position\":1,\"name\":\"Anasayfa\",\"item\":\"https:\/\/narteks.net\/\"},{\"@type\":\"ListItem\",\"position\":2,\"name\":\"R\u00dcZGARIN YIRTIK YER\u0130\"}]},{\"@type\":\"WebSite\",\"@id\":\"https:\/\/narteks.net\/#website\",\"url\":\"https:\/\/narteks.net\/\",\"name\":\"narteks.net\",\"description\":\"K\u00fclt\u00fcr Sanat Edebiyat Felsefe\",\"publisher\":{\"@id\":\"https:\/\/narteks.net\/#organization\"},\"alternateName\":\"K\u00fclt\u00fcr Sanat Edebiyat Felsefe\",\"potentialAction\":[{\"@type\":\"SearchAction\",\"target\":{\"@type\":\"EntryPoint\",\"urlTemplate\":\"https:\/\/narteks.net\/?s={search_term_string}\"},\"query-input\":{\"@type\":\"PropertyValueSpecification\",\"valueRequired\":true,\"valueName\":\"search_term_string\"}}],\"inLanguage\":\"tr\"},{\"@type\":\"Organization\",\"@id\":\"https:\/\/narteks.net\/#organization\",\"name\":\"narteks.net\",\"url\":\"https:\/\/narteks.net\/\",\"logo\":{\"@type\":\"ImageObject\",\"inLanguage\":\"tr\",\"@id\":\"https:\/\/narteks.net\/#\/schema\/logo\/image\/\",\"url\":\"https:\/\/narteks.net\/wp-content\/uploads\/narteks.png\",\"contentUrl\":\"https:\/\/narteks.net\/wp-content\/uploads\/narteks.png\",\"width\":300,\"height\":90,\"caption\":\"narteks.net\"},\"image\":{\"@id\":\"https:\/\/narteks.net\/#\/schema\/logo\/image\/\"},\"sameAs\":[\"https:\/\/x.com\/narteks\",\"https:\/\/instagram.com\/narteksnet\"]},{\"@type\":\"Person\",\"@id\":\"https:\/\/narteks.net\/#\/schema\/person\/61f37d9834294b72d31d274e7ed79bca\",\"name\":\"Tar\u0131k\",\"image\":{\"@type\":\"ImageObject\",\"inLanguage\":\"tr\",\"@id\":\"https:\/\/narteks.net\/#\/schema\/person\/image\/\",\"url\":\"https:\/\/secure.gravatar.com\/avatar\/50865afb55632c4ae467e0af0930f6510aa2297d8014be502a55b14f3b7550cf?s=96&d=mm&r=g\",\"contentUrl\":\"https:\/\/secure.gravatar.com\/avatar\/50865afb55632c4ae467e0af0930f6510aa2297d8014be502a55b14f3b7550cf?s=96&d=mm&r=g\",\"caption\":\"Tar\u0131k\"},\"sameAs\":[\"http:\/\/narteks.net\"],\"url\":\"https:\/\/narteks.net\/index.php\/author\/narbak\/\"}]}<\/script>\n<!-- \/ Yoast SEO Premium plugin. -->","yoast_head_json":{"title":"R\u00dcZGARIN YIRTIK YER\u0130 - narteks.net","robots":{"index":"index","follow":"follow","max-snippet":"max-snippet:-1","max-image-preview":"max-image-preview:large","max-video-preview":"max-video-preview:-1"},"canonical":"https:\/\/narteks.net\/index.php\/2009\/11\/02\/ruzgarin-yirtik-yeri\/","og_locale":"tr_TR","og_type":"article","og_title":"R\u00dcZGARIN YIRTIK YER\u0130","og_description":"\u00a0 Sa\u00e7lar\u0131nda \u015fim\u015fek par\u00e7alar\u0131, dilinde k\u0131ra\u011f\u0131, Sen kimin yetimisin, Kimi bekliyorsun durdu\u011fun yerde? Sa\u011f\u0131r bir g\u00fcn\u00fcn sonunda dilsiz bir gece Sar\u0131p sarmal\u0131yor seni, G\u00f6ky\u00fcz\u00fc g\u0131c\u0131rt\u0131yla kapan\u0131yor \u00fcst\u00fcne. Bak \u00f6mr\u00fcn yar\u0131land\u0131, Karanl\u0131\u011f\u0131 kullanmay\u0131 \u00f6\u011frenmelisin. Yaz\u0131s\u0131 akm\u0131\u015f \u0131slak bir sayfa elinde, Yara bere i\u00e7inde morar\u0131yor \u015fiirlerin. Art\u0131k tutunacak kimsen kalmad\u0131, Nas\u0131l biliyorsan \u00f6yle d\u00fc\u011f\u00fcmle zaman\u0131. B\u00fct\u00fcn \u00f6l\u00fcmleri [&hellip;]","og_url":"https:\/\/narteks.net\/index.php\/2009\/11\/02\/ruzgarin-yirtik-yeri\/","og_site_name":"narteks.net","article_published_time":"2009-11-02T08:56:48+00:00","og_image":[{"width":300,"height":90,"url":"https:\/\/narteks.net\/wp-content\/uploads\/narteks.png","type":"image\/png"}],"author":"Tar\u0131k","twitter_card":"summary_large_image","twitter_creator":"@narteks","twitter_site":"@narteks","twitter_misc":{"Yazan:":"Tar\u0131k","Tahmini okuma s\u00fcresi":"2 dakika"},"schema":{"@context":"https:\/\/schema.org","@graph":[{"@type":"Article","@id":"https:\/\/narteks.net\/index.php\/2009\/11\/02\/ruzgarin-yirtik-yeri\/#article","isPartOf":{"@id":"https:\/\/narteks.net\/index.php\/2009\/11\/02\/ruzgarin-yirtik-yeri\/"},"author":{"name":"Tar\u0131k","@id":"https:\/\/narteks.net\/#\/schema\/person\/61f37d9834294b72d31d274e7ed79bca"},"headline":"R\u00dcZGARIN YIRTIK YER\u0130","datePublished":"2009-11-02T08:56:48+00:00","mainEntityOfPage":{"@id":"https:\/\/narteks.net\/index.php\/2009\/11\/02\/ruzgarin-yirtik-yeri\/"},"wordCount":493,"commentCount":0,"publisher":{"@id":"https:\/\/narteks.net\/#organization"},"articleSection":["Metin ALTIOK"],"inLanguage":"tr","potentialAction":[{"@type":"CommentAction","name":"Comment","target":["https:\/\/narteks.net\/index.php\/2009\/11\/02\/ruzgarin-yirtik-yeri\/#respond"]}]},{"@type":"WebPage","@id":"https:\/\/narteks.net\/index.php\/2009\/11\/02\/ruzgarin-yirtik-yeri\/","url":"https:\/\/narteks.net\/index.php\/2009\/11\/02\/ruzgarin-yirtik-yeri\/","name":"R\u00dcZGARIN YIRTIK YER\u0130 - narteks.net","isPartOf":{"@id":"https:\/\/narteks.net\/#website"},"datePublished":"2009-11-02T08:56:48+00:00","breadcrumb":{"@id":"https:\/\/narteks.net\/index.php\/2009\/11\/02\/ruzgarin-yirtik-yeri\/#breadcrumb"},"inLanguage":"tr","potentialAction":[{"@type":"ReadAction","target":["https:\/\/narteks.net\/index.php\/2009\/11\/02\/ruzgarin-yirtik-yeri\/"]}]},{"@type":"BreadcrumbList","@id":"https:\/\/narteks.net\/index.php\/2009\/11\/02\/ruzgarin-yirtik-yeri\/#breadcrumb","itemListElement":[{"@type":"ListItem","position":1,"name":"Anasayfa","item":"https:\/\/narteks.net\/"},{"@type":"ListItem","position":2,"name":"R\u00dcZGARIN YIRTIK YER\u0130"}]},{"@type":"WebSite","@id":"https:\/\/narteks.net\/#website","url":"https:\/\/narteks.net\/","name":"narteks.net","description":"K\u00fclt\u00fcr Sanat Edebiyat Felsefe","publisher":{"@id":"https:\/\/narteks.net\/#organization"},"alternateName":"K\u00fclt\u00fcr Sanat Edebiyat Felsefe","potentialAction":[{"@type":"SearchAction","target":{"@type":"EntryPoint","urlTemplate":"https:\/\/narteks.net\/?s={search_term_string}"},"query-input":{"@type":"PropertyValueSpecification","valueRequired":true,"valueName":"search_term_string"}}],"inLanguage":"tr"},{"@type":"Organization","@id":"https:\/\/narteks.net\/#organization","name":"narteks.net","url":"https:\/\/narteks.net\/","logo":{"@type":"ImageObject","inLanguage":"tr","@id":"https:\/\/narteks.net\/#\/schema\/logo\/image\/","url":"https:\/\/narteks.net\/wp-content\/uploads\/narteks.png","contentUrl":"https:\/\/narteks.net\/wp-content\/uploads\/narteks.png","width":300,"height":90,"caption":"narteks.net"},"image":{"@id":"https:\/\/narteks.net\/#\/schema\/logo\/image\/"},"sameAs":["https:\/\/x.com\/narteks","https:\/\/instagram.com\/narteksnet"]},{"@type":"Person","@id":"https:\/\/narteks.net\/#\/schema\/person\/61f37d9834294b72d31d274e7ed79bca","name":"Tar\u0131k","image":{"@type":"ImageObject","inLanguage":"tr","@id":"https:\/\/narteks.net\/#\/schema\/person\/image\/","url":"https:\/\/secure.gravatar.com\/avatar\/50865afb55632c4ae467e0af0930f6510aa2297d8014be502a55b14f3b7550cf?s=96&d=mm&r=g","contentUrl":"https:\/\/secure.gravatar.com\/avatar\/50865afb55632c4ae467e0af0930f6510aa2297d8014be502a55b14f3b7550cf?s=96&d=mm&r=g","caption":"Tar\u0131k"},"sameAs":["http:\/\/narteks.net"],"url":"https:\/\/narteks.net\/index.php\/author\/narbak\/"}]}},"_links":{"self":[{"href":"https:\/\/narteks.net\/index.php\/wp-json\/wp\/v2\/posts\/831","targetHints":{"allow":["GET"]}}],"collection":[{"href":"https:\/\/narteks.net\/index.php\/wp-json\/wp\/v2\/posts"}],"about":[{"href":"https:\/\/narteks.net\/index.php\/wp-json\/wp\/v2\/types\/post"}],"author":[{"embeddable":true,"href":"https:\/\/narteks.net\/index.php\/wp-json\/wp\/v2\/users\/1"}],"replies":[{"embeddable":true,"href":"https:\/\/narteks.net\/index.php\/wp-json\/wp\/v2\/comments?post=831"}],"version-history":[{"count":0,"href":"https:\/\/narteks.net\/index.php\/wp-json\/wp\/v2\/posts\/831\/revisions"}],"wp:attachment":[{"href":"https:\/\/narteks.net\/index.php\/wp-json\/wp\/v2\/media?parent=831"}],"wp:term":[{"taxonomy":"category","embeddable":true,"href":"https:\/\/narteks.net\/index.php\/wp-json\/wp\/v2\/categories?post=831"},{"taxonomy":"post_tag","embeddable":true,"href":"https:\/\/narteks.net\/index.php\/wp-json\/wp\/v2\/tags?post=831"}],"curies":[{"name":"wp","href":"https:\/\/api.w.org\/{rel}","templated":true}]}}