{"id":833,"date":"2009-11-02T11:58:02","date_gmt":"2009-11-02T08:58:02","guid":{"rendered":"http:\/\/localhost\/wordpress\/2009\/11\/02\/sesinin-yumusak-kavi\/"},"modified":"2009-11-02T11:58:02","modified_gmt":"2009-11-02T08:58:02","slug":"sesinin-yumusak-kavi","status":"publish","type":"post","link":"https:\/\/narteks.net\/index.php\/2009\/11\/02\/sesinin-yumusak-kavi\/","title":{"rendered":"SES\u0130N\u0130N YUMU\u015eAK KAVI"},"content":{"rendered":"<p>\u00a0<\/p>\n<p>Konu\u015f, durmadan konu\u015f <br \/> Sesinin yumu\u015fak kav\u0131 <br \/> Sevgiyle parlats\u0131n <br \/> B\u00fct\u00fcn anlamlar\u0131. <br \/> \u0130\u015fte bak s\u00f6zc\u00fckler, <br \/> Bekliyorlar s\u0131ralar\u0131n\u0131 <\/p>\n<p> Konu\u015f, durmadan konu\u015f <br \/> K\u00f6p\u00fcrts\u00fcn a\u015fk\u0131 ve hayat\u0131 <br \/> Di\u015flerinin \u0131\u015f\u0131ldayan beyaz\u0131, <br \/> Ad\u0131m da bekliyor unutma, <br \/> Benimle birlikte <br \/> Sesinle birlikte parlat\u0131lmay\u0131<\/p>\n<p>Metin ALTIOK<\/p>\n","protected":false},"excerpt":{"rendered":"<p>\u00a0 Konu\u015f, durmadan konu\u015f Sesinin yumu\u015fak kav\u0131 Sevgiyle parlats\u0131n B\u00fct\u00fcn anlamlar\u0131. \u0130\u015fte bak s\u00f6zc\u00fckler, Bekliyorlar s\u0131ralar\u0131n\u0131 Konu\u015f, durmadan konu\u015f K\u00f6p\u00fcrts\u00fcn a\u015fk\u0131 ve hayat\u0131 Di\u015flerinin \u0131\u015f\u0131ldayan beyaz\u0131, Ad\u0131m da bekliyor unutma, Benimle birlikte Sesinle birlikte parlat\u0131lmay\u0131 Metin ALTIOK<\/p>\n","protected":false},"author":1,"featured_media":0,"comment_status":"open","ping_status":"open","sticky":false,"template":"","format":"standard","meta":{"footnotes":""},"categories":[23],"tags":[],"class_list":{"0":"post-833","1":"post","2":"type-post","3":"status-publish","4":"format-standard","6":"category-metin-altiok"},"yoast_head":"<!-- This site is optimized with the Yoast SEO Premium plugin v24.9 (Yoast SEO v24.9) - https:\/\/yoast.com\/wordpress\/plugins\/seo\/ -->\n<title>SES\u0130N\u0130N YUMU\u015eAK KAVI - narteks.net<\/title>\n<meta name=\"robots\" content=\"index, follow, max-snippet:-1, max-image-preview:large, max-video-preview:-1\" \/>\n<link rel=\"canonical\" href=\"https:\/\/narteks.net\/index.php\/2009\/11\/02\/sesinin-yumusak-kavi\/\" \/>\n<meta property=\"og:locale\" content=\"tr_TR\" \/>\n<meta property=\"og:type\" content=\"article\" \/>\n<meta property=\"og:title\" content=\"SES\u0130N\u0130N YUMU\u015eAK KAVI\" \/>\n<meta property=\"og:description\" content=\"\u00a0 Konu\u015f, durmadan konu\u015f Sesinin yumu\u015fak kav\u0131 Sevgiyle parlats\u0131n B\u00fct\u00fcn anlamlar\u0131. \u0130\u015fte bak s\u00f6zc\u00fckler, Bekliyorlar s\u0131ralar\u0131n\u0131 Konu\u015f, durmadan konu\u015f K\u00f6p\u00fcrts\u00fcn a\u015fk\u0131 ve hayat\u0131 Di\u015flerinin \u0131\u015f\u0131ldayan beyaz\u0131, Ad\u0131m da bekliyor unutma, Benimle birlikte Sesinle birlikte parlat\u0131lmay\u0131 Metin ALTIOK\" \/>\n<meta property=\"og:url\" content=\"https:\/\/narteks.net\/index.php\/2009\/11\/02\/sesinin-yumusak-kavi\/\" \/>\n<meta property=\"og:site_name\" content=\"narteks.net\" \/>\n<meta property=\"article:published_time\" content=\"2009-11-02T08:58:02+00:00\" \/>\n<meta property=\"og:image\" content=\"https:\/\/narteks.net\/wp-content\/uploads\/narteks.png\" \/>\n\t<meta property=\"og:image:width\" content=\"300\" \/>\n\t<meta property=\"og:image:height\" content=\"90\" \/>\n\t<meta property=\"og:image:type\" content=\"image\/png\" \/>\n<meta name=\"author\" content=\"Tar\u0131k\" \/>\n<meta name=\"twitter:card\" content=\"summary_large_image\" \/>\n<meta name=\"twitter:creator\" content=\"@narteks\" \/>\n<meta name=\"twitter:site\" content=\"@narteks\" \/>\n<meta name=\"twitter:label1\" content=\"Yazan:\" \/>\n\t<meta name=\"twitter:data1\" content=\"Tar\u0131k\" \/>\n<script type=\"application\/ld+json\" class=\"yoast-schema-graph\">{\"@context\":\"https:\/\/schema.org\",\"@graph\":[{\"@type\":\"Article\",\"@id\":\"https:\/\/narteks.net\/index.php\/2009\/11\/02\/sesinin-yumusak-kavi\/#article\",\"isPartOf\":{\"@id\":\"https:\/\/narteks.net\/index.php\/2009\/11\/02\/sesinin-yumusak-kavi\/\"},\"author\":{\"name\":\"Tar\u0131k\",\"@id\":\"https:\/\/narteks.net\/#\/schema\/person\/61f37d9834294b72d31d274e7ed79bca\"},\"headline\":\"SES\u0130N\u0130N YUMU\u015eAK KAVI\",\"datePublished\":\"2009-11-02T08:58:02+00:00\",\"mainEntityOfPage\":{\"@id\":\"https:\/\/narteks.net\/index.php\/2009\/11\/02\/sesinin-yumusak-kavi\/\"},\"wordCount\":57,\"commentCount\":0,\"publisher\":{\"@id\":\"https:\/\/narteks.net\/#organization\"},\"articleSection\":[\"Metin ALTIOK\"],\"inLanguage\":\"tr\",\"potentialAction\":[{\"@type\":\"CommentAction\",\"name\":\"Comment\",\"target\":[\"https:\/\/narteks.net\/index.php\/2009\/11\/02\/sesinin-yumusak-kavi\/#respond\"]}]},{\"@type\":\"WebPage\",\"@id\":\"https:\/\/narteks.net\/index.php\/2009\/11\/02\/sesinin-yumusak-kavi\/\",\"url\":\"https:\/\/narteks.net\/index.php\/2009\/11\/02\/sesinin-yumusak-kavi\/\",\"name\":\"SES\u0130N\u0130N YUMU\u015eAK KAVI - narteks.net\",\"isPartOf\":{\"@id\":\"https:\/\/narteks.net\/#website\"},\"datePublished\":\"2009-11-02T08:58:02+00:00\",\"breadcrumb\":{\"@id\":\"https:\/\/narteks.net\/index.php\/2009\/11\/02\/sesinin-yumusak-kavi\/#breadcrumb\"},\"inLanguage\":\"tr\",\"potentialAction\":[{\"@type\":\"ReadAction\",\"target\":[\"https:\/\/narteks.net\/index.php\/2009\/11\/02\/sesinin-yumusak-kavi\/\"]}]},{\"@type\":\"BreadcrumbList\",\"@id\":\"https:\/\/narteks.net\/index.php\/2009\/11\/02\/sesinin-yumusak-kavi\/#breadcrumb\",\"itemListElement\":[{\"@type\":\"ListItem\",\"position\":1,\"name\":\"Anasayfa\",\"item\":\"https:\/\/narteks.net\/\"},{\"@type\":\"ListItem\",\"position\":2,\"name\":\"SES\u0130N\u0130N YUMU\u015eAK KAVI\"}]},{\"@type\":\"WebSite\",\"@id\":\"https:\/\/narteks.net\/#website\",\"url\":\"https:\/\/narteks.net\/\",\"name\":\"narteks.net\",\"description\":\"K\u00fclt\u00fcr Sanat Edebiyat Felsefe\",\"publisher\":{\"@id\":\"https:\/\/narteks.net\/#organization\"},\"alternateName\":\"K\u00fclt\u00fcr Sanat Edebiyat Felsefe\",\"potentialAction\":[{\"@type\":\"SearchAction\",\"target\":{\"@type\":\"EntryPoint\",\"urlTemplate\":\"https:\/\/narteks.net\/?s={search_term_string}\"},\"query-input\":{\"@type\":\"PropertyValueSpecification\",\"valueRequired\":true,\"valueName\":\"search_term_string\"}}],\"inLanguage\":\"tr\"},{\"@type\":\"Organization\",\"@id\":\"https:\/\/narteks.net\/#organization\",\"name\":\"narteks.net\",\"url\":\"https:\/\/narteks.net\/\",\"logo\":{\"@type\":\"ImageObject\",\"inLanguage\":\"tr\",\"@id\":\"https:\/\/narteks.net\/#\/schema\/logo\/image\/\",\"url\":\"https:\/\/narteks.net\/wp-content\/uploads\/narteks.png\",\"contentUrl\":\"https:\/\/narteks.net\/wp-content\/uploads\/narteks.png\",\"width\":300,\"height\":90,\"caption\":\"narteks.net\"},\"image\":{\"@id\":\"https:\/\/narteks.net\/#\/schema\/logo\/image\/\"},\"sameAs\":[\"https:\/\/x.com\/narteks\",\"https:\/\/instagram.com\/narteksnet\"]},{\"@type\":\"Person\",\"@id\":\"https:\/\/narteks.net\/#\/schema\/person\/61f37d9834294b72d31d274e7ed79bca\",\"name\":\"Tar\u0131k\",\"image\":{\"@type\":\"ImageObject\",\"inLanguage\":\"tr\",\"@id\":\"https:\/\/narteks.net\/#\/schema\/person\/image\/\",\"url\":\"https:\/\/secure.gravatar.com\/avatar\/50865afb55632c4ae467e0af0930f6510aa2297d8014be502a55b14f3b7550cf?s=96&d=mm&r=g\",\"contentUrl\":\"https:\/\/secure.gravatar.com\/avatar\/50865afb55632c4ae467e0af0930f6510aa2297d8014be502a55b14f3b7550cf?s=96&d=mm&r=g\",\"caption\":\"Tar\u0131k\"},\"sameAs\":[\"http:\/\/narteks.net\"],\"url\":\"https:\/\/narteks.net\/index.php\/author\/narbak\/\"}]}<\/script>\n<!-- \/ Yoast SEO Premium plugin. -->","yoast_head_json":{"title":"SES\u0130N\u0130N YUMU\u015eAK KAVI - narteks.net","robots":{"index":"index","follow":"follow","max-snippet":"max-snippet:-1","max-image-preview":"max-image-preview:large","max-video-preview":"max-video-preview:-1"},"canonical":"https:\/\/narteks.net\/index.php\/2009\/11\/02\/sesinin-yumusak-kavi\/","og_locale":"tr_TR","og_type":"article","og_title":"SES\u0130N\u0130N YUMU\u015eAK KAVI","og_description":"\u00a0 Konu\u015f, durmadan konu\u015f Sesinin yumu\u015fak kav\u0131 Sevgiyle parlats\u0131n B\u00fct\u00fcn anlamlar\u0131. \u0130\u015fte bak s\u00f6zc\u00fckler, Bekliyorlar s\u0131ralar\u0131n\u0131 Konu\u015f, durmadan konu\u015f K\u00f6p\u00fcrts\u00fcn a\u015fk\u0131 ve hayat\u0131 Di\u015flerinin \u0131\u015f\u0131ldayan beyaz\u0131, Ad\u0131m da bekliyor unutma, Benimle birlikte Sesinle birlikte parlat\u0131lmay\u0131 Metin ALTIOK","og_url":"https:\/\/narteks.net\/index.php\/2009\/11\/02\/sesinin-yumusak-kavi\/","og_site_name":"narteks.net","article_published_time":"2009-11-02T08:58:02+00:00","og_image":[{"width":300,"height":90,"url":"https:\/\/narteks.net\/wp-content\/uploads\/narteks.png","type":"image\/png"}],"author":"Tar\u0131k","twitter_card":"summary_large_image","twitter_creator":"@narteks","twitter_site":"@narteks","twitter_misc":{"Yazan:":"Tar\u0131k"},"schema":{"@context":"https:\/\/schema.org","@graph":[{"@type":"Article","@id":"https:\/\/narteks.net\/index.php\/2009\/11\/02\/sesinin-yumusak-kavi\/#article","isPartOf":{"@id":"https:\/\/narteks.net\/index.php\/2009\/11\/02\/sesinin-yumusak-kavi\/"},"author":{"name":"Tar\u0131k","@id":"https:\/\/narteks.net\/#\/schema\/person\/61f37d9834294b72d31d274e7ed79bca"},"headline":"SES\u0130N\u0130N YUMU\u015eAK KAVI","datePublished":"2009-11-02T08:58:02+00:00","mainEntityOfPage":{"@id":"https:\/\/narteks.net\/index.php\/2009\/11\/02\/sesinin-yumusak-kavi\/"},"wordCount":57,"commentCount":0,"publisher":{"@id":"https:\/\/narteks.net\/#organization"},"articleSection":["Metin ALTIOK"],"inLanguage":"tr","potentialAction":[{"@type":"CommentAction","name":"Comment","target":["https:\/\/narteks.net\/index.php\/2009\/11\/02\/sesinin-yumusak-kavi\/#respond"]}]},{"@type":"WebPage","@id":"https:\/\/narteks.net\/index.php\/2009\/11\/02\/sesinin-yumusak-kavi\/","url":"https:\/\/narteks.net\/index.php\/2009\/11\/02\/sesinin-yumusak-kavi\/","name":"SES\u0130N\u0130N YUMU\u015eAK KAVI - narteks.net","isPartOf":{"@id":"https:\/\/narteks.net\/#website"},"datePublished":"2009-11-02T08:58:02+00:00","breadcrumb":{"@id":"https:\/\/narteks.net\/index.php\/2009\/11\/02\/sesinin-yumusak-kavi\/#breadcrumb"},"inLanguage":"tr","potentialAction":[{"@type":"ReadAction","target":["https:\/\/narteks.net\/index.php\/2009\/11\/02\/sesinin-yumusak-kavi\/"]}]},{"@type":"BreadcrumbList","@id":"https:\/\/narteks.net\/index.php\/2009\/11\/02\/sesinin-yumusak-kavi\/#breadcrumb","itemListElement":[{"@type":"ListItem","position":1,"name":"Anasayfa","item":"https:\/\/narteks.net\/"},{"@type":"ListItem","position":2,"name":"SES\u0130N\u0130N YUMU\u015eAK KAVI"}]},{"@type":"WebSite","@id":"https:\/\/narteks.net\/#website","url":"https:\/\/narteks.net\/","name":"narteks.net","description":"K\u00fclt\u00fcr Sanat Edebiyat Felsefe","publisher":{"@id":"https:\/\/narteks.net\/#organization"},"alternateName":"K\u00fclt\u00fcr Sanat Edebiyat Felsefe","potentialAction":[{"@type":"SearchAction","target":{"@type":"EntryPoint","urlTemplate":"https:\/\/narteks.net\/?s={search_term_string}"},"query-input":{"@type":"PropertyValueSpecification","valueRequired":true,"valueName":"search_term_string"}}],"inLanguage":"tr"},{"@type":"Organization","@id":"https:\/\/narteks.net\/#organization","name":"narteks.net","url":"https:\/\/narteks.net\/","logo":{"@type":"ImageObject","inLanguage":"tr","@id":"https:\/\/narteks.net\/#\/schema\/logo\/image\/","url":"https:\/\/narteks.net\/wp-content\/uploads\/narteks.png","contentUrl":"https:\/\/narteks.net\/wp-content\/uploads\/narteks.png","width":300,"height":90,"caption":"narteks.net"},"image":{"@id":"https:\/\/narteks.net\/#\/schema\/logo\/image\/"},"sameAs":["https:\/\/x.com\/narteks","https:\/\/instagram.com\/narteksnet"]},{"@type":"Person","@id":"https:\/\/narteks.net\/#\/schema\/person\/61f37d9834294b72d31d274e7ed79bca","name":"Tar\u0131k","image":{"@type":"ImageObject","inLanguage":"tr","@id":"https:\/\/narteks.net\/#\/schema\/person\/image\/","url":"https:\/\/secure.gravatar.com\/avatar\/50865afb55632c4ae467e0af0930f6510aa2297d8014be502a55b14f3b7550cf?s=96&d=mm&r=g","contentUrl":"https:\/\/secure.gravatar.com\/avatar\/50865afb55632c4ae467e0af0930f6510aa2297d8014be502a55b14f3b7550cf?s=96&d=mm&r=g","caption":"Tar\u0131k"},"sameAs":["http:\/\/narteks.net"],"url":"https:\/\/narteks.net\/index.php\/author\/narbak\/"}]}},"_links":{"self":[{"href":"https:\/\/narteks.net\/index.php\/wp-json\/wp\/v2\/posts\/833","targetHints":{"allow":["GET"]}}],"collection":[{"href":"https:\/\/narteks.net\/index.php\/wp-json\/wp\/v2\/posts"}],"about":[{"href":"https:\/\/narteks.net\/index.php\/wp-json\/wp\/v2\/types\/post"}],"author":[{"embeddable":true,"href":"https:\/\/narteks.net\/index.php\/wp-json\/wp\/v2\/users\/1"}],"replies":[{"embeddable":true,"href":"https:\/\/narteks.net\/index.php\/wp-json\/wp\/v2\/comments?post=833"}],"version-history":[{"count":0,"href":"https:\/\/narteks.net\/index.php\/wp-json\/wp\/v2\/posts\/833\/revisions"}],"wp:attachment":[{"href":"https:\/\/narteks.net\/index.php\/wp-json\/wp\/v2\/media?parent=833"}],"wp:term":[{"taxonomy":"category","embeddable":true,"href":"https:\/\/narteks.net\/index.php\/wp-json\/wp\/v2\/categories?post=833"},{"taxonomy":"post_tag","embeddable":true,"href":"https:\/\/narteks.net\/index.php\/wp-json\/wp\/v2\/tags?post=833"}],"curies":[{"name":"wp","href":"https:\/\/api.w.org\/{rel}","templated":true}]}}