{"id":844,"date":"2009-11-02T12:04:20","date_gmt":"2009-11-02T09:04:20","guid":{"rendered":"http:\/\/localhost\/wordpress\/2009\/11\/02\/yalnizligin-buzdan-ayi\/"},"modified":"2009-11-02T12:04:20","modified_gmt":"2009-11-02T09:04:20","slug":"yalnizligin-buzdan-ayi","status":"publish","type":"post","link":"https:\/\/narteks.net\/index.php\/2009\/11\/02\/yalnizligin-buzdan-ayi\/","title":{"rendered":"YALNIZLI\u011eIN BUZDAN AYI"},"content":{"rendered":"<p>\u00a0<\/p>\n<p>Islanm\u0131\u015f ta\u015fl\u0131\u011f\u0131nda suskun bir bekleyi\u015fin<br \/> Yutar yaln\u0131zl\u0131\u011f\u0131n buzdan ay\u0131n\u0131,<br \/> Ak\u015famsefalar\u0131 i\u00e7inde karanl\u0131k g\u00f6zlerin.<br \/> D\u00f6ker \u00e7i\u00e7e\u011fini sararan rengiyle,<br \/> Yaral\u0131 bir a\u015fkla se\u011firen derin.<br \/> Ve akl\u0131n seni s\u00fcrg\u00fcne g\u00f6nderir<br \/> Y\u00fcz\u00fcne i\u011freti gelen isminle,<br \/> En yaln\u0131z k\u00f6\u015fesinde donmu\u015f y\u00fcre\u011finin.<\/p>\n<p>Metin ALTIOK<\/p>\n","protected":false},"excerpt":{"rendered":"<p>\u00a0 Islanm\u0131\u015f ta\u015fl\u0131\u011f\u0131nda suskun bir bekleyi\u015fin Yutar yaln\u0131zl\u0131\u011f\u0131n buzdan ay\u0131n\u0131, Ak\u015famsefalar\u0131 i\u00e7inde karanl\u0131k g\u00f6zlerin. D\u00f6ker \u00e7i\u00e7e\u011fini sararan rengiyle, Yaral\u0131 bir a\u015fkla se\u011firen derin. Ve akl\u0131n seni s\u00fcrg\u00fcne g\u00f6nderir Y\u00fcz\u00fcne i\u011freti gelen isminle, En yaln\u0131z k\u00f6\u015fesinde donmu\u015f y\u00fcre\u011finin. Metin ALTIOK<\/p>\n","protected":false},"author":1,"featured_media":0,"comment_status":"open","ping_status":"open","sticky":false,"template":"","format":"standard","meta":{"footnotes":""},"categories":[23],"tags":[],"class_list":{"0":"post-844","1":"post","2":"type-post","3":"status-publish","4":"format-standard","6":"category-metin-altiok"},"yoast_head":"<!-- This site is optimized with the Yoast SEO Premium plugin v24.9 (Yoast SEO v24.9) - https:\/\/yoast.com\/wordpress\/plugins\/seo\/ -->\n<title>YALNIZLI\u011eIN BUZDAN AYI - narteks.net<\/title>\n<meta name=\"robots\" content=\"index, follow, max-snippet:-1, max-image-preview:large, max-video-preview:-1\" \/>\n<link rel=\"canonical\" href=\"https:\/\/narteks.net\/index.php\/2009\/11\/02\/yalnizligin-buzdan-ayi\/\" \/>\n<meta property=\"og:locale\" content=\"tr_TR\" \/>\n<meta property=\"og:type\" content=\"article\" \/>\n<meta property=\"og:title\" content=\"YALNIZLI\u011eIN BUZDAN AYI\" \/>\n<meta property=\"og:description\" content=\"\u00a0 Islanm\u0131\u015f ta\u015fl\u0131\u011f\u0131nda suskun bir bekleyi\u015fin Yutar yaln\u0131zl\u0131\u011f\u0131n buzdan ay\u0131n\u0131, Ak\u015famsefalar\u0131 i\u00e7inde karanl\u0131k g\u00f6zlerin. D\u00f6ker \u00e7i\u00e7e\u011fini sararan rengiyle, Yaral\u0131 bir a\u015fkla se\u011firen derin. Ve akl\u0131n seni s\u00fcrg\u00fcne g\u00f6nderir Y\u00fcz\u00fcne i\u011freti gelen isminle, En yaln\u0131z k\u00f6\u015fesinde donmu\u015f y\u00fcre\u011finin. Metin ALTIOK\" \/>\n<meta property=\"og:url\" content=\"https:\/\/narteks.net\/index.php\/2009\/11\/02\/yalnizligin-buzdan-ayi\/\" \/>\n<meta property=\"og:site_name\" content=\"narteks.net\" \/>\n<meta property=\"article:published_time\" content=\"2009-11-02T09:04:20+00:00\" \/>\n<meta property=\"og:image\" content=\"https:\/\/narteks.net\/wp-content\/uploads\/narteks.png\" \/>\n\t<meta property=\"og:image:width\" content=\"300\" \/>\n\t<meta property=\"og:image:height\" content=\"90\" \/>\n\t<meta property=\"og:image:type\" content=\"image\/png\" \/>\n<meta name=\"author\" content=\"Tar\u0131k\" \/>\n<meta name=\"twitter:card\" content=\"summary_large_image\" \/>\n<meta name=\"twitter:creator\" content=\"@narteks\" \/>\n<meta name=\"twitter:site\" content=\"@narteks\" \/>\n<meta name=\"twitter:label1\" content=\"Yazan:\" \/>\n\t<meta name=\"twitter:data1\" content=\"Tar\u0131k\" \/>\n<script type=\"application\/ld+json\" class=\"yoast-schema-graph\">{\"@context\":\"https:\/\/schema.org\",\"@graph\":[{\"@type\":\"Article\",\"@id\":\"https:\/\/narteks.net\/index.php\/2009\/11\/02\/yalnizligin-buzdan-ayi\/#article\",\"isPartOf\":{\"@id\":\"https:\/\/narteks.net\/index.php\/2009\/11\/02\/yalnizligin-buzdan-ayi\/\"},\"author\":{\"name\":\"Tar\u0131k\",\"@id\":\"https:\/\/narteks.net\/#\/schema\/person\/61f37d9834294b72d31d274e7ed79bca\"},\"headline\":\"YALNIZLI\u011eIN BUZDAN AYI\",\"datePublished\":\"2009-11-02T09:04:20+00:00\",\"mainEntityOfPage\":{\"@id\":\"https:\/\/narteks.net\/index.php\/2009\/11\/02\/yalnizligin-buzdan-ayi\/\"},\"wordCount\":68,\"commentCount\":0,\"publisher\":{\"@id\":\"https:\/\/narteks.net\/#organization\"},\"articleSection\":[\"Metin ALTIOK\"],\"inLanguage\":\"tr\",\"potentialAction\":[{\"@type\":\"CommentAction\",\"name\":\"Comment\",\"target\":[\"https:\/\/narteks.net\/index.php\/2009\/11\/02\/yalnizligin-buzdan-ayi\/#respond\"]}]},{\"@type\":\"WebPage\",\"@id\":\"https:\/\/narteks.net\/index.php\/2009\/11\/02\/yalnizligin-buzdan-ayi\/\",\"url\":\"https:\/\/narteks.net\/index.php\/2009\/11\/02\/yalnizligin-buzdan-ayi\/\",\"name\":\"YALNIZLI\u011eIN BUZDAN AYI - narteks.net\",\"isPartOf\":{\"@id\":\"https:\/\/narteks.net\/#website\"},\"datePublished\":\"2009-11-02T09:04:20+00:00\",\"breadcrumb\":{\"@id\":\"https:\/\/narteks.net\/index.php\/2009\/11\/02\/yalnizligin-buzdan-ayi\/#breadcrumb\"},\"inLanguage\":\"tr\",\"potentialAction\":[{\"@type\":\"ReadAction\",\"target\":[\"https:\/\/narteks.net\/index.php\/2009\/11\/02\/yalnizligin-buzdan-ayi\/\"]}]},{\"@type\":\"BreadcrumbList\",\"@id\":\"https:\/\/narteks.net\/index.php\/2009\/11\/02\/yalnizligin-buzdan-ayi\/#breadcrumb\",\"itemListElement\":[{\"@type\":\"ListItem\",\"position\":1,\"name\":\"Anasayfa\",\"item\":\"https:\/\/narteks.net\/\"},{\"@type\":\"ListItem\",\"position\":2,\"name\":\"YALNIZLI\u011eIN BUZDAN AYI\"}]},{\"@type\":\"WebSite\",\"@id\":\"https:\/\/narteks.net\/#website\",\"url\":\"https:\/\/narteks.net\/\",\"name\":\"narteks.net\",\"description\":\"K\u00fclt\u00fcr Sanat Edebiyat Felsefe\",\"publisher\":{\"@id\":\"https:\/\/narteks.net\/#organization\"},\"alternateName\":\"K\u00fclt\u00fcr Sanat Edebiyat Felsefe\",\"potentialAction\":[{\"@type\":\"SearchAction\",\"target\":{\"@type\":\"EntryPoint\",\"urlTemplate\":\"https:\/\/narteks.net\/?s={search_term_string}\"},\"query-input\":{\"@type\":\"PropertyValueSpecification\",\"valueRequired\":true,\"valueName\":\"search_term_string\"}}],\"inLanguage\":\"tr\"},{\"@type\":\"Organization\",\"@id\":\"https:\/\/narteks.net\/#organization\",\"name\":\"narteks.net\",\"url\":\"https:\/\/narteks.net\/\",\"logo\":{\"@type\":\"ImageObject\",\"inLanguage\":\"tr\",\"@id\":\"https:\/\/narteks.net\/#\/schema\/logo\/image\/\",\"url\":\"https:\/\/narteks.net\/wp-content\/uploads\/narteks.png\",\"contentUrl\":\"https:\/\/narteks.net\/wp-content\/uploads\/narteks.png\",\"width\":300,\"height\":90,\"caption\":\"narteks.net\"},\"image\":{\"@id\":\"https:\/\/narteks.net\/#\/schema\/logo\/image\/\"},\"sameAs\":[\"https:\/\/x.com\/narteks\",\"https:\/\/instagram.com\/narteksnet\"]},{\"@type\":\"Person\",\"@id\":\"https:\/\/narteks.net\/#\/schema\/person\/61f37d9834294b72d31d274e7ed79bca\",\"name\":\"Tar\u0131k\",\"image\":{\"@type\":\"ImageObject\",\"inLanguage\":\"tr\",\"@id\":\"https:\/\/narteks.net\/#\/schema\/person\/image\/\",\"url\":\"https:\/\/secure.gravatar.com\/avatar\/50865afb55632c4ae467e0af0930f6510aa2297d8014be502a55b14f3b7550cf?s=96&d=mm&r=g\",\"contentUrl\":\"https:\/\/secure.gravatar.com\/avatar\/50865afb55632c4ae467e0af0930f6510aa2297d8014be502a55b14f3b7550cf?s=96&d=mm&r=g\",\"caption\":\"Tar\u0131k\"},\"sameAs\":[\"http:\/\/narteks.net\"],\"url\":\"https:\/\/narteks.net\/index.php\/author\/narbak\/\"}]}<\/script>\n<!-- \/ Yoast SEO Premium plugin. -->","yoast_head_json":{"title":"YALNIZLI\u011eIN BUZDAN AYI - narteks.net","robots":{"index":"index","follow":"follow","max-snippet":"max-snippet:-1","max-image-preview":"max-image-preview:large","max-video-preview":"max-video-preview:-1"},"canonical":"https:\/\/narteks.net\/index.php\/2009\/11\/02\/yalnizligin-buzdan-ayi\/","og_locale":"tr_TR","og_type":"article","og_title":"YALNIZLI\u011eIN BUZDAN AYI","og_description":"\u00a0 Islanm\u0131\u015f ta\u015fl\u0131\u011f\u0131nda suskun bir bekleyi\u015fin Yutar yaln\u0131zl\u0131\u011f\u0131n buzdan ay\u0131n\u0131, Ak\u015famsefalar\u0131 i\u00e7inde karanl\u0131k g\u00f6zlerin. D\u00f6ker \u00e7i\u00e7e\u011fini sararan rengiyle, Yaral\u0131 bir a\u015fkla se\u011firen derin. Ve akl\u0131n seni s\u00fcrg\u00fcne g\u00f6nderir Y\u00fcz\u00fcne i\u011freti gelen isminle, En yaln\u0131z k\u00f6\u015fesinde donmu\u015f y\u00fcre\u011finin. Metin ALTIOK","og_url":"https:\/\/narteks.net\/index.php\/2009\/11\/02\/yalnizligin-buzdan-ayi\/","og_site_name":"narteks.net","article_published_time":"2009-11-02T09:04:20+00:00","og_image":[{"width":300,"height":90,"url":"https:\/\/narteks.net\/wp-content\/uploads\/narteks.png","type":"image\/png"}],"author":"Tar\u0131k","twitter_card":"summary_large_image","twitter_creator":"@narteks","twitter_site":"@narteks","twitter_misc":{"Yazan:":"Tar\u0131k"},"schema":{"@context":"https:\/\/schema.org","@graph":[{"@type":"Article","@id":"https:\/\/narteks.net\/index.php\/2009\/11\/02\/yalnizligin-buzdan-ayi\/#article","isPartOf":{"@id":"https:\/\/narteks.net\/index.php\/2009\/11\/02\/yalnizligin-buzdan-ayi\/"},"author":{"name":"Tar\u0131k","@id":"https:\/\/narteks.net\/#\/schema\/person\/61f37d9834294b72d31d274e7ed79bca"},"headline":"YALNIZLI\u011eIN BUZDAN AYI","datePublished":"2009-11-02T09:04:20+00:00","mainEntityOfPage":{"@id":"https:\/\/narteks.net\/index.php\/2009\/11\/02\/yalnizligin-buzdan-ayi\/"},"wordCount":68,"commentCount":0,"publisher":{"@id":"https:\/\/narteks.net\/#organization"},"articleSection":["Metin ALTIOK"],"inLanguage":"tr","potentialAction":[{"@type":"CommentAction","name":"Comment","target":["https:\/\/narteks.net\/index.php\/2009\/11\/02\/yalnizligin-buzdan-ayi\/#respond"]}]},{"@type":"WebPage","@id":"https:\/\/narteks.net\/index.php\/2009\/11\/02\/yalnizligin-buzdan-ayi\/","url":"https:\/\/narteks.net\/index.php\/2009\/11\/02\/yalnizligin-buzdan-ayi\/","name":"YALNIZLI\u011eIN BUZDAN AYI - narteks.net","isPartOf":{"@id":"https:\/\/narteks.net\/#website"},"datePublished":"2009-11-02T09:04:20+00:00","breadcrumb":{"@id":"https:\/\/narteks.net\/index.php\/2009\/11\/02\/yalnizligin-buzdan-ayi\/#breadcrumb"},"inLanguage":"tr","potentialAction":[{"@type":"ReadAction","target":["https:\/\/narteks.net\/index.php\/2009\/11\/02\/yalnizligin-buzdan-ayi\/"]}]},{"@type":"BreadcrumbList","@id":"https:\/\/narteks.net\/index.php\/2009\/11\/02\/yalnizligin-buzdan-ayi\/#breadcrumb","itemListElement":[{"@type":"ListItem","position":1,"name":"Anasayfa","item":"https:\/\/narteks.net\/"},{"@type":"ListItem","position":2,"name":"YALNIZLI\u011eIN BUZDAN AYI"}]},{"@type":"WebSite","@id":"https:\/\/narteks.net\/#website","url":"https:\/\/narteks.net\/","name":"narteks.net","description":"K\u00fclt\u00fcr Sanat Edebiyat Felsefe","publisher":{"@id":"https:\/\/narteks.net\/#organization"},"alternateName":"K\u00fclt\u00fcr Sanat Edebiyat Felsefe","potentialAction":[{"@type":"SearchAction","target":{"@type":"EntryPoint","urlTemplate":"https:\/\/narteks.net\/?s={search_term_string}"},"query-input":{"@type":"PropertyValueSpecification","valueRequired":true,"valueName":"search_term_string"}}],"inLanguage":"tr"},{"@type":"Organization","@id":"https:\/\/narteks.net\/#organization","name":"narteks.net","url":"https:\/\/narteks.net\/","logo":{"@type":"ImageObject","inLanguage":"tr","@id":"https:\/\/narteks.net\/#\/schema\/logo\/image\/","url":"https:\/\/narteks.net\/wp-content\/uploads\/narteks.png","contentUrl":"https:\/\/narteks.net\/wp-content\/uploads\/narteks.png","width":300,"height":90,"caption":"narteks.net"},"image":{"@id":"https:\/\/narteks.net\/#\/schema\/logo\/image\/"},"sameAs":["https:\/\/x.com\/narteks","https:\/\/instagram.com\/narteksnet"]},{"@type":"Person","@id":"https:\/\/narteks.net\/#\/schema\/person\/61f37d9834294b72d31d274e7ed79bca","name":"Tar\u0131k","image":{"@type":"ImageObject","inLanguage":"tr","@id":"https:\/\/narteks.net\/#\/schema\/person\/image\/","url":"https:\/\/secure.gravatar.com\/avatar\/50865afb55632c4ae467e0af0930f6510aa2297d8014be502a55b14f3b7550cf?s=96&d=mm&r=g","contentUrl":"https:\/\/secure.gravatar.com\/avatar\/50865afb55632c4ae467e0af0930f6510aa2297d8014be502a55b14f3b7550cf?s=96&d=mm&r=g","caption":"Tar\u0131k"},"sameAs":["http:\/\/narteks.net"],"url":"https:\/\/narteks.net\/index.php\/author\/narbak\/"}]}},"_links":{"self":[{"href":"https:\/\/narteks.net\/index.php\/wp-json\/wp\/v2\/posts\/844","targetHints":{"allow":["GET"]}}],"collection":[{"href":"https:\/\/narteks.net\/index.php\/wp-json\/wp\/v2\/posts"}],"about":[{"href":"https:\/\/narteks.net\/index.php\/wp-json\/wp\/v2\/types\/post"}],"author":[{"embeddable":true,"href":"https:\/\/narteks.net\/index.php\/wp-json\/wp\/v2\/users\/1"}],"replies":[{"embeddable":true,"href":"https:\/\/narteks.net\/index.php\/wp-json\/wp\/v2\/comments?post=844"}],"version-history":[{"count":0,"href":"https:\/\/narteks.net\/index.php\/wp-json\/wp\/v2\/posts\/844\/revisions"}],"wp:attachment":[{"href":"https:\/\/narteks.net\/index.php\/wp-json\/wp\/v2\/media?parent=844"}],"wp:term":[{"taxonomy":"category","embeddable":true,"href":"https:\/\/narteks.net\/index.php\/wp-json\/wp\/v2\/categories?post=844"},{"taxonomy":"post_tag","embeddable":true,"href":"https:\/\/narteks.net\/index.php\/wp-json\/wp\/v2\/tags?post=844"}],"curies":[{"name":"wp","href":"https:\/\/api.w.org\/{rel}","templated":true}]}}