{"id":851,"date":"2010-05-06T01:00:00","date_gmt":"2010-05-05T22:00:00","guid":{"rendered":"http:\/\/localhost\/wordpress\/2010\/05\/06\/kuracagim-hicbir-sistem-hicbir-zaman-denk-olmayacak-cigliklarima-antonin-artaud\/"},"modified":"2010-05-06T01:00:00","modified_gmt":"2010-05-05T22:00:00","slug":"kuracagim-hicbir-sistem-hicbir-zaman-denk-olmayacak-cigliklarima-antonin-artaud","status":"publish","type":"post","link":"https:\/\/narteks.net\/index.php\/2010\/05\/06\/kuracagim-hicbir-sistem-hicbir-zaman-denk-olmayacak-cigliklarima-antonin-artaud\/","title":{"rendered":"Kuraca\u011f\u0131m hi\u00e7bir sistem, hi\u00e7bir zaman denk olmayacak \u00e7\u0131\u011fl\u0131klar\u0131ma | Antonin Artaud"},"content":{"rendered":"<p style=\"text-align: justify;\"><img loading=\"lazy\" decoding=\"async\" src=\"images\/stories\/aartaud.jpg\" border=\"0\" width=\"155\" height=\"205\" style=\"float: left; border: 0;\" \/>Ya\u015fam\u0131 d\u00fc\u015f\u00fcn\u00fcyorum. Kuraca\u011f\u0131m hi\u00e7bir sistem, hi\u00e7bir zaman denk olmayacak \u00e7\u0131\u011fl\u0131klar\u0131ma: ya\u015fam\u0131n\u0131 yeniden olu\u015fturmaya u\u011fra\u015fan adam\u0131n \u00e7\u0131\u011fl\u0131klar\u0131na. <\/p>\n<p>\u0130\u00e7inde t\u00fcm insanlar\u0131n yer alaca\u011f\u0131 bir sistem d\u00fc\u015fl\u00fcyorum; fiziksel etleri ve y\u00fccelikleriyle, zihinlerinin entelekt\u00fcel izd\u00fc\u015f\u00fcmleriyle. <\/p>\n<p>\u00d6ncelikle g\u00f6z \u00f6n\u00fcnde bulundurmam gereken \u015fey, daha etkili bir anlat\u0131m bulamad\u0131\u011f\u0131mdan &#8216;ya\u015fam g\u00fcc\u00fc&#8217; diye adland\u0131rmak zorunda kald\u0131\u011f\u0131m, ak\u0131l almaz insan \u00e7ekimidir. <\/p>\n<p>Beni ku\u015fatan bu tan\u0131ms\u0131z g\u00fc\u00e7ler. Havsalam\u0131n bir g\u00fcn almak zorunda kalaca\u011f\u0131, bir g\u00fcn daha y\u00fcksek d\u00fc\u015f\u00fcnceyle yer de\u011fi\u015ftirecek olan, bir \u00e7\u0131\u011fl\u0131k bi\u00e7imine sahip bu g\u00fc\u00e7ler. Zihinsel \u00e7\u0131\u011fl\u0131klar vard\u0131r, ili\u011fin maharetinden do\u011fan \u00e7\u0131\u011fl\u0131klar. Etten s\u00f6z ederken bunu anlatmaya \u00e7al\u0131\u015f\u0131yorum. D\u00fc\u015f\u00fcncemi ya\u015fam\u0131mdan ay\u0131rm\u0131yorum. D\u00fc\u015f\u00fcncemin etimdeki patikalar\u0131n\u0131, dilimin her titre\u015fimiyle yeniden katediyorum.<\/p>\n<p style=\"text-align: justify;\">Ki\u015fiyi ya\u015famdan, varolu\u015fun sinirsel yay\u0131l\u0131m\u0131ndan, sinirlerin bilin\u00e7li b\u00fct\u00fcnl\u00fc\u011f\u00fcnden yoksun b\u0131rakmak gerek; ta ki duyunun ve bilimin, ili\u011fin sinirsel canl\u0131l\u0131\u011f\u0131nda sakl\u0131 d\u00fc\u015f\u00fcncelere ili\u015fkin oldu\u011funu ve \u015fu t\u00fcm\u00fcyle zek\u00e2ya ya da salt zihinselli\u011fe iman etmekte olanlar\u0131n nas\u0131l yan\u0131ld\u0131klar\u0131n\u0131 g\u00f6rebilsin. Her \u015feyin \u00f6ncesinde sinirlerin b\u00fct\u00fcnl\u00fc\u011f\u00fc vard\u0131r. B\u00fct\u00fcn bilin\u00e7leri ve ette gizli patikalar\u0131 i\u00e7ine alan bir b\u00fct\u00fcnl\u00fck.<\/p>\n<p style=\"text-align: justify;\">Ama bu et, daha do\u011frusu bu varolu\u015f kuram\u0131na g\u00f6re ben neyim? ya\u015fam\u0131n\u0131 yitirmi\u015f ve her f\u0131rsatta onu yeniden yerine koyman\u0131n yollar\u0131n\u0131 arayan biri. Ben, bir bak\u0131ma, kendi canl\u0131l\u0131\u011f\u0131m\u0131n jenerat\u00f6r\u00fcy\u00fcm: benim i\u00e7in bilin\u00e7ten daha de\u011ferli bir canl\u0131l\u0131\u011f\u0131n; \u00e7\u00fcnk\u00fc o, ba\u015fkalar\u0131nda yaln\u0131zca insan olman\u0131n bir yoluyken, bende b\u00fct\u00fcn bir ak\u0131ld\u0131r.<\/p>\n<p style=\"text-align: justify;\">Bilincimin cehennemindeki bu gizli aray\u0131\u015f\u0131m s\u0131ras\u0131nda, sakl\u0131 ta\u015flar\u0131n \u00e7arp\u0131\u015fmas\u0131na ya da alevlerin ani ta\u015fla\u015fmas\u0131na benzer patlamalar duydu\u011fumu hissettim. Alg\u0131lanamaz ger\u00e7ekler gibi tans\u0131kl\u0131 bir bi\u00e7imde can bulan alevler. <\/p>\n<p>Ama ki\u015fi, \u00f6l\u00fc ta\u015flardan bir yol boyunca yava\u015f\u00e7a ilerlemeli, \u00f6zellikle s\u00f6zc\u00fcklerin bilincini yitirdi\u011finde. Bu, k\u00fc\u00e7\u00fck hamlelerde b\u00fcy\u00fcyen, tan\u0131mlanmas\u0131 olanaks\u0131z bir bilimdir. Ona sahip olan, onu anlamaz. Ama melekler bile anlamaz; \u00e7\u00fcnk\u00fc her ger\u00e7ek anlama belirsizdir. A\u00e7\u0131k zihin, maddeye ili\u015fkindir. Belli bir andaki a\u00e7\u0131k zihin, demek istiyorum. <\/p>\n<p>Ama etin bana bir varl\u0131k metafizi\u011fi ve nihai bir ya\u015fam anlay\u0131\u015f\u0131 vermesi gereken anlam\u0131n\u0131 soru\u015fturmam gerek. <\/p>\n<p>Benim i\u00e7in et, her \u015feyden \u00f6nce idrak demektir; t\u00fcyleri diken diken ederek, saf etin bu manzaras\u0131n\u0131n b\u00fct\u00fcn zihinsel derinli\u011fiyle, duygular ve duyumlar bak\u0131m\u0131ndan t\u00fcm sonu\u00e7lar\u0131yla a\u00e7\u0131\u011fa \u00e7\u0131kan et. <\/p>\n<p>Ve duygu \u00f6nsezi demektir, yani dolays\u0131z kavray\u0131\u015ft\u0131r, tersy\u00fcz edilmi\u015f ve i\u00e7inden ayd\u0131nlat\u0131lan bili\u015fimdir. Bir ak\u0131l vard\u0131r ette, ama \u015fim\u015fek gibi h\u0131zl\u0131 bir ak\u0131l. Ve etin k\u0131\u015fk\u0131rtmas\u0131, zihnin y\u00fcce \u00f6z\u00fc niteli\u011findedir. <\/p>\n<p>Kim etten s\u00f6z ediyorsa, ayn\u0131 zamanda duyarl\u0131ktan s\u00f6z ediyordur. Duyarl\u0131k, yani \u00f6z\u00fcmseme; ama \u00f6rt\u00fck, gizli, derin, salt \u00f6z\u00fcmsemesi benim kendi a\u011fr\u0131m\u0131n, ve nihayet \u0131ss\u0131z ve biricik bilgisi bu a\u011fr\u0131n\u0131n. <\/p>\n<p><em>Antonin Artaud\/ etin durumu<\/em><\/p>\n","protected":false},"excerpt":{"rendered":"<p>Ya\u015fam\u0131 d\u00fc\u015f\u00fcn\u00fcyorum. Kuraca\u011f\u0131m hi\u00e7bir sistem, hi\u00e7bir zaman denk olmayacak \u00e7\u0131\u011fl\u0131klar\u0131ma: ya\u015fam\u0131n\u0131 yeniden olu\u015fturmaya u\u011fra\u015fan adam\u0131n \u00e7\u0131\u011fl\u0131klar\u0131na. \u0130\u00e7inde t\u00fcm insanlar\u0131n yer alaca\u011f\u0131 bir sistem d\u00fc\u015fl\u00fcyorum; fiziksel etleri ve y\u00fccelikleriyle, zihinlerinin entelekt\u00fcel izd\u00fc\u015f\u00fcmleriyle. \u00d6ncelikle g\u00f6z \u00f6n\u00fcnde bulundurmam gereken \u015fey, daha etkili bir anlat\u0131m bulamad\u0131\u011f\u0131mdan &#8216;ya\u015fam g\u00fcc\u00fc&#8217; diye adland\u0131rmak zorunda kald\u0131\u011f\u0131m, ak\u0131l almaz insan \u00e7ekimidir. Beni ku\u015fatan bu [&hellip;]<\/p>\n","protected":false},"author":1,"featured_media":0,"comment_status":"open","ping_status":"open","sticky":false,"template":"","format":"standard","meta":{"footnotes":""},"categories":[64],"tags":[],"class_list":{"0":"post-851","1":"post","2":"type-post","3":"status-publish","4":"format-standard","6":"category-tiyatro-uzerine"},"yoast_head":"<!-- This site is optimized with the Yoast SEO Premium plugin v24.9 (Yoast SEO v24.9) - https:\/\/yoast.com\/wordpress\/plugins\/seo\/ -->\n<title>Kuraca\u011f\u0131m hi\u00e7bir sistem, hi\u00e7bir zaman denk olmayacak \u00e7\u0131\u011fl\u0131klar\u0131ma | Antonin Artaud - narteks.net<\/title>\n<meta name=\"robots\" content=\"index, follow, max-snippet:-1, max-image-preview:large, max-video-preview:-1\" \/>\n<link rel=\"canonical\" href=\"https:\/\/narteks.net\/index.php\/2010\/05\/06\/kuracagim-hicbir-sistem-hicbir-zaman-denk-olmayacak-cigliklarima-antonin-artaud\/\" \/>\n<meta property=\"og:locale\" content=\"tr_TR\" \/>\n<meta property=\"og:type\" content=\"article\" \/>\n<meta property=\"og:title\" content=\"Kuraca\u011f\u0131m hi\u00e7bir sistem, hi\u00e7bir zaman denk olmayacak \u00e7\u0131\u011fl\u0131klar\u0131ma | Antonin Artaud\" \/>\n<meta property=\"og:description\" content=\"Ya\u015fam\u0131 d\u00fc\u015f\u00fcn\u00fcyorum. Kuraca\u011f\u0131m hi\u00e7bir sistem, hi\u00e7bir zaman denk olmayacak \u00e7\u0131\u011fl\u0131klar\u0131ma: ya\u015fam\u0131n\u0131 yeniden olu\u015fturmaya u\u011fra\u015fan adam\u0131n \u00e7\u0131\u011fl\u0131klar\u0131na. \u0130\u00e7inde t\u00fcm insanlar\u0131n yer alaca\u011f\u0131 bir sistem d\u00fc\u015fl\u00fcyorum; fiziksel etleri ve y\u00fccelikleriyle, zihinlerinin entelekt\u00fcel izd\u00fc\u015f\u00fcmleriyle. \u00d6ncelikle g\u00f6z \u00f6n\u00fcnde bulundurmam gereken \u015fey, daha etkili bir anlat\u0131m bulamad\u0131\u011f\u0131mdan &#8216;ya\u015fam g\u00fcc\u00fc&#8217; diye adland\u0131rmak zorunda kald\u0131\u011f\u0131m, ak\u0131l almaz insan \u00e7ekimidir. Beni ku\u015fatan bu [&hellip;]\" \/>\n<meta property=\"og:url\" content=\"https:\/\/narteks.net\/index.php\/2010\/05\/06\/kuracagim-hicbir-sistem-hicbir-zaman-denk-olmayacak-cigliklarima-antonin-artaud\/\" \/>\n<meta property=\"og:site_name\" content=\"narteks.net\" \/>\n<meta property=\"article:published_time\" content=\"2010-05-05T22:00:00+00:00\" \/>\n<meta property=\"og:image\" content=\"https:\/\/narteks.net\/wp-content\/uploads\/narteks.png\" \/>\n\t<meta property=\"og:image:width\" content=\"300\" \/>\n\t<meta property=\"og:image:height\" content=\"90\" \/>\n\t<meta property=\"og:image:type\" content=\"image\/png\" \/>\n<meta name=\"author\" content=\"Tar\u0131k\" \/>\n<meta name=\"twitter:card\" content=\"summary_large_image\" \/>\n<meta name=\"twitter:creator\" content=\"@narteks\" \/>\n<meta name=\"twitter:site\" content=\"@narteks\" \/>\n<meta name=\"twitter:label1\" content=\"Yazan:\" \/>\n\t<meta name=\"twitter:data1\" content=\"Tar\u0131k\" \/>\n\t<meta name=\"twitter:label2\" content=\"Tahmini okuma s\u00fcresi\" \/>\n\t<meta name=\"twitter:data2\" content=\"3 dakika\" \/>\n<script type=\"application\/ld+json\" class=\"yoast-schema-graph\">{\"@context\":\"https:\/\/schema.org\",\"@graph\":[{\"@type\":\"Article\",\"@id\":\"https:\/\/narteks.net\/index.php\/2010\/05\/06\/kuracagim-hicbir-sistem-hicbir-zaman-denk-olmayacak-cigliklarima-antonin-artaud\/#article\",\"isPartOf\":{\"@id\":\"https:\/\/narteks.net\/index.php\/2010\/05\/06\/kuracagim-hicbir-sistem-hicbir-zaman-denk-olmayacak-cigliklarima-antonin-artaud\/\"},\"author\":{\"name\":\"Tar\u0131k\",\"@id\":\"https:\/\/narteks.net\/#\/schema\/person\/61f37d9834294b72d31d274e7ed79bca\"},\"headline\":\"Kuraca\u011f\u0131m hi\u00e7bir sistem, hi\u00e7bir zaman denk olmayacak \u00e7\u0131\u011fl\u0131klar\u0131ma | Antonin Artaud\",\"datePublished\":\"2010-05-05T22:00:00+00:00\",\"mainEntityOfPage\":{\"@id\":\"https:\/\/narteks.net\/index.php\/2010\/05\/06\/kuracagim-hicbir-sistem-hicbir-zaman-denk-olmayacak-cigliklarima-antonin-artaud\/\"},\"wordCount\":603,\"commentCount\":0,\"publisher\":{\"@id\":\"https:\/\/narteks.net\/#organization\"},\"articleSection\":[\"Tiyatro \u00dczerine\"],\"inLanguage\":\"tr\",\"potentialAction\":[{\"@type\":\"CommentAction\",\"name\":\"Comment\",\"target\":[\"https:\/\/narteks.net\/index.php\/2010\/05\/06\/kuracagim-hicbir-sistem-hicbir-zaman-denk-olmayacak-cigliklarima-antonin-artaud\/#respond\"]}]},{\"@type\":\"WebPage\",\"@id\":\"https:\/\/narteks.net\/index.php\/2010\/05\/06\/kuracagim-hicbir-sistem-hicbir-zaman-denk-olmayacak-cigliklarima-antonin-artaud\/\",\"url\":\"https:\/\/narteks.net\/index.php\/2010\/05\/06\/kuracagim-hicbir-sistem-hicbir-zaman-denk-olmayacak-cigliklarima-antonin-artaud\/\",\"name\":\"Kuraca\u011f\u0131m hi\u00e7bir sistem, hi\u00e7bir zaman denk olmayacak \u00e7\u0131\u011fl\u0131klar\u0131ma | Antonin Artaud - narteks.net\",\"isPartOf\":{\"@id\":\"https:\/\/narteks.net\/#website\"},\"datePublished\":\"2010-05-05T22:00:00+00:00\",\"breadcrumb\":{\"@id\":\"https:\/\/narteks.net\/index.php\/2010\/05\/06\/kuracagim-hicbir-sistem-hicbir-zaman-denk-olmayacak-cigliklarima-antonin-artaud\/#breadcrumb\"},\"inLanguage\":\"tr\",\"potentialAction\":[{\"@type\":\"ReadAction\",\"target\":[\"https:\/\/narteks.net\/index.php\/2010\/05\/06\/kuracagim-hicbir-sistem-hicbir-zaman-denk-olmayacak-cigliklarima-antonin-artaud\/\"]}]},{\"@type\":\"BreadcrumbList\",\"@id\":\"https:\/\/narteks.net\/index.php\/2010\/05\/06\/kuracagim-hicbir-sistem-hicbir-zaman-denk-olmayacak-cigliklarima-antonin-artaud\/#breadcrumb\",\"itemListElement\":[{\"@type\":\"ListItem\",\"position\":1,\"name\":\"Anasayfa\",\"item\":\"https:\/\/narteks.net\/\"},{\"@type\":\"ListItem\",\"position\":2,\"name\":\"Kuraca\u011f\u0131m hi\u00e7bir sistem, hi\u00e7bir zaman denk olmayacak \u00e7\u0131\u011fl\u0131klar\u0131ma | Antonin Artaud\"}]},{\"@type\":\"WebSite\",\"@id\":\"https:\/\/narteks.net\/#website\",\"url\":\"https:\/\/narteks.net\/\",\"name\":\"narteks.net\",\"description\":\"K\u00fclt\u00fcr Sanat Edebiyat Felsefe\",\"publisher\":{\"@id\":\"https:\/\/narteks.net\/#organization\"},\"alternateName\":\"K\u00fclt\u00fcr Sanat Edebiyat Felsefe\",\"potentialAction\":[{\"@type\":\"SearchAction\",\"target\":{\"@type\":\"EntryPoint\",\"urlTemplate\":\"https:\/\/narteks.net\/?s={search_term_string}\"},\"query-input\":{\"@type\":\"PropertyValueSpecification\",\"valueRequired\":true,\"valueName\":\"search_term_string\"}}],\"inLanguage\":\"tr\"},{\"@type\":\"Organization\",\"@id\":\"https:\/\/narteks.net\/#organization\",\"name\":\"narteks.net\",\"url\":\"https:\/\/narteks.net\/\",\"logo\":{\"@type\":\"ImageObject\",\"inLanguage\":\"tr\",\"@id\":\"https:\/\/narteks.net\/#\/schema\/logo\/image\/\",\"url\":\"https:\/\/narteks.net\/wp-content\/uploads\/narteks.png\",\"contentUrl\":\"https:\/\/narteks.net\/wp-content\/uploads\/narteks.png\",\"width\":300,\"height\":90,\"caption\":\"narteks.net\"},\"image\":{\"@id\":\"https:\/\/narteks.net\/#\/schema\/logo\/image\/\"},\"sameAs\":[\"https:\/\/x.com\/narteks\",\"https:\/\/instagram.com\/narteksnet\"]},{\"@type\":\"Person\",\"@id\":\"https:\/\/narteks.net\/#\/schema\/person\/61f37d9834294b72d31d274e7ed79bca\",\"name\":\"Tar\u0131k\",\"image\":{\"@type\":\"ImageObject\",\"inLanguage\":\"tr\",\"@id\":\"https:\/\/narteks.net\/#\/schema\/person\/image\/\",\"url\":\"https:\/\/secure.gravatar.com\/avatar\/50865afb55632c4ae467e0af0930f6510aa2297d8014be502a55b14f3b7550cf?s=96&d=mm&r=g\",\"contentUrl\":\"https:\/\/secure.gravatar.com\/avatar\/50865afb55632c4ae467e0af0930f6510aa2297d8014be502a55b14f3b7550cf?s=96&d=mm&r=g\",\"caption\":\"Tar\u0131k\"},\"sameAs\":[\"http:\/\/narteks.net\"],\"url\":\"https:\/\/narteks.net\/index.php\/author\/narbak\/\"}]}<\/script>\n<!-- \/ Yoast SEO Premium plugin. -->","yoast_head_json":{"title":"Kuraca\u011f\u0131m hi\u00e7bir sistem, hi\u00e7bir zaman denk olmayacak \u00e7\u0131\u011fl\u0131klar\u0131ma | Antonin Artaud - narteks.net","robots":{"index":"index","follow":"follow","max-snippet":"max-snippet:-1","max-image-preview":"max-image-preview:large","max-video-preview":"max-video-preview:-1"},"canonical":"https:\/\/narteks.net\/index.php\/2010\/05\/06\/kuracagim-hicbir-sistem-hicbir-zaman-denk-olmayacak-cigliklarima-antonin-artaud\/","og_locale":"tr_TR","og_type":"article","og_title":"Kuraca\u011f\u0131m hi\u00e7bir sistem, hi\u00e7bir zaman denk olmayacak \u00e7\u0131\u011fl\u0131klar\u0131ma | Antonin Artaud","og_description":"Ya\u015fam\u0131 d\u00fc\u015f\u00fcn\u00fcyorum. Kuraca\u011f\u0131m hi\u00e7bir sistem, hi\u00e7bir zaman denk olmayacak \u00e7\u0131\u011fl\u0131klar\u0131ma: ya\u015fam\u0131n\u0131 yeniden olu\u015fturmaya u\u011fra\u015fan adam\u0131n \u00e7\u0131\u011fl\u0131klar\u0131na. \u0130\u00e7inde t\u00fcm insanlar\u0131n yer alaca\u011f\u0131 bir sistem d\u00fc\u015fl\u00fcyorum; fiziksel etleri ve y\u00fccelikleriyle, zihinlerinin entelekt\u00fcel izd\u00fc\u015f\u00fcmleriyle. \u00d6ncelikle g\u00f6z \u00f6n\u00fcnde bulundurmam gereken \u015fey, daha etkili bir anlat\u0131m bulamad\u0131\u011f\u0131mdan &#8216;ya\u015fam g\u00fcc\u00fc&#8217; diye adland\u0131rmak zorunda kald\u0131\u011f\u0131m, ak\u0131l almaz insan \u00e7ekimidir. Beni ku\u015fatan bu [&hellip;]","og_url":"https:\/\/narteks.net\/index.php\/2010\/05\/06\/kuracagim-hicbir-sistem-hicbir-zaman-denk-olmayacak-cigliklarima-antonin-artaud\/","og_site_name":"narteks.net","article_published_time":"2010-05-05T22:00:00+00:00","og_image":[{"width":300,"height":90,"url":"https:\/\/narteks.net\/wp-content\/uploads\/narteks.png","type":"image\/png"}],"author":"Tar\u0131k","twitter_card":"summary_large_image","twitter_creator":"@narteks","twitter_site":"@narteks","twitter_misc":{"Yazan:":"Tar\u0131k","Tahmini okuma s\u00fcresi":"3 dakika"},"schema":{"@context":"https:\/\/schema.org","@graph":[{"@type":"Article","@id":"https:\/\/narteks.net\/index.php\/2010\/05\/06\/kuracagim-hicbir-sistem-hicbir-zaman-denk-olmayacak-cigliklarima-antonin-artaud\/#article","isPartOf":{"@id":"https:\/\/narteks.net\/index.php\/2010\/05\/06\/kuracagim-hicbir-sistem-hicbir-zaman-denk-olmayacak-cigliklarima-antonin-artaud\/"},"author":{"name":"Tar\u0131k","@id":"https:\/\/narteks.net\/#\/schema\/person\/61f37d9834294b72d31d274e7ed79bca"},"headline":"Kuraca\u011f\u0131m hi\u00e7bir sistem, hi\u00e7bir zaman denk olmayacak \u00e7\u0131\u011fl\u0131klar\u0131ma | Antonin Artaud","datePublished":"2010-05-05T22:00:00+00:00","mainEntityOfPage":{"@id":"https:\/\/narteks.net\/index.php\/2010\/05\/06\/kuracagim-hicbir-sistem-hicbir-zaman-denk-olmayacak-cigliklarima-antonin-artaud\/"},"wordCount":603,"commentCount":0,"publisher":{"@id":"https:\/\/narteks.net\/#organization"},"articleSection":["Tiyatro \u00dczerine"],"inLanguage":"tr","potentialAction":[{"@type":"CommentAction","name":"Comment","target":["https:\/\/narteks.net\/index.php\/2010\/05\/06\/kuracagim-hicbir-sistem-hicbir-zaman-denk-olmayacak-cigliklarima-antonin-artaud\/#respond"]}]},{"@type":"WebPage","@id":"https:\/\/narteks.net\/index.php\/2010\/05\/06\/kuracagim-hicbir-sistem-hicbir-zaman-denk-olmayacak-cigliklarima-antonin-artaud\/","url":"https:\/\/narteks.net\/index.php\/2010\/05\/06\/kuracagim-hicbir-sistem-hicbir-zaman-denk-olmayacak-cigliklarima-antonin-artaud\/","name":"Kuraca\u011f\u0131m hi\u00e7bir sistem, hi\u00e7bir zaman denk olmayacak \u00e7\u0131\u011fl\u0131klar\u0131ma | Antonin Artaud - narteks.net","isPartOf":{"@id":"https:\/\/narteks.net\/#website"},"datePublished":"2010-05-05T22:00:00+00:00","breadcrumb":{"@id":"https:\/\/narteks.net\/index.php\/2010\/05\/06\/kuracagim-hicbir-sistem-hicbir-zaman-denk-olmayacak-cigliklarima-antonin-artaud\/#breadcrumb"},"inLanguage":"tr","potentialAction":[{"@type":"ReadAction","target":["https:\/\/narteks.net\/index.php\/2010\/05\/06\/kuracagim-hicbir-sistem-hicbir-zaman-denk-olmayacak-cigliklarima-antonin-artaud\/"]}]},{"@type":"BreadcrumbList","@id":"https:\/\/narteks.net\/index.php\/2010\/05\/06\/kuracagim-hicbir-sistem-hicbir-zaman-denk-olmayacak-cigliklarima-antonin-artaud\/#breadcrumb","itemListElement":[{"@type":"ListItem","position":1,"name":"Anasayfa","item":"https:\/\/narteks.net\/"},{"@type":"ListItem","position":2,"name":"Kuraca\u011f\u0131m hi\u00e7bir sistem, hi\u00e7bir zaman denk olmayacak \u00e7\u0131\u011fl\u0131klar\u0131ma | Antonin Artaud"}]},{"@type":"WebSite","@id":"https:\/\/narteks.net\/#website","url":"https:\/\/narteks.net\/","name":"narteks.net","description":"K\u00fclt\u00fcr Sanat Edebiyat Felsefe","publisher":{"@id":"https:\/\/narteks.net\/#organization"},"alternateName":"K\u00fclt\u00fcr Sanat Edebiyat Felsefe","potentialAction":[{"@type":"SearchAction","target":{"@type":"EntryPoint","urlTemplate":"https:\/\/narteks.net\/?s={search_term_string}"},"query-input":{"@type":"PropertyValueSpecification","valueRequired":true,"valueName":"search_term_string"}}],"inLanguage":"tr"},{"@type":"Organization","@id":"https:\/\/narteks.net\/#organization","name":"narteks.net","url":"https:\/\/narteks.net\/","logo":{"@type":"ImageObject","inLanguage":"tr","@id":"https:\/\/narteks.net\/#\/schema\/logo\/image\/","url":"https:\/\/narteks.net\/wp-content\/uploads\/narteks.png","contentUrl":"https:\/\/narteks.net\/wp-content\/uploads\/narteks.png","width":300,"height":90,"caption":"narteks.net"},"image":{"@id":"https:\/\/narteks.net\/#\/schema\/logo\/image\/"},"sameAs":["https:\/\/x.com\/narteks","https:\/\/instagram.com\/narteksnet"]},{"@type":"Person","@id":"https:\/\/narteks.net\/#\/schema\/person\/61f37d9834294b72d31d274e7ed79bca","name":"Tar\u0131k","image":{"@type":"ImageObject","inLanguage":"tr","@id":"https:\/\/narteks.net\/#\/schema\/person\/image\/","url":"https:\/\/secure.gravatar.com\/avatar\/50865afb55632c4ae467e0af0930f6510aa2297d8014be502a55b14f3b7550cf?s=96&d=mm&r=g","contentUrl":"https:\/\/secure.gravatar.com\/avatar\/50865afb55632c4ae467e0af0930f6510aa2297d8014be502a55b14f3b7550cf?s=96&d=mm&r=g","caption":"Tar\u0131k"},"sameAs":["http:\/\/narteks.net"],"url":"https:\/\/narteks.net\/index.php\/author\/narbak\/"}]}},"_links":{"self":[{"href":"https:\/\/narteks.net\/index.php\/wp-json\/wp\/v2\/posts\/851","targetHints":{"allow":["GET"]}}],"collection":[{"href":"https:\/\/narteks.net\/index.php\/wp-json\/wp\/v2\/posts"}],"about":[{"href":"https:\/\/narteks.net\/index.php\/wp-json\/wp\/v2\/types\/post"}],"author":[{"embeddable":true,"href":"https:\/\/narteks.net\/index.php\/wp-json\/wp\/v2\/users\/1"}],"replies":[{"embeddable":true,"href":"https:\/\/narteks.net\/index.php\/wp-json\/wp\/v2\/comments?post=851"}],"version-history":[{"count":0,"href":"https:\/\/narteks.net\/index.php\/wp-json\/wp\/v2\/posts\/851\/revisions"}],"wp:attachment":[{"href":"https:\/\/narteks.net\/index.php\/wp-json\/wp\/v2\/media?parent=851"}],"wp:term":[{"taxonomy":"category","embeddable":true,"href":"https:\/\/narteks.net\/index.php\/wp-json\/wp\/v2\/categories?post=851"},{"taxonomy":"post_tag","embeddable":true,"href":"https:\/\/narteks.net\/index.php\/wp-json\/wp\/v2\/tags?post=851"}],"curies":[{"name":"wp","href":"https:\/\/api.w.org\/{rel}","templated":true}]}}