{"id":852,"date":"2009-11-03T03:17:30","date_gmt":"2009-11-03T00:17:30","guid":{"rendered":"http:\/\/localhost\/wordpress\/2009\/11\/03\/bense-bu-duenyada-varolmadm-soeyleyebilirim-uestelik-basit-bir-ruhsal-tavr-da-deil-bu-a-artaud\/"},"modified":"2009-11-03T03:17:30","modified_gmt":"2009-11-03T00:17:30","slug":"bense-bu-duenyada-varolmadm-soeyleyebilirim-uestelik-basit-bir-ruhsal-tavr-da-deil-bu-a-artaud","status":"publish","type":"post","link":"https:\/\/narteks.net\/index.php\/2009\/11\/03\/bense-bu-duenyada-varolmadm-soeyleyebilirim-uestelik-basit-bir-ruhsal-tavr-da-deil-bu-a-artaud\/","title":{"rendered":"Bense bu d\u00fcnyada varolmad\u0131\u011f\u0131m\u0131 s\u00f6yleyebilirim, \u00fcstelik basit bir ruhsal tav\u0131r da de\u011fil bu | A. Artaud"},"content":{"rendered":"<p style=\"text-align: justify;\"><img loading=\"lazy\" decoding=\"async\" style=\"float: left;\" src=\"images\/stories\/aartaud.jpg\" width=\"155\" height=\"205\" \/>Sevgili bay\u0131m;<\/p>\n<p>Neden yalan s\u00f6ylemeli, neden ya\u015fam \u00e7\u0131\u011fl\u0131\u011f\u0131n\u0131n ta kendisi olan bir \u015feyi edebiyat d\u00fczlemine koymal\u0131, neden ger\u00e7ekli\u011fin s\u0131zlan\u0131\u015flar\u0131n\u0131 and\u0131ran, k\u00f6kleri ruha g\u00f6m\u00fcl\u00fc cevherden yap\u0131lm\u0131\u015f \u015feylere kurgu g\u00f6r\u00fcnt\u00fcs\u00fc vermeli? evet, d\u00fc\u015f\u00fcnceniz ho\u015fuma gitti, sevindirdi beni, koltuklar\u0131m\u0131 kabartt\u0131, ama bir \u015fart\u0131m var; sizi okuyacak ki\u015fi d\u00fczmece bir \u00e7al\u0131\u015fmayla kar\u015f\u0131 kar\u015f\u0131ya oldu\u011fu izlenimine kap\u0131lmamal\u0131.<\/p>\n<p>Yalan s\u00f6ylemeye hakk\u0131m\u0131z var, ama olaylar\u0131n esas\u0131 konusunda de\u011fil. Mektuplar\u0131 as\u0131l ad\u0131mla imzalamak taraftar\u0131 de\u011filim. Mektuplar\u0131 birincisinden sonuncusuna kadar yay\u0131mlamak ve bunun i\u00e7in de haziran 1923 y\u0131l\u0131na kadar uzanmak gerekli. Okuyucunun elinde tart\u0131\u015fma konular\u0131n\u0131n hepsi olmal\u0131.<\/p>\n<p>Bir insan k\u0131sa aral\u0131klarla kendi kendisi olur ve kendisi oldu\u011fu zamanlarda bile b\u00fct\u00fcn\u00fcyle ba\u015faramaz bunu. Yoklu\u011funda hi\u00e7bir ger\u00e7ek yarat\u0131l\u0131\u015f\u0131n varolamayaca\u011f\u0131 \u015fu s\u00fcrekli g\u00fc\u00e7 tutarl\u0131l\u0131\u011f\u0131n\u0131 g\u00f6steremez.<br \/>Bu insan yine de varolmaktad\u0131r. Demek istedi\u011fim, onun de\u011ferini belirleyen belli bir ger\u00e7ekli\u011fi vard\u0131r. Kendini ancak kesik kesik ortaya koyabildi\u011fini bahane edip hi\u00e7li\u011fe mi mahk\u00fbm etmeli bu ki\u015fiyi? bunu siz bile do\u011fru bulmazs\u0131n\u0131z, kan\u0131tsa bu kesitlere verdi\u011finiz \u00f6nemdir.<\/p>\n<p>Size mektuplar\u0131 birle\u015ftirme \u00f6nerisinde bulunmay\u0131 uzun s\u00fcredir kuruyordum. Bug\u00fcne kadar buna cesaret edemedim ve mektubunuz bu iste\u011fimi yan\u0131tl\u0131yor. Bana \u00f6nerdi\u011finiz d\u00fc\u015f\u00fcnceyi ne denli ho\u015fnutlukla kar\u015f\u0131l\u0131yorum demektir bu.<\/p>\n<p>\u015eiirlerimdeki kesintilerin, esinimin \u00f6z\u00fcne bile ula\u015fan ve d\u00fc\u015f\u00fcncelerimi bir nesne \u00fcst\u00fcnde yo\u011funla\u015ft\u0131rma konusundaki altedilmez zay\u0131fl\u0131\u011f\u0131mdan ileri gelen duraklar\u0131n \u00e7ok iyi fark\u0131nday\u0131m. Bedensel bir zay\u0131fl\u0131k, a\u011f\u0131z birli\u011fi edip ruh dedi\u011fimiz ve nesneler \u00e7evresinde p\u0131ht\u0131la\u015f\u0131p kalm\u0131\u015f sinirsel g\u00fcc\u00fcm\u00fcz\u00fcn dalga dalga yay\u0131lmas\u0131 olan \u015feyin \u00f6z\u00fcne kadar ula\u015fan bir zay\u0131fl\u0131kt\u0131 bu. Ama bu zay\u0131fl\u0131\u011f\u0131n ac\u0131s\u0131n\u0131 b\u00fct\u00fcn bir \u00e7a\u011f \u00e7ekiyor. \u00d6rnek tristan tzara, andre breton, pierre reverdy. Ama onlar\u0131n ruhu fizyolojik olarak hasta de\u011fil; hasta de\u011fil ruhlar\u0131ndaki cevher; bu ruhlar ba\u015fka \u015feylerle birle\u015ftikleri her noktada hasta ama, d\u00fc\u015f\u00fcnce d\u0131\u015f\u0131nda hasta de\u011fil; peki hastal\u0131k neden ileri geliyor, ger\u00e7ekten \u00e7a\u011f\u0131n g\u00f6r\u00fcn\u00fc\u015f\u00fc m\u00fc b\u00f6yle, havada dalgalanan bir tans\u0131k m\u0131, kozmik ve k\u00f6t\u00fc huylu bir mucize mi, yoksa yeni bir d\u00fcnyan\u0131n ke\u015ffi, hakikatin a\u00e7\u0131k a\u00e7\u0131k yay\u0131lmas\u0131 m\u0131?<\/p>\n<p>Bu insanlardan ba\u015fka ac\u0131 \u00e7ekenlerin say\u0131s\u0131 az de\u011fil; bense hep tenimde, ruhumda duyuyorum bu ac\u0131y\u0131. B\u00fct\u00fcn edebiyata rengini veren, nesneye al\u0131\u015famama durumu, bende ya\u015fam\u0131n kendisine al\u0131\u015famama durumuna d\u00f6n\u00fc\u015f\u00fcyor. Bense bu d\u00fcnyada varolmad\u0131\u011f\u0131m\u0131 s\u00f6yleyebilirim, \u00fcstelik basit bir ruhsal tav\u0131r da de\u011fil bu. Son \u015fiirlerimde \u00f6nemli geli\u015fmeler g\u00f6r\u00fcr gibi oluyordum.<\/p>\n<p>Hepsi de bu denli yay\u0131mlanamaz d\u00fczeyde mi? zaten \u00f6nemi yok, oldu\u011fum gibi g\u00f6r\u00fcnmeyi, yoklu\u011fumla ve k\u00f6klerimden kopmu\u015f halimle g\u00f6r\u00fcnmeyi ye\u011flerim.<\/p>\n<p>Yine de aralar\u0131ndan \u00f6nemlileri yay\u0131mlanabilirdi. Ayr\u0131 ayr\u0131 ele al\u0131nd\u0131klar\u0131nda \u00e7o\u011fu d\u00f6rtl\u00fcklerin iyi durumda oldu\u011funu san\u0131yorum. Ne var ki bir araya geldiklerinde de\u011ferlerinden yitiyorlar.<\/p>\n<p>Bu al\u0131nt\u0131lar\u0131 kendiniz se\u00e7er, mektuplar\u0131 s\u0131n\u0131fland\u0131r\u0131rs\u0131n\u0131z. Bu konuda yarg\u0131\u00e7 ben de\u011filim. Ancak \u00f6zellikle \u00fcst\u00fcnde durdu\u011fum \u015fey, kendimi savunmak i\u00e7in ba\u015fvurdu\u011fum olaylar\u0131n asl\u0131nda herhangi bir anla\u015f\u0131lmazl\u0131k olu\u015fturmamas\u0131d\u0131r. Okuyucunun herhangi bir d\u00f6nem olgusuna de\u011fil, ger\u00e7ek bir hastal\u0131\u011fa, varl\u0131\u011f\u0131n \u00f6z\u00fcne, beyindeki ifade yetersizliklerine dek uzanan ve b\u00fct\u00fcn bir ya\u015fama \u00e7\u00f6reklenen bir hastal\u0131\u011fa inanmas\u0131 gerek.<\/p>\n<p>En derin ger\u00e7ekli\u011fiyle ruhu sar\u0131p belirtilerini bula\u015ft\u0131ran bir hastal\u0131k. Varolman\u0131n zehiri. Ger\u00e7ek bir fel\u00e7. Konu\u015fman\u0131z\u0131, an\u0131lar\u0131n\u0131z\u0131 yok eden, d\u00fc\u015f\u00fcncelerinizi k\u00f6k\u00fcnden s\u00f6ken bir hastal\u0131k.<\/p>\n<p>Anla\u015f\u0131lacak kadar konu\u015ftum san\u0131r\u0131m; bu son mektubu yay\u0131mlay\u0131n. Son olarak, g\u00f6r\u00fcyorum ki bu mektup, benimle ilgili tart\u0131\u015fmada bir ba\u015fvuru, bir sonu\u00e7 olarak i\u015fe yarayacak.<br \/>Bir insan k\u0131sa aral\u0131klarla kendi kendisi olur ve kendisi oldu\u011fu zamanlarda bile b\u00fct\u00fcn\u00fcyle ba\u015faramaz bunu. Yoklu\u011funda hi\u00e7bir ger\u00e7ek yarat\u0131l\u0131\u015f\u0131n varolamayaca\u011f\u0131 \u015fu s\u00fcrekli g\u00fc\u00e7 tutarl\u0131l\u0131\u011f\u0131n\u0131 g\u00f6steremez. Bu insan yine de varolmaktad\u0131r. Demek istedi\u011fim, onun de\u011ferini belirleyen belli bir ger\u00e7ekli\u011fi vard\u0131r. Kendini ancak kesik kesik ortaya koyabildi\u011fini bahane edip hi\u00e7li\u011fe mi mahk\u00fbm etmeli bu ki\u015fiyi? bunu siz bile do\u011fru bulmazs\u0131n\u0131z, kan\u0131tsa bu kesitlere verdi\u011finiz \u00f6nemdir. Size mektuplar\u0131 birle\u015ftirme \u00f6nerisinde bulunmay\u0131 uzun s\u00fcredir kuruyordum. Bug\u00fcne kadar buna cesaret edemedim ve mektubunuz bu iste\u011fimi yan\u0131tl\u0131yor. Bana \u00f6nerdi\u011finiz d\u00fc\u015f\u00fcnceyi ne denli ho\u015fnutlukla kar\u015f\u0131l\u0131yorum demektir bu.<\/p>\n<p>\u015eiirlerimdeki kesintilerin, esinimin \u00f6z\u00fcne bile ula\u015fan ve d\u00fc\u015f\u00fcncelerimi bir nesne \u00fcst\u00fcnde yo\u011funla\u015ft\u0131rma konusundaki altedilmez zay\u0131fl\u0131\u011f\u0131mdan ileri gelen duraklar\u0131n \u00e7ok iyi fark\u0131nday\u0131m. Bedensel bir zay\u0131fl\u0131k, a\u011f\u0131z birli\u011fi edip ruh dedi\u011fimiz ve nesneler \u00e7evresinde p\u0131ht\u0131la\u015f\u0131p kalm\u0131\u015f sinirsel g\u00fcc\u00fcm\u00fcz\u00fcn dalga dalga yay\u0131lmas\u0131 olan \u015feyin \u00f6z\u00fcne kadar ula\u015fan bir zay\u0131fl\u0131kt\u0131 bu. Ama bu zay\u0131fl\u0131\u011f\u0131n ac\u0131s\u0131n\u0131 b\u00fct\u00fcn bir \u00e7a\u011f \u00e7ekiyor. \u00d6rnek tristan tzara, andre breton, pierre reverdy. Ama onlar\u0131n ruhu fizyolojik olarak hasta de\u011fil; hasta de\u011fil ruhlar\u0131ndaki cevher; bu ruhlar ba\u015fka \u015feylerle birle\u015ftikleri her noktada hasta ama, d\u00fc\u015f\u00fcnce d\u0131\u015f\u0131nda hasta de\u011fil; peki hastal\u0131k neden ileri geliyor, ger\u00e7ekten \u00e7a\u011f\u0131n g\u00f6r\u00fcn\u00fc\u015f\u00fc m\u00fc b\u00f6yle, havada dalgalanan bir tans\u0131k m\u0131, kozmik ve k\u00f6t\u00fc huylu bir mucize mi, yoksa yeni bir d\u00fcnyan\u0131n ke\u015ffi, hakikatin a\u00e7\u0131k a\u00e7\u0131k yay\u0131lmas\u0131 m\u0131?<\/p>\n<p>Bu insanlardan ba\u015fka ac\u0131 \u00e7ekenlerin say\u0131s\u0131 az de\u011fil; bense hep tenimde, ruhumda duyuyorum bu ac\u0131y\u0131. B\u00fct\u00fcn edebiyata rengini veren, nesneye al\u0131\u015famama durumu, bende ya\u015fam\u0131n kendisine al\u0131\u015famama durumuna d\u00f6n\u00fc\u015f\u00fcyor. Bense bu d\u00fcnyada varolmad\u0131\u011f\u0131m\u0131 s\u00f6yleyebilirim, \u00fcstelik basit bir ruhsal tav\u0131r da de\u011fil bu. Son \u015fiirlerimde \u00f6nemli geli\u015fmeler g\u00f6r\u00fcr gibi oluyordum. Hepsi de bu denli yay\u0131mlanamaz d\u00fczeyde mi? zaten \u00f6nemi yok, oldu\u011fum gibi g\u00f6r\u00fcnmeyi, yoklu\u011fumla ve k\u00f6klerimden kopmu\u015f halimle g\u00f6r\u00fcnmeyi ye\u011flerim.<\/p>\n<p>Yine de aralar\u0131ndan \u00f6nemlileri yay\u0131mlanabilirdi. Ayr\u0131 ayr\u0131 ele al\u0131nd\u0131klar\u0131nda \u00e7o\u011fu d\u00f6rtl\u00fcklerin iyi durumda oldu\u011funu san\u0131yorum. Ne var ki bir araya geldiklerinde de\u011ferlerinden yitiyorlar.<\/p>\n<p>Bu al\u0131nt\u0131lar\u0131 kendiniz se\u00e7er, mektuplar\u0131 s\u0131n\u0131fland\u0131r\u0131rs\u0131m\u0131z. Bu konuda yarg\u0131\u00e7 ben de\u011filim. Ancak \u00f6zellikle \u00fcst\u00fcnde durdu\u011fum \u015fey, kendimi savunmak i\u00e7in ba\u015fvurdu\u011fum olaylar\u0131n asl\u0131nda herhangi bir anla\u015f\u0131lmazl\u0131k olu\u015fturmamas\u0131d\u0131r. Okuyucunun herhangi bir d\u00f6nem olgusuna de\u011fil, ger\u00e7ek bir hastal\u0131\u011fa, varl\u0131\u011f\u0131n \u00f6z\u00fcne, beyindeki ifade yetersizliklerine dek uzanan ve b\u00fct\u00fcn bir ya\u015fama \u00e7\u00f6reklenen bir hastal\u0131\u011fa inanmas\u0131 gerek.<\/p>\n<p>En derin ger\u00e7ekli\u011fiyle ruhu sar\u0131p belirtilerini bula\u015ft\u0131ran bir hastal\u0131k. Varolman\u0131n zehiri. Ger\u00e7ek bir fel\u00e7. Konu\u015fman\u0131z\u0131, an\u0131lar\u0131n\u0131z\u0131 yok eden, d\u00fc\u015f\u00fcncelerinizi k\u00f6k\u00fcnden s\u00f6ken bir hastal\u0131k.<\/p>\n<p>Anla\u015f\u0131lacak kadar konu\u015ftum san\u0131r\u0131m; bu son mektubu yay\u0131mlay\u0131n. Son olarak, g\u00f6r\u00fcyorum ki bu mektup, benimle ilgili tart\u0131\u015fmada bir ba\u015fvuru, bir sonu\u00e7 olarak i\u015fe yarayacak.<\/p>\n<p>\u0130\u00e7ten ve sonsuz \u015f\u00fckran duygular\u0131ma inanman\u0131z dile\u011fiyle, sevgili bay\u0131m.<\/p>\n<p><strong>Antonin Artaud&#8217;dan Jacques Riveieri&#8217;ye mektup<\/strong>\u00a0<\/p>\n","protected":false},"excerpt":{"rendered":"<p>Sevgili bay\u0131m; Neden yalan s\u00f6ylemeli, neden ya\u015fam \u00e7\u0131\u011fl\u0131\u011f\u0131n\u0131n ta kendisi olan bir \u015feyi edebiyat d\u00fczlemine koymal\u0131, neden ger\u00e7ekli\u011fin s\u0131zlan\u0131\u015flar\u0131n\u0131 and\u0131ran, k\u00f6kleri ruha g\u00f6m\u00fcl\u00fc cevherden yap\u0131lm\u0131\u015f \u015feylere kurgu g\u00f6r\u00fcnt\u00fcs\u00fc vermeli? evet, d\u00fc\u015f\u00fcnceniz ho\u015fuma gitti, sevindirdi beni, koltuklar\u0131m\u0131 kabartt\u0131, ama bir \u015fart\u0131m var; sizi okuyacak ki\u015fi d\u00fczmece bir \u00e7al\u0131\u015fmayla kar\u015f\u0131 kar\u015f\u0131ya oldu\u011fu izlenimine kap\u0131lmamal\u0131. Yalan s\u00f6ylemeye hakk\u0131m\u0131z [&hellip;]<\/p>\n","protected":false},"author":1,"featured_media":0,"comment_status":"open","ping_status":"open","sticky":false,"template":"","format":"standard","meta":{"footnotes":""},"categories":[64],"tags":[],"class_list":{"0":"post-852","1":"post","2":"type-post","3":"status-publish","4":"format-standard","6":"category-tiyatro-uzerine"},"yoast_head":"<!-- This site is optimized with the Yoast SEO Premium plugin v24.9 (Yoast SEO v24.9) - https:\/\/yoast.com\/wordpress\/plugins\/seo\/ -->\n<title>Bense bu d\u00fcnyada varolmad\u0131\u011f\u0131m\u0131 s\u00f6yleyebilirim, \u00fcstelik basit bir ruhsal tav\u0131r da de\u011fil bu | A. Artaud - narteks.net<\/title>\n<meta name=\"robots\" content=\"index, follow, max-snippet:-1, max-image-preview:large, max-video-preview:-1\" \/>\n<link rel=\"canonical\" href=\"https:\/\/narteks.net\/index.php\/2009\/11\/03\/bense-bu-duenyada-varolmadm-soeyleyebilirim-uestelik-basit-bir-ruhsal-tavr-da-deil-bu-a-artaud\/\" \/>\n<meta property=\"og:locale\" content=\"tr_TR\" \/>\n<meta property=\"og:type\" content=\"article\" \/>\n<meta property=\"og:title\" content=\"Bense bu d\u00fcnyada varolmad\u0131\u011f\u0131m\u0131 s\u00f6yleyebilirim, \u00fcstelik basit bir ruhsal tav\u0131r da de\u011fil bu | A. Artaud\" \/>\n<meta property=\"og:description\" content=\"Sevgili bay\u0131m; Neden yalan s\u00f6ylemeli, neden ya\u015fam \u00e7\u0131\u011fl\u0131\u011f\u0131n\u0131n ta kendisi olan bir \u015feyi edebiyat d\u00fczlemine koymal\u0131, neden ger\u00e7ekli\u011fin s\u0131zlan\u0131\u015flar\u0131n\u0131 and\u0131ran, k\u00f6kleri ruha g\u00f6m\u00fcl\u00fc cevherden yap\u0131lm\u0131\u015f \u015feylere kurgu g\u00f6r\u00fcnt\u00fcs\u00fc vermeli? evet, d\u00fc\u015f\u00fcnceniz ho\u015fuma gitti, sevindirdi beni, koltuklar\u0131m\u0131 kabartt\u0131, ama bir \u015fart\u0131m var; sizi okuyacak ki\u015fi d\u00fczmece bir \u00e7al\u0131\u015fmayla kar\u015f\u0131 kar\u015f\u0131ya oldu\u011fu izlenimine kap\u0131lmamal\u0131. Yalan s\u00f6ylemeye hakk\u0131m\u0131z [&hellip;]\" \/>\n<meta property=\"og:url\" content=\"https:\/\/narteks.net\/index.php\/2009\/11\/03\/bense-bu-duenyada-varolmadm-soeyleyebilirim-uestelik-basit-bir-ruhsal-tavr-da-deil-bu-a-artaud\/\" \/>\n<meta property=\"og:site_name\" content=\"narteks.net\" \/>\n<meta property=\"article:published_time\" content=\"2009-11-03T00:17:30+00:00\" \/>\n<meta property=\"og:image\" content=\"https:\/\/narteks.net\/wp-content\/uploads\/narteks.png\" \/>\n\t<meta property=\"og:image:width\" content=\"300\" \/>\n\t<meta property=\"og:image:height\" content=\"90\" \/>\n\t<meta property=\"og:image:type\" content=\"image\/png\" \/>\n<meta name=\"author\" content=\"Tar\u0131k\" \/>\n<meta name=\"twitter:card\" content=\"summary_large_image\" \/>\n<meta name=\"twitter:creator\" content=\"@narteks\" \/>\n<meta name=\"twitter:site\" content=\"@narteks\" \/>\n<meta name=\"twitter:label1\" content=\"Yazan:\" \/>\n\t<meta name=\"twitter:data1\" content=\"Tar\u0131k\" \/>\n\t<meta name=\"twitter:label2\" content=\"Tahmini okuma s\u00fcresi\" \/>\n\t<meta name=\"twitter:data2\" content=\"7 dakika\" \/>\n<script type=\"application\/ld+json\" class=\"yoast-schema-graph\">{\"@context\":\"https:\/\/schema.org\",\"@graph\":[{\"@type\":\"Article\",\"@id\":\"https:\/\/narteks.net\/index.php\/2009\/11\/03\/bense-bu-duenyada-varolmadm-soeyleyebilirim-uestelik-basit-bir-ruhsal-tavr-da-deil-bu-a-artaud\/#article\",\"isPartOf\":{\"@id\":\"https:\/\/narteks.net\/index.php\/2009\/11\/03\/bense-bu-duenyada-varolmadm-soeyleyebilirim-uestelik-basit-bir-ruhsal-tavr-da-deil-bu-a-artaud\/\"},\"author\":{\"name\":\"Tar\u0131k\",\"@id\":\"https:\/\/narteks.net\/#\/schema\/person\/61f37d9834294b72d31d274e7ed79bca\"},\"headline\":\"Bense bu d\u00fcnyada varolmad\u0131\u011f\u0131m\u0131 s\u00f6yleyebilirim, \u00fcstelik basit bir ruhsal tav\u0131r da de\u011fil bu | A. Artaud\",\"datePublished\":\"2009-11-03T00:17:30+00:00\",\"mainEntityOfPage\":{\"@id\":\"https:\/\/narteks.net\/index.php\/2009\/11\/03\/bense-bu-duenyada-varolmadm-soeyleyebilirim-uestelik-basit-bir-ruhsal-tavr-da-deil-bu-a-artaud\/\"},\"wordCount\":1369,\"commentCount\":0,\"publisher\":{\"@id\":\"https:\/\/narteks.net\/#organization\"},\"articleSection\":[\"Tiyatro \u00dczerine\"],\"inLanguage\":\"tr\",\"potentialAction\":[{\"@type\":\"CommentAction\",\"name\":\"Comment\",\"target\":[\"https:\/\/narteks.net\/index.php\/2009\/11\/03\/bense-bu-duenyada-varolmadm-soeyleyebilirim-uestelik-basit-bir-ruhsal-tavr-da-deil-bu-a-artaud\/#respond\"]}]},{\"@type\":\"WebPage\",\"@id\":\"https:\/\/narteks.net\/index.php\/2009\/11\/03\/bense-bu-duenyada-varolmadm-soeyleyebilirim-uestelik-basit-bir-ruhsal-tavr-da-deil-bu-a-artaud\/\",\"url\":\"https:\/\/narteks.net\/index.php\/2009\/11\/03\/bense-bu-duenyada-varolmadm-soeyleyebilirim-uestelik-basit-bir-ruhsal-tavr-da-deil-bu-a-artaud\/\",\"name\":\"Bense bu d\u00fcnyada varolmad\u0131\u011f\u0131m\u0131 s\u00f6yleyebilirim, \u00fcstelik basit bir ruhsal tav\u0131r da de\u011fil bu | A. Artaud - narteks.net\",\"isPartOf\":{\"@id\":\"https:\/\/narteks.net\/#website\"},\"datePublished\":\"2009-11-03T00:17:30+00:00\",\"breadcrumb\":{\"@id\":\"https:\/\/narteks.net\/index.php\/2009\/11\/03\/bense-bu-duenyada-varolmadm-soeyleyebilirim-uestelik-basit-bir-ruhsal-tavr-da-deil-bu-a-artaud\/#breadcrumb\"},\"inLanguage\":\"tr\",\"potentialAction\":[{\"@type\":\"ReadAction\",\"target\":[\"https:\/\/narteks.net\/index.php\/2009\/11\/03\/bense-bu-duenyada-varolmadm-soeyleyebilirim-uestelik-basit-bir-ruhsal-tavr-da-deil-bu-a-artaud\/\"]}]},{\"@type\":\"BreadcrumbList\",\"@id\":\"https:\/\/narteks.net\/index.php\/2009\/11\/03\/bense-bu-duenyada-varolmadm-soeyleyebilirim-uestelik-basit-bir-ruhsal-tavr-da-deil-bu-a-artaud\/#breadcrumb\",\"itemListElement\":[{\"@type\":\"ListItem\",\"position\":1,\"name\":\"Anasayfa\",\"item\":\"https:\/\/narteks.net\/\"},{\"@type\":\"ListItem\",\"position\":2,\"name\":\"Bense bu d\u00fcnyada varolmad\u0131\u011f\u0131m\u0131 s\u00f6yleyebilirim, \u00fcstelik basit bir ruhsal tav\u0131r da de\u011fil bu | A. Artaud\"}]},{\"@type\":\"WebSite\",\"@id\":\"https:\/\/narteks.net\/#website\",\"url\":\"https:\/\/narteks.net\/\",\"name\":\"narteks.net\",\"description\":\"K\u00fclt\u00fcr Sanat Edebiyat Felsefe\",\"publisher\":{\"@id\":\"https:\/\/narteks.net\/#organization\"},\"alternateName\":\"K\u00fclt\u00fcr Sanat Edebiyat Felsefe\",\"potentialAction\":[{\"@type\":\"SearchAction\",\"target\":{\"@type\":\"EntryPoint\",\"urlTemplate\":\"https:\/\/narteks.net\/?s={search_term_string}\"},\"query-input\":{\"@type\":\"PropertyValueSpecification\",\"valueRequired\":true,\"valueName\":\"search_term_string\"}}],\"inLanguage\":\"tr\"},{\"@type\":\"Organization\",\"@id\":\"https:\/\/narteks.net\/#organization\",\"name\":\"narteks.net\",\"url\":\"https:\/\/narteks.net\/\",\"logo\":{\"@type\":\"ImageObject\",\"inLanguage\":\"tr\",\"@id\":\"https:\/\/narteks.net\/#\/schema\/logo\/image\/\",\"url\":\"https:\/\/narteks.net\/wp-content\/uploads\/narteks.png\",\"contentUrl\":\"https:\/\/narteks.net\/wp-content\/uploads\/narteks.png\",\"width\":300,\"height\":90,\"caption\":\"narteks.net\"},\"image\":{\"@id\":\"https:\/\/narteks.net\/#\/schema\/logo\/image\/\"},\"sameAs\":[\"https:\/\/x.com\/narteks\",\"https:\/\/instagram.com\/narteksnet\"]},{\"@type\":\"Person\",\"@id\":\"https:\/\/narteks.net\/#\/schema\/person\/61f37d9834294b72d31d274e7ed79bca\",\"name\":\"Tar\u0131k\",\"image\":{\"@type\":\"ImageObject\",\"inLanguage\":\"tr\",\"@id\":\"https:\/\/narteks.net\/#\/schema\/person\/image\/\",\"url\":\"https:\/\/secure.gravatar.com\/avatar\/50865afb55632c4ae467e0af0930f6510aa2297d8014be502a55b14f3b7550cf?s=96&d=mm&r=g\",\"contentUrl\":\"https:\/\/secure.gravatar.com\/avatar\/50865afb55632c4ae467e0af0930f6510aa2297d8014be502a55b14f3b7550cf?s=96&d=mm&r=g\",\"caption\":\"Tar\u0131k\"},\"sameAs\":[\"http:\/\/narteks.net\"],\"url\":\"https:\/\/narteks.net\/index.php\/author\/narbak\/\"}]}<\/script>\n<!-- \/ Yoast SEO Premium plugin. -->","yoast_head_json":{"title":"Bense bu d\u00fcnyada varolmad\u0131\u011f\u0131m\u0131 s\u00f6yleyebilirim, \u00fcstelik basit bir ruhsal tav\u0131r da de\u011fil bu | A. Artaud - narteks.net","robots":{"index":"index","follow":"follow","max-snippet":"max-snippet:-1","max-image-preview":"max-image-preview:large","max-video-preview":"max-video-preview:-1"},"canonical":"https:\/\/narteks.net\/index.php\/2009\/11\/03\/bense-bu-duenyada-varolmadm-soeyleyebilirim-uestelik-basit-bir-ruhsal-tavr-da-deil-bu-a-artaud\/","og_locale":"tr_TR","og_type":"article","og_title":"Bense bu d\u00fcnyada varolmad\u0131\u011f\u0131m\u0131 s\u00f6yleyebilirim, \u00fcstelik basit bir ruhsal tav\u0131r da de\u011fil bu | A. Artaud","og_description":"Sevgili bay\u0131m; Neden yalan s\u00f6ylemeli, neden ya\u015fam \u00e7\u0131\u011fl\u0131\u011f\u0131n\u0131n ta kendisi olan bir \u015feyi edebiyat d\u00fczlemine koymal\u0131, neden ger\u00e7ekli\u011fin s\u0131zlan\u0131\u015flar\u0131n\u0131 and\u0131ran, k\u00f6kleri ruha g\u00f6m\u00fcl\u00fc cevherden yap\u0131lm\u0131\u015f \u015feylere kurgu g\u00f6r\u00fcnt\u00fcs\u00fc vermeli? evet, d\u00fc\u015f\u00fcnceniz ho\u015fuma gitti, sevindirdi beni, koltuklar\u0131m\u0131 kabartt\u0131, ama bir \u015fart\u0131m var; sizi okuyacak ki\u015fi d\u00fczmece bir \u00e7al\u0131\u015fmayla kar\u015f\u0131 kar\u015f\u0131ya oldu\u011fu izlenimine kap\u0131lmamal\u0131. Yalan s\u00f6ylemeye hakk\u0131m\u0131z [&hellip;]","og_url":"https:\/\/narteks.net\/index.php\/2009\/11\/03\/bense-bu-duenyada-varolmadm-soeyleyebilirim-uestelik-basit-bir-ruhsal-tavr-da-deil-bu-a-artaud\/","og_site_name":"narteks.net","article_published_time":"2009-11-03T00:17:30+00:00","og_image":[{"width":300,"height":90,"url":"https:\/\/narteks.net\/wp-content\/uploads\/narteks.png","type":"image\/png"}],"author":"Tar\u0131k","twitter_card":"summary_large_image","twitter_creator":"@narteks","twitter_site":"@narteks","twitter_misc":{"Yazan:":"Tar\u0131k","Tahmini okuma s\u00fcresi":"7 dakika"},"schema":{"@context":"https:\/\/schema.org","@graph":[{"@type":"Article","@id":"https:\/\/narteks.net\/index.php\/2009\/11\/03\/bense-bu-duenyada-varolmadm-soeyleyebilirim-uestelik-basit-bir-ruhsal-tavr-da-deil-bu-a-artaud\/#article","isPartOf":{"@id":"https:\/\/narteks.net\/index.php\/2009\/11\/03\/bense-bu-duenyada-varolmadm-soeyleyebilirim-uestelik-basit-bir-ruhsal-tavr-da-deil-bu-a-artaud\/"},"author":{"name":"Tar\u0131k","@id":"https:\/\/narteks.net\/#\/schema\/person\/61f37d9834294b72d31d274e7ed79bca"},"headline":"Bense bu d\u00fcnyada varolmad\u0131\u011f\u0131m\u0131 s\u00f6yleyebilirim, \u00fcstelik basit bir ruhsal tav\u0131r da de\u011fil bu | A. Artaud","datePublished":"2009-11-03T00:17:30+00:00","mainEntityOfPage":{"@id":"https:\/\/narteks.net\/index.php\/2009\/11\/03\/bense-bu-duenyada-varolmadm-soeyleyebilirim-uestelik-basit-bir-ruhsal-tavr-da-deil-bu-a-artaud\/"},"wordCount":1369,"commentCount":0,"publisher":{"@id":"https:\/\/narteks.net\/#organization"},"articleSection":["Tiyatro \u00dczerine"],"inLanguage":"tr","potentialAction":[{"@type":"CommentAction","name":"Comment","target":["https:\/\/narteks.net\/index.php\/2009\/11\/03\/bense-bu-duenyada-varolmadm-soeyleyebilirim-uestelik-basit-bir-ruhsal-tavr-da-deil-bu-a-artaud\/#respond"]}]},{"@type":"WebPage","@id":"https:\/\/narteks.net\/index.php\/2009\/11\/03\/bense-bu-duenyada-varolmadm-soeyleyebilirim-uestelik-basit-bir-ruhsal-tavr-da-deil-bu-a-artaud\/","url":"https:\/\/narteks.net\/index.php\/2009\/11\/03\/bense-bu-duenyada-varolmadm-soeyleyebilirim-uestelik-basit-bir-ruhsal-tavr-da-deil-bu-a-artaud\/","name":"Bense bu d\u00fcnyada varolmad\u0131\u011f\u0131m\u0131 s\u00f6yleyebilirim, \u00fcstelik basit bir ruhsal tav\u0131r da de\u011fil bu | A. Artaud - narteks.net","isPartOf":{"@id":"https:\/\/narteks.net\/#website"},"datePublished":"2009-11-03T00:17:30+00:00","breadcrumb":{"@id":"https:\/\/narteks.net\/index.php\/2009\/11\/03\/bense-bu-duenyada-varolmadm-soeyleyebilirim-uestelik-basit-bir-ruhsal-tavr-da-deil-bu-a-artaud\/#breadcrumb"},"inLanguage":"tr","potentialAction":[{"@type":"ReadAction","target":["https:\/\/narteks.net\/index.php\/2009\/11\/03\/bense-bu-duenyada-varolmadm-soeyleyebilirim-uestelik-basit-bir-ruhsal-tavr-da-deil-bu-a-artaud\/"]}]},{"@type":"BreadcrumbList","@id":"https:\/\/narteks.net\/index.php\/2009\/11\/03\/bense-bu-duenyada-varolmadm-soeyleyebilirim-uestelik-basit-bir-ruhsal-tavr-da-deil-bu-a-artaud\/#breadcrumb","itemListElement":[{"@type":"ListItem","position":1,"name":"Anasayfa","item":"https:\/\/narteks.net\/"},{"@type":"ListItem","position":2,"name":"Bense bu d\u00fcnyada varolmad\u0131\u011f\u0131m\u0131 s\u00f6yleyebilirim, \u00fcstelik basit bir ruhsal tav\u0131r da de\u011fil bu | A. Artaud"}]},{"@type":"WebSite","@id":"https:\/\/narteks.net\/#website","url":"https:\/\/narteks.net\/","name":"narteks.net","description":"K\u00fclt\u00fcr Sanat Edebiyat Felsefe","publisher":{"@id":"https:\/\/narteks.net\/#organization"},"alternateName":"K\u00fclt\u00fcr Sanat Edebiyat Felsefe","potentialAction":[{"@type":"SearchAction","target":{"@type":"EntryPoint","urlTemplate":"https:\/\/narteks.net\/?s={search_term_string}"},"query-input":{"@type":"PropertyValueSpecification","valueRequired":true,"valueName":"search_term_string"}}],"inLanguage":"tr"},{"@type":"Organization","@id":"https:\/\/narteks.net\/#organization","name":"narteks.net","url":"https:\/\/narteks.net\/","logo":{"@type":"ImageObject","inLanguage":"tr","@id":"https:\/\/narteks.net\/#\/schema\/logo\/image\/","url":"https:\/\/narteks.net\/wp-content\/uploads\/narteks.png","contentUrl":"https:\/\/narteks.net\/wp-content\/uploads\/narteks.png","width":300,"height":90,"caption":"narteks.net"},"image":{"@id":"https:\/\/narteks.net\/#\/schema\/logo\/image\/"},"sameAs":["https:\/\/x.com\/narteks","https:\/\/instagram.com\/narteksnet"]},{"@type":"Person","@id":"https:\/\/narteks.net\/#\/schema\/person\/61f37d9834294b72d31d274e7ed79bca","name":"Tar\u0131k","image":{"@type":"ImageObject","inLanguage":"tr","@id":"https:\/\/narteks.net\/#\/schema\/person\/image\/","url":"https:\/\/secure.gravatar.com\/avatar\/50865afb55632c4ae467e0af0930f6510aa2297d8014be502a55b14f3b7550cf?s=96&d=mm&r=g","contentUrl":"https:\/\/secure.gravatar.com\/avatar\/50865afb55632c4ae467e0af0930f6510aa2297d8014be502a55b14f3b7550cf?s=96&d=mm&r=g","caption":"Tar\u0131k"},"sameAs":["http:\/\/narteks.net"],"url":"https:\/\/narteks.net\/index.php\/author\/narbak\/"}]}},"_links":{"self":[{"href":"https:\/\/narteks.net\/index.php\/wp-json\/wp\/v2\/posts\/852","targetHints":{"allow":["GET"]}}],"collection":[{"href":"https:\/\/narteks.net\/index.php\/wp-json\/wp\/v2\/posts"}],"about":[{"href":"https:\/\/narteks.net\/index.php\/wp-json\/wp\/v2\/types\/post"}],"author":[{"embeddable":true,"href":"https:\/\/narteks.net\/index.php\/wp-json\/wp\/v2\/users\/1"}],"replies":[{"embeddable":true,"href":"https:\/\/narteks.net\/index.php\/wp-json\/wp\/v2\/comments?post=852"}],"version-history":[{"count":0,"href":"https:\/\/narteks.net\/index.php\/wp-json\/wp\/v2\/posts\/852\/revisions"}],"wp:attachment":[{"href":"https:\/\/narteks.net\/index.php\/wp-json\/wp\/v2\/media?parent=852"}],"wp:term":[{"taxonomy":"category","embeddable":true,"href":"https:\/\/narteks.net\/index.php\/wp-json\/wp\/v2\/categories?post=852"},{"taxonomy":"post_tag","embeddable":true,"href":"https:\/\/narteks.net\/index.php\/wp-json\/wp\/v2\/tags?post=852"}],"curies":[{"name":"wp","href":"https:\/\/api.w.org\/{rel}","templated":true}]}}