{"id":853,"date":"2009-11-03T12:05:45","date_gmt":"2009-11-03T09:05:45","guid":{"rendered":"http:\/\/localhost\/wordpress\/2009\/11\/03\/adina-yaktigim-turkuler\/"},"modified":"2009-11-03T12:05:45","modified_gmt":"2009-11-03T09:05:45","slug":"adina-yaktigim-turkuler","status":"publish","type":"post","link":"https:\/\/narteks.net\/index.php\/2009\/11\/03\/adina-yaktigim-turkuler\/","title":{"rendered":"ADINA YAKTI\u011eIM T\u00dcRK\u00dcLER"},"content":{"rendered":"<p>\u00a0<\/p>\n<p>Ne s\u00f6yler bu t\u00fcrk\u00fcler<br \/>Ay karanl\u0131k gecelerde y\u00fczen gemiler<br \/>Sevilip sevdikten sonra<br \/>\u0130nsan b\u00f6yle yaln\u0131z m\u0131 kal\u0131r<br \/>Baht\u0131na hat\u0131rlamak m\u0131 d\u00fc\u015fer<\/p>\n<p>Ne s\u00f6yler bu t\u00fcrk\u00fcler<br \/>Bombo\u015f ovalardan ge\u00e7en trenler<br \/>Bir kere Menemen&#8217;den<br \/>Kollar\u0131 kelep\u00e7eli bir adamla<br \/>Bir cardarma oturdular yan\u0131ma<br \/>Manisa&#8217;da indiler<\/p>\n<p>K\u00fc\u00e7\u00fckt\u00fcn annem s\u00f6yledi<br \/>&#8220;At\u0131m\u0131n ad\u0131 Dilber&#8217;dir&#8221;<br \/>&#8220;\u0130skender Bey day\u0131md\u0131r&#8221;<br \/>B\u00fcy\u00fcd\u00fcm neden sonra anlad\u0131m<br \/>Has bah\u00e7ede k\u00f6r sarma\u015f\u0131k<br \/>Kar\u0131\u015f\u0131k g\u00fcller aras\u0131na<\/p>\n<p>Ben \u015fahin de\u011filim<br \/>Y\u00fckseklerde u\u00e7amam tek ba\u015f\u0131ma<br \/>Ser\u00e7e ku\u015fu de\u011filim<br \/>\u0130nemem nar dal\u0131ndan<br \/>P\u0131nar ba\u015f\u0131na<\/p>\n<p>Pencerem denize kar\u015f\u0131d\u0131r<br \/>Oturur d\u00fc\u015f\u00fcn\u00fcr\u00fcm baz\u0131 g\u00fcnler<br \/>Seni beni mahzun eden bu haller ge\u00e7er<br \/>G\u00fcn gelir herkes gibi ben de \u00f6l\u00fcr\u00fcm<br \/>Bu a\u015fk y\u00fcrekten y\u00fcre\u011fe yeniler<br \/>Bir g\u00fcn a\u011f\u0131zdan a\u011f\u0131za dola\u015f\u0131r<br \/>Ad\u0131na yakt\u0131\u011f\u0131m t\u00fcrk\u00fcler<\/p>\n<p>Necati CUMALI<\/p>\n","protected":false},"excerpt":{"rendered":"<p>\u00a0 Ne s\u00f6yler bu t\u00fcrk\u00fclerAy karanl\u0131k gecelerde y\u00fczen gemilerSevilip sevdikten sonra\u0130nsan b\u00f6yle yaln\u0131z m\u0131 kal\u0131rBaht\u0131na hat\u0131rlamak m\u0131 d\u00fc\u015fer Ne s\u00f6yler bu t\u00fcrk\u00fclerBombo\u015f ovalardan ge\u00e7en trenlerBir kere Menemen&#8217;denKollar\u0131 kelep\u00e7eli bir adamlaBir cardarma oturdular yan\u0131maManisa&#8217;da indiler K\u00fc\u00e7\u00fckt\u00fcn annem s\u00f6yledi&#8220;At\u0131m\u0131n ad\u0131 Dilber&#8217;dir&#8221;&#8220;\u0130skender Bey day\u0131md\u0131r&#8221;B\u00fcy\u00fcd\u00fcm neden sonra anlad\u0131mHas bah\u00e7ede k\u00f6r sarma\u015f\u0131kKar\u0131\u015f\u0131k g\u00fcller aras\u0131na Ben \u015fahin de\u011filimY\u00fckseklerde u\u00e7amam tek ba\u015f\u0131maSer\u00e7e [&hellip;]<\/p>\n","protected":false},"author":1,"featured_media":0,"comment_status":"open","ping_status":"open","sticky":false,"template":"","format":"standard","meta":{"footnotes":""},"categories":[24],"tags":[],"class_list":{"0":"post-853","1":"post","2":"type-post","3":"status-publish","4":"format-standard","6":"category-necati-cumali"},"yoast_head":"<!-- This site is optimized with the Yoast SEO Premium plugin v24.9 (Yoast SEO v24.9) - https:\/\/yoast.com\/wordpress\/plugins\/seo\/ -->\n<title>ADINA YAKTI\u011eIM T\u00dcRK\u00dcLER - narteks.net<\/title>\n<meta name=\"robots\" content=\"index, follow, max-snippet:-1, max-image-preview:large, max-video-preview:-1\" \/>\n<link rel=\"canonical\" href=\"https:\/\/narteks.net\/index.php\/2009\/11\/03\/adina-yaktigim-turkuler\/\" \/>\n<meta property=\"og:locale\" content=\"tr_TR\" \/>\n<meta property=\"og:type\" content=\"article\" \/>\n<meta property=\"og:title\" content=\"ADINA YAKTI\u011eIM T\u00dcRK\u00dcLER\" \/>\n<meta property=\"og:description\" content=\"\u00a0 Ne s\u00f6yler bu t\u00fcrk\u00fclerAy karanl\u0131k gecelerde y\u00fczen gemilerSevilip sevdikten sonra\u0130nsan b\u00f6yle yaln\u0131z m\u0131 kal\u0131rBaht\u0131na hat\u0131rlamak m\u0131 d\u00fc\u015fer Ne s\u00f6yler bu t\u00fcrk\u00fclerBombo\u015f ovalardan ge\u00e7en trenlerBir kere Menemen&#8217;denKollar\u0131 kelep\u00e7eli bir adamlaBir cardarma oturdular yan\u0131maManisa&#8217;da indiler K\u00fc\u00e7\u00fckt\u00fcn annem s\u00f6yledi&#8220;At\u0131m\u0131n ad\u0131 Dilber&#8217;dir&#8221;&#8220;\u0130skender Bey day\u0131md\u0131r&#8221;B\u00fcy\u00fcd\u00fcm neden sonra anlad\u0131mHas bah\u00e7ede k\u00f6r sarma\u015f\u0131kKar\u0131\u015f\u0131k g\u00fcller aras\u0131na Ben \u015fahin de\u011filimY\u00fckseklerde u\u00e7amam tek ba\u015f\u0131maSer\u00e7e [&hellip;]\" \/>\n<meta property=\"og:url\" content=\"https:\/\/narteks.net\/index.php\/2009\/11\/03\/adina-yaktigim-turkuler\/\" \/>\n<meta property=\"og:site_name\" content=\"narteks.net\" \/>\n<meta property=\"article:published_time\" content=\"2009-11-03T09:05:45+00:00\" \/>\n<meta property=\"og:image\" content=\"https:\/\/narteks.net\/wp-content\/uploads\/narteks.png\" \/>\n\t<meta property=\"og:image:width\" content=\"300\" \/>\n\t<meta property=\"og:image:height\" content=\"90\" \/>\n\t<meta property=\"og:image:type\" content=\"image\/png\" \/>\n<meta name=\"author\" content=\"Tar\u0131k\" \/>\n<meta name=\"twitter:card\" content=\"summary_large_image\" \/>\n<meta name=\"twitter:creator\" content=\"@narteks\" \/>\n<meta name=\"twitter:site\" content=\"@narteks\" \/>\n<meta name=\"twitter:label1\" content=\"Yazan:\" \/>\n\t<meta name=\"twitter:data1\" content=\"Tar\u0131k\" \/>\n\t<meta name=\"twitter:label2\" content=\"Tahmini okuma s\u00fcresi\" \/>\n\t<meta name=\"twitter:data2\" content=\"1 dakika\" \/>\n<script type=\"application\/ld+json\" class=\"yoast-schema-graph\">{\"@context\":\"https:\/\/schema.org\",\"@graph\":[{\"@type\":\"Article\",\"@id\":\"https:\/\/narteks.net\/index.php\/2009\/11\/03\/adina-yaktigim-turkuler\/#article\",\"isPartOf\":{\"@id\":\"https:\/\/narteks.net\/index.php\/2009\/11\/03\/adina-yaktigim-turkuler\/\"},\"author\":{\"name\":\"Tar\u0131k\",\"@id\":\"https:\/\/narteks.net\/#\/schema\/person\/61f37d9834294b72d31d274e7ed79bca\"},\"headline\":\"ADINA YAKTI\u011eIM T\u00dcRK\u00dcLER\",\"datePublished\":\"2009-11-03T09:05:45+00:00\",\"mainEntityOfPage\":{\"@id\":\"https:\/\/narteks.net\/index.php\/2009\/11\/03\/adina-yaktigim-turkuler\/\"},\"wordCount\":166,\"commentCount\":0,\"publisher\":{\"@id\":\"https:\/\/narteks.net\/#organization\"},\"articleSection\":[\"Necati CUMALI\"],\"inLanguage\":\"tr\",\"potentialAction\":[{\"@type\":\"CommentAction\",\"name\":\"Comment\",\"target\":[\"https:\/\/narteks.net\/index.php\/2009\/11\/03\/adina-yaktigim-turkuler\/#respond\"]}]},{\"@type\":\"WebPage\",\"@id\":\"https:\/\/narteks.net\/index.php\/2009\/11\/03\/adina-yaktigim-turkuler\/\",\"url\":\"https:\/\/narteks.net\/index.php\/2009\/11\/03\/adina-yaktigim-turkuler\/\",\"name\":\"ADINA YAKTI\u011eIM T\u00dcRK\u00dcLER - narteks.net\",\"isPartOf\":{\"@id\":\"https:\/\/narteks.net\/#website\"},\"datePublished\":\"2009-11-03T09:05:45+00:00\",\"breadcrumb\":{\"@id\":\"https:\/\/narteks.net\/index.php\/2009\/11\/03\/adina-yaktigim-turkuler\/#breadcrumb\"},\"inLanguage\":\"tr\",\"potentialAction\":[{\"@type\":\"ReadAction\",\"target\":[\"https:\/\/narteks.net\/index.php\/2009\/11\/03\/adina-yaktigim-turkuler\/\"]}]},{\"@type\":\"BreadcrumbList\",\"@id\":\"https:\/\/narteks.net\/index.php\/2009\/11\/03\/adina-yaktigim-turkuler\/#breadcrumb\",\"itemListElement\":[{\"@type\":\"ListItem\",\"position\":1,\"name\":\"Anasayfa\",\"item\":\"https:\/\/narteks.net\/\"},{\"@type\":\"ListItem\",\"position\":2,\"name\":\"ADINA YAKTI\u011eIM T\u00dcRK\u00dcLER\"}]},{\"@type\":\"WebSite\",\"@id\":\"https:\/\/narteks.net\/#website\",\"url\":\"https:\/\/narteks.net\/\",\"name\":\"narteks.net\",\"description\":\"K\u00fclt\u00fcr Sanat Edebiyat Felsefe\",\"publisher\":{\"@id\":\"https:\/\/narteks.net\/#organization\"},\"alternateName\":\"K\u00fclt\u00fcr Sanat Edebiyat Felsefe\",\"potentialAction\":[{\"@type\":\"SearchAction\",\"target\":{\"@type\":\"EntryPoint\",\"urlTemplate\":\"https:\/\/narteks.net\/?s={search_term_string}\"},\"query-input\":{\"@type\":\"PropertyValueSpecification\",\"valueRequired\":true,\"valueName\":\"search_term_string\"}}],\"inLanguage\":\"tr\"},{\"@type\":\"Organization\",\"@id\":\"https:\/\/narteks.net\/#organization\",\"name\":\"narteks.net\",\"url\":\"https:\/\/narteks.net\/\",\"logo\":{\"@type\":\"ImageObject\",\"inLanguage\":\"tr\",\"@id\":\"https:\/\/narteks.net\/#\/schema\/logo\/image\/\",\"url\":\"https:\/\/narteks.net\/wp-content\/uploads\/narteks.png\",\"contentUrl\":\"https:\/\/narteks.net\/wp-content\/uploads\/narteks.png\",\"width\":300,\"height\":90,\"caption\":\"narteks.net\"},\"image\":{\"@id\":\"https:\/\/narteks.net\/#\/schema\/logo\/image\/\"},\"sameAs\":[\"https:\/\/x.com\/narteks\",\"https:\/\/instagram.com\/narteksnet\"]},{\"@type\":\"Person\",\"@id\":\"https:\/\/narteks.net\/#\/schema\/person\/61f37d9834294b72d31d274e7ed79bca\",\"name\":\"Tar\u0131k\",\"image\":{\"@type\":\"ImageObject\",\"inLanguage\":\"tr\",\"@id\":\"https:\/\/narteks.net\/#\/schema\/person\/image\/\",\"url\":\"https:\/\/secure.gravatar.com\/avatar\/50865afb55632c4ae467e0af0930f6510aa2297d8014be502a55b14f3b7550cf?s=96&d=mm&r=g\",\"contentUrl\":\"https:\/\/secure.gravatar.com\/avatar\/50865afb55632c4ae467e0af0930f6510aa2297d8014be502a55b14f3b7550cf?s=96&d=mm&r=g\",\"caption\":\"Tar\u0131k\"},\"sameAs\":[\"http:\/\/narteks.net\"],\"url\":\"https:\/\/narteks.net\/index.php\/author\/narbak\/\"}]}<\/script>\n<!-- \/ Yoast SEO Premium plugin. -->","yoast_head_json":{"title":"ADINA YAKTI\u011eIM T\u00dcRK\u00dcLER - narteks.net","robots":{"index":"index","follow":"follow","max-snippet":"max-snippet:-1","max-image-preview":"max-image-preview:large","max-video-preview":"max-video-preview:-1"},"canonical":"https:\/\/narteks.net\/index.php\/2009\/11\/03\/adina-yaktigim-turkuler\/","og_locale":"tr_TR","og_type":"article","og_title":"ADINA YAKTI\u011eIM T\u00dcRK\u00dcLER","og_description":"\u00a0 Ne s\u00f6yler bu t\u00fcrk\u00fclerAy karanl\u0131k gecelerde y\u00fczen gemilerSevilip sevdikten sonra\u0130nsan b\u00f6yle yaln\u0131z m\u0131 kal\u0131rBaht\u0131na hat\u0131rlamak m\u0131 d\u00fc\u015fer Ne s\u00f6yler bu t\u00fcrk\u00fclerBombo\u015f ovalardan ge\u00e7en trenlerBir kere Menemen&#8217;denKollar\u0131 kelep\u00e7eli bir adamlaBir cardarma oturdular yan\u0131maManisa&#8217;da indiler K\u00fc\u00e7\u00fckt\u00fcn annem s\u00f6yledi&#8220;At\u0131m\u0131n ad\u0131 Dilber&#8217;dir&#8221;&#8220;\u0130skender Bey day\u0131md\u0131r&#8221;B\u00fcy\u00fcd\u00fcm neden sonra anlad\u0131mHas bah\u00e7ede k\u00f6r sarma\u015f\u0131kKar\u0131\u015f\u0131k g\u00fcller aras\u0131na Ben \u015fahin de\u011filimY\u00fckseklerde u\u00e7amam tek ba\u015f\u0131maSer\u00e7e [&hellip;]","og_url":"https:\/\/narteks.net\/index.php\/2009\/11\/03\/adina-yaktigim-turkuler\/","og_site_name":"narteks.net","article_published_time":"2009-11-03T09:05:45+00:00","og_image":[{"width":300,"height":90,"url":"https:\/\/narteks.net\/wp-content\/uploads\/narteks.png","type":"image\/png"}],"author":"Tar\u0131k","twitter_card":"summary_large_image","twitter_creator":"@narteks","twitter_site":"@narteks","twitter_misc":{"Yazan:":"Tar\u0131k","Tahmini okuma s\u00fcresi":"1 dakika"},"schema":{"@context":"https:\/\/schema.org","@graph":[{"@type":"Article","@id":"https:\/\/narteks.net\/index.php\/2009\/11\/03\/adina-yaktigim-turkuler\/#article","isPartOf":{"@id":"https:\/\/narteks.net\/index.php\/2009\/11\/03\/adina-yaktigim-turkuler\/"},"author":{"name":"Tar\u0131k","@id":"https:\/\/narteks.net\/#\/schema\/person\/61f37d9834294b72d31d274e7ed79bca"},"headline":"ADINA YAKTI\u011eIM T\u00dcRK\u00dcLER","datePublished":"2009-11-03T09:05:45+00:00","mainEntityOfPage":{"@id":"https:\/\/narteks.net\/index.php\/2009\/11\/03\/adina-yaktigim-turkuler\/"},"wordCount":166,"commentCount":0,"publisher":{"@id":"https:\/\/narteks.net\/#organization"},"articleSection":["Necati CUMALI"],"inLanguage":"tr","potentialAction":[{"@type":"CommentAction","name":"Comment","target":["https:\/\/narteks.net\/index.php\/2009\/11\/03\/adina-yaktigim-turkuler\/#respond"]}]},{"@type":"WebPage","@id":"https:\/\/narteks.net\/index.php\/2009\/11\/03\/adina-yaktigim-turkuler\/","url":"https:\/\/narteks.net\/index.php\/2009\/11\/03\/adina-yaktigim-turkuler\/","name":"ADINA YAKTI\u011eIM T\u00dcRK\u00dcLER - narteks.net","isPartOf":{"@id":"https:\/\/narteks.net\/#website"},"datePublished":"2009-11-03T09:05:45+00:00","breadcrumb":{"@id":"https:\/\/narteks.net\/index.php\/2009\/11\/03\/adina-yaktigim-turkuler\/#breadcrumb"},"inLanguage":"tr","potentialAction":[{"@type":"ReadAction","target":["https:\/\/narteks.net\/index.php\/2009\/11\/03\/adina-yaktigim-turkuler\/"]}]},{"@type":"BreadcrumbList","@id":"https:\/\/narteks.net\/index.php\/2009\/11\/03\/adina-yaktigim-turkuler\/#breadcrumb","itemListElement":[{"@type":"ListItem","position":1,"name":"Anasayfa","item":"https:\/\/narteks.net\/"},{"@type":"ListItem","position":2,"name":"ADINA YAKTI\u011eIM T\u00dcRK\u00dcLER"}]},{"@type":"WebSite","@id":"https:\/\/narteks.net\/#website","url":"https:\/\/narteks.net\/","name":"narteks.net","description":"K\u00fclt\u00fcr Sanat Edebiyat Felsefe","publisher":{"@id":"https:\/\/narteks.net\/#organization"},"alternateName":"K\u00fclt\u00fcr Sanat Edebiyat Felsefe","potentialAction":[{"@type":"SearchAction","target":{"@type":"EntryPoint","urlTemplate":"https:\/\/narteks.net\/?s={search_term_string}"},"query-input":{"@type":"PropertyValueSpecification","valueRequired":true,"valueName":"search_term_string"}}],"inLanguage":"tr"},{"@type":"Organization","@id":"https:\/\/narteks.net\/#organization","name":"narteks.net","url":"https:\/\/narteks.net\/","logo":{"@type":"ImageObject","inLanguage":"tr","@id":"https:\/\/narteks.net\/#\/schema\/logo\/image\/","url":"https:\/\/narteks.net\/wp-content\/uploads\/narteks.png","contentUrl":"https:\/\/narteks.net\/wp-content\/uploads\/narteks.png","width":300,"height":90,"caption":"narteks.net"},"image":{"@id":"https:\/\/narteks.net\/#\/schema\/logo\/image\/"},"sameAs":["https:\/\/x.com\/narteks","https:\/\/instagram.com\/narteksnet"]},{"@type":"Person","@id":"https:\/\/narteks.net\/#\/schema\/person\/61f37d9834294b72d31d274e7ed79bca","name":"Tar\u0131k","image":{"@type":"ImageObject","inLanguage":"tr","@id":"https:\/\/narteks.net\/#\/schema\/person\/image\/","url":"https:\/\/secure.gravatar.com\/avatar\/50865afb55632c4ae467e0af0930f6510aa2297d8014be502a55b14f3b7550cf?s=96&d=mm&r=g","contentUrl":"https:\/\/secure.gravatar.com\/avatar\/50865afb55632c4ae467e0af0930f6510aa2297d8014be502a55b14f3b7550cf?s=96&d=mm&r=g","caption":"Tar\u0131k"},"sameAs":["http:\/\/narteks.net"],"url":"https:\/\/narteks.net\/index.php\/author\/narbak\/"}]}},"_links":{"self":[{"href":"https:\/\/narteks.net\/index.php\/wp-json\/wp\/v2\/posts\/853","targetHints":{"allow":["GET"]}}],"collection":[{"href":"https:\/\/narteks.net\/index.php\/wp-json\/wp\/v2\/posts"}],"about":[{"href":"https:\/\/narteks.net\/index.php\/wp-json\/wp\/v2\/types\/post"}],"author":[{"embeddable":true,"href":"https:\/\/narteks.net\/index.php\/wp-json\/wp\/v2\/users\/1"}],"replies":[{"embeddable":true,"href":"https:\/\/narteks.net\/index.php\/wp-json\/wp\/v2\/comments?post=853"}],"version-history":[{"count":0,"href":"https:\/\/narteks.net\/index.php\/wp-json\/wp\/v2\/posts\/853\/revisions"}],"wp:attachment":[{"href":"https:\/\/narteks.net\/index.php\/wp-json\/wp\/v2\/media?parent=853"}],"wp:term":[{"taxonomy":"category","embeddable":true,"href":"https:\/\/narteks.net\/index.php\/wp-json\/wp\/v2\/categories?post=853"},{"taxonomy":"post_tag","embeddable":true,"href":"https:\/\/narteks.net\/index.php\/wp-json\/wp\/v2\/tags?post=853"}],"curies":[{"name":"wp","href":"https:\/\/api.w.org\/{rel}","templated":true}]}}