{"id":866,"date":"2009-11-03T12:15:57","date_gmt":"2009-11-03T09:15:57","guid":{"rendered":"http:\/\/localhost\/wordpress\/2009\/11\/03\/ithaf\/"},"modified":"2009-11-03T12:15:57","modified_gmt":"2009-11-03T09:15:57","slug":"ithaf","status":"publish","type":"post","link":"https:\/\/narteks.net\/index.php\/2009\/11\/03\/ithaf\/","title":{"rendered":"\u0130THAF"},"content":{"rendered":"<p>\u00a0<\/p>\n<p>K\u00fc\u00e7\u00fc\u011f\u00fcm, sen \u015fimdi onsekizindesin<br \/>G\u00fczelli\u011fin g\u00fcn g\u00fcnden dillere destan<br \/>Hat\u0131ramda herbiri seninle canlanan<br \/>\u0130zmir&#8217;in g\u00fcnlerinde gecelerindesin<\/p>\n<p>S\u00f6nm\u00fc\u015f yanarda\u011flar, kaleler ete\u011finde<br \/>Y\u00fczy\u0131llard\u0131r uyuyan \u015fu bizim \u0130zmir<br \/>O \u00e2\u015f\u0131k kad\u0131nlar\u0131, levent erkekleri nerde?<br \/>Sahiden ya\u015fay\u0131p g\u00f6\u00e7t\u00fcler mi kimbilir?<\/p>\n<p>Balkonlara, yal\u0131lara dalar d\u00fc\u015f\u00fcn\u00fcr\u00fcm<br \/>O g\u00fcnler uzakla\u015fan yelkenlerin pe\u015fi s\u0131ra<br \/>Akan bulutlar gibi ge\u00e7mi\u015f: ne iz, ne h\u00e2t\u0131ra!<br \/>S\u0131r \u015fimdi bunca g\u00fczel hayat, g\u00fczel \u00f6l\u00fcm!<\/p>\n<p>S\u0131r \u015fimdi g\u00f6zya\u015flar\u0131, saadet dilekleri<br \/>Bize gelen y\u00fczy\u0131llar\u0131n hik\u00e2yesi s\u0131r<br \/>Eski \u0130zmir diye ne varsa \u015funun bunun bildi\u011fi<br \/>Ya\u015fl\u0131lar\u0131n k\u0131r\u0131k d\u00f6k\u00fck anlatt\u0131\u011f\u0131d\u0131r<\/p>\n<p>A\u015fk\u0131 \u015fehirler yarat\u0131r, \u015fehirler ya\u015fat\u0131r<br \/>Ben g\u00f6nl\u00fcmce ya\u015fad\u0131m, g\u00f6nl\u00fcmce sevdim<br \/>Bilirim saadetim, yaln\u0131zl\u0131\u011f\u0131m bundand\u0131r<br \/>Seni buldu\u011fum, kaybetti\u011fim g\u00fcnden bilirim.<\/p>\n<p>A\u015fklar\u0131n\u0131n tarihi bir \u015fehrin tarihidir diyorum<br \/>G\u00fcn gelir a\u015fklariyle an\u0131l\u0131r \u015fehirler an\u0131l\u0131rsa<br \/>Niyetim sevdal\u0131 s\u00f6zler etmek de olmasa<br \/>\u0130zmir i\u00e7in ne yazarsam sana ad\u0131yorum!<\/p>\n<p>Necati CUMALI<\/p>\n","protected":false},"excerpt":{"rendered":"<p>\u00a0 K\u00fc\u00e7\u00fc\u011f\u00fcm, sen \u015fimdi onsekizindesinG\u00fczelli\u011fin g\u00fcn g\u00fcnden dillere destanHat\u0131ramda herbiri seninle canlanan\u0130zmir&#8217;in g\u00fcnlerinde gecelerindesin S\u00f6nm\u00fc\u015f yanarda\u011flar, kaleler ete\u011findeY\u00fczy\u0131llard\u0131r uyuyan \u015fu bizim \u0130zmirO \u00e2\u015f\u0131k kad\u0131nlar\u0131, levent erkekleri nerde?Sahiden ya\u015fay\u0131p g\u00f6\u00e7t\u00fcler mi kimbilir? Balkonlara, yal\u0131lara dalar d\u00fc\u015f\u00fcn\u00fcr\u00fcmO g\u00fcnler uzakla\u015fan yelkenlerin pe\u015fi s\u0131raAkan bulutlar gibi ge\u00e7mi\u015f: ne iz, ne h\u00e2t\u0131ra!S\u0131r \u015fimdi bunca g\u00fczel hayat, g\u00fczel \u00f6l\u00fcm! S\u0131r \u015fimdi [&hellip;]<\/p>\n","protected":false},"author":1,"featured_media":0,"comment_status":"open","ping_status":"open","sticky":false,"template":"","format":"standard","meta":{"footnotes":""},"categories":[24],"tags":[],"class_list":{"0":"post-866","1":"post","2":"type-post","3":"status-publish","4":"format-standard","6":"category-necati-cumali"},"yoast_head":"<!-- This site is optimized with the Yoast SEO Premium plugin v24.9 (Yoast SEO v24.9) - https:\/\/yoast.com\/wordpress\/plugins\/seo\/ -->\n<title>\u0130THAF - narteks.net<\/title>\n<meta name=\"robots\" content=\"index, follow, max-snippet:-1, max-image-preview:large, max-video-preview:-1\" \/>\n<link rel=\"canonical\" href=\"https:\/\/narteks.net\/index.php\/2009\/11\/03\/ithaf\/\" \/>\n<meta property=\"og:locale\" content=\"tr_TR\" \/>\n<meta property=\"og:type\" content=\"article\" \/>\n<meta property=\"og:title\" content=\"\u0130THAF\" \/>\n<meta property=\"og:description\" content=\"\u00a0 K\u00fc\u00e7\u00fc\u011f\u00fcm, sen \u015fimdi onsekizindesinG\u00fczelli\u011fin g\u00fcn g\u00fcnden dillere destanHat\u0131ramda herbiri seninle canlanan\u0130zmir&#8217;in g\u00fcnlerinde gecelerindesin S\u00f6nm\u00fc\u015f yanarda\u011flar, kaleler ete\u011findeY\u00fczy\u0131llard\u0131r uyuyan \u015fu bizim \u0130zmirO \u00e2\u015f\u0131k kad\u0131nlar\u0131, levent erkekleri nerde?Sahiden ya\u015fay\u0131p g\u00f6\u00e7t\u00fcler mi kimbilir? Balkonlara, yal\u0131lara dalar d\u00fc\u015f\u00fcn\u00fcr\u00fcmO g\u00fcnler uzakla\u015fan yelkenlerin pe\u015fi s\u0131raAkan bulutlar gibi ge\u00e7mi\u015f: ne iz, ne h\u00e2t\u0131ra!S\u0131r \u015fimdi bunca g\u00fczel hayat, g\u00fczel \u00f6l\u00fcm! S\u0131r \u015fimdi [&hellip;]\" \/>\n<meta property=\"og:url\" content=\"https:\/\/narteks.net\/index.php\/2009\/11\/03\/ithaf\/\" \/>\n<meta property=\"og:site_name\" content=\"narteks.net\" \/>\n<meta property=\"article:published_time\" content=\"2009-11-03T09:15:57+00:00\" \/>\n<meta property=\"og:image\" content=\"https:\/\/narteks.net\/wp-content\/uploads\/narteks.png\" \/>\n\t<meta property=\"og:image:width\" content=\"300\" \/>\n\t<meta property=\"og:image:height\" content=\"90\" \/>\n\t<meta property=\"og:image:type\" content=\"image\/png\" \/>\n<meta name=\"author\" content=\"Tar\u0131k\" \/>\n<meta name=\"twitter:card\" content=\"summary_large_image\" \/>\n<meta name=\"twitter:creator\" content=\"@narteks\" \/>\n<meta name=\"twitter:site\" content=\"@narteks\" \/>\n<meta name=\"twitter:label1\" content=\"Yazan:\" \/>\n\t<meta name=\"twitter:data1\" content=\"Tar\u0131k\" \/>\n\t<meta name=\"twitter:label2\" content=\"Tahmini okuma s\u00fcresi\" \/>\n\t<meta name=\"twitter:data2\" content=\"1 dakika\" \/>\n<script type=\"application\/ld+json\" class=\"yoast-schema-graph\">{\"@context\":\"https:\/\/schema.org\",\"@graph\":[{\"@type\":\"Article\",\"@id\":\"https:\/\/narteks.net\/index.php\/2009\/11\/03\/ithaf\/#article\",\"isPartOf\":{\"@id\":\"https:\/\/narteks.net\/index.php\/2009\/11\/03\/ithaf\/\"},\"author\":{\"name\":\"Tar\u0131k\",\"@id\":\"https:\/\/narteks.net\/#\/schema\/person\/61f37d9834294b72d31d274e7ed79bca\"},\"headline\":\"\u0130THAF\",\"datePublished\":\"2009-11-03T09:15:57+00:00\",\"mainEntityOfPage\":{\"@id\":\"https:\/\/narteks.net\/index.php\/2009\/11\/03\/ithaf\/\"},\"wordCount\":194,\"commentCount\":0,\"publisher\":{\"@id\":\"https:\/\/narteks.net\/#organization\"},\"articleSection\":[\"Necati CUMALI\"],\"inLanguage\":\"tr\",\"potentialAction\":[{\"@type\":\"CommentAction\",\"name\":\"Comment\",\"target\":[\"https:\/\/narteks.net\/index.php\/2009\/11\/03\/ithaf\/#respond\"]}]},{\"@type\":\"WebPage\",\"@id\":\"https:\/\/narteks.net\/index.php\/2009\/11\/03\/ithaf\/\",\"url\":\"https:\/\/narteks.net\/index.php\/2009\/11\/03\/ithaf\/\",\"name\":\"\u0130THAF - narteks.net\",\"isPartOf\":{\"@id\":\"https:\/\/narteks.net\/#website\"},\"datePublished\":\"2009-11-03T09:15:57+00:00\",\"breadcrumb\":{\"@id\":\"https:\/\/narteks.net\/index.php\/2009\/11\/03\/ithaf\/#breadcrumb\"},\"inLanguage\":\"tr\",\"potentialAction\":[{\"@type\":\"ReadAction\",\"target\":[\"https:\/\/narteks.net\/index.php\/2009\/11\/03\/ithaf\/\"]}]},{\"@type\":\"BreadcrumbList\",\"@id\":\"https:\/\/narteks.net\/index.php\/2009\/11\/03\/ithaf\/#breadcrumb\",\"itemListElement\":[{\"@type\":\"ListItem\",\"position\":1,\"name\":\"Anasayfa\",\"item\":\"https:\/\/narteks.net\/\"},{\"@type\":\"ListItem\",\"position\":2,\"name\":\"\u0130THAF\"}]},{\"@type\":\"WebSite\",\"@id\":\"https:\/\/narteks.net\/#website\",\"url\":\"https:\/\/narteks.net\/\",\"name\":\"narteks.net\",\"description\":\"K\u00fclt\u00fcr Sanat Edebiyat Felsefe\",\"publisher\":{\"@id\":\"https:\/\/narteks.net\/#organization\"},\"alternateName\":\"K\u00fclt\u00fcr Sanat Edebiyat Felsefe\",\"potentialAction\":[{\"@type\":\"SearchAction\",\"target\":{\"@type\":\"EntryPoint\",\"urlTemplate\":\"https:\/\/narteks.net\/?s={search_term_string}\"},\"query-input\":{\"@type\":\"PropertyValueSpecification\",\"valueRequired\":true,\"valueName\":\"search_term_string\"}}],\"inLanguage\":\"tr\"},{\"@type\":\"Organization\",\"@id\":\"https:\/\/narteks.net\/#organization\",\"name\":\"narteks.net\",\"url\":\"https:\/\/narteks.net\/\",\"logo\":{\"@type\":\"ImageObject\",\"inLanguage\":\"tr\",\"@id\":\"https:\/\/narteks.net\/#\/schema\/logo\/image\/\",\"url\":\"https:\/\/narteks.net\/wp-content\/uploads\/narteks.png\",\"contentUrl\":\"https:\/\/narteks.net\/wp-content\/uploads\/narteks.png\",\"width\":300,\"height\":90,\"caption\":\"narteks.net\"},\"image\":{\"@id\":\"https:\/\/narteks.net\/#\/schema\/logo\/image\/\"},\"sameAs\":[\"https:\/\/x.com\/narteks\",\"https:\/\/instagram.com\/narteksnet\"]},{\"@type\":\"Person\",\"@id\":\"https:\/\/narteks.net\/#\/schema\/person\/61f37d9834294b72d31d274e7ed79bca\",\"name\":\"Tar\u0131k\",\"image\":{\"@type\":\"ImageObject\",\"inLanguage\":\"tr\",\"@id\":\"https:\/\/narteks.net\/#\/schema\/person\/image\/\",\"url\":\"https:\/\/secure.gravatar.com\/avatar\/50865afb55632c4ae467e0af0930f6510aa2297d8014be502a55b14f3b7550cf?s=96&d=mm&r=g\",\"contentUrl\":\"https:\/\/secure.gravatar.com\/avatar\/50865afb55632c4ae467e0af0930f6510aa2297d8014be502a55b14f3b7550cf?s=96&d=mm&r=g\",\"caption\":\"Tar\u0131k\"},\"sameAs\":[\"http:\/\/narteks.net\"],\"url\":\"https:\/\/narteks.net\/index.php\/author\/narbak\/\"}]}<\/script>\n<!-- \/ Yoast SEO Premium plugin. -->","yoast_head_json":{"title":"\u0130THAF - narteks.net","robots":{"index":"index","follow":"follow","max-snippet":"max-snippet:-1","max-image-preview":"max-image-preview:large","max-video-preview":"max-video-preview:-1"},"canonical":"https:\/\/narteks.net\/index.php\/2009\/11\/03\/ithaf\/","og_locale":"tr_TR","og_type":"article","og_title":"\u0130THAF","og_description":"\u00a0 K\u00fc\u00e7\u00fc\u011f\u00fcm, sen \u015fimdi onsekizindesinG\u00fczelli\u011fin g\u00fcn g\u00fcnden dillere destanHat\u0131ramda herbiri seninle canlanan\u0130zmir&#8217;in g\u00fcnlerinde gecelerindesin S\u00f6nm\u00fc\u015f yanarda\u011flar, kaleler ete\u011findeY\u00fczy\u0131llard\u0131r uyuyan \u015fu bizim \u0130zmirO \u00e2\u015f\u0131k kad\u0131nlar\u0131, levent erkekleri nerde?Sahiden ya\u015fay\u0131p g\u00f6\u00e7t\u00fcler mi kimbilir? Balkonlara, yal\u0131lara dalar d\u00fc\u015f\u00fcn\u00fcr\u00fcmO g\u00fcnler uzakla\u015fan yelkenlerin pe\u015fi s\u0131raAkan bulutlar gibi ge\u00e7mi\u015f: ne iz, ne h\u00e2t\u0131ra!S\u0131r \u015fimdi bunca g\u00fczel hayat, g\u00fczel \u00f6l\u00fcm! S\u0131r \u015fimdi [&hellip;]","og_url":"https:\/\/narteks.net\/index.php\/2009\/11\/03\/ithaf\/","og_site_name":"narteks.net","article_published_time":"2009-11-03T09:15:57+00:00","og_image":[{"width":300,"height":90,"url":"https:\/\/narteks.net\/wp-content\/uploads\/narteks.png","type":"image\/png"}],"author":"Tar\u0131k","twitter_card":"summary_large_image","twitter_creator":"@narteks","twitter_site":"@narteks","twitter_misc":{"Yazan:":"Tar\u0131k","Tahmini okuma s\u00fcresi":"1 dakika"},"schema":{"@context":"https:\/\/schema.org","@graph":[{"@type":"Article","@id":"https:\/\/narteks.net\/index.php\/2009\/11\/03\/ithaf\/#article","isPartOf":{"@id":"https:\/\/narteks.net\/index.php\/2009\/11\/03\/ithaf\/"},"author":{"name":"Tar\u0131k","@id":"https:\/\/narteks.net\/#\/schema\/person\/61f37d9834294b72d31d274e7ed79bca"},"headline":"\u0130THAF","datePublished":"2009-11-03T09:15:57+00:00","mainEntityOfPage":{"@id":"https:\/\/narteks.net\/index.php\/2009\/11\/03\/ithaf\/"},"wordCount":194,"commentCount":0,"publisher":{"@id":"https:\/\/narteks.net\/#organization"},"articleSection":["Necati CUMALI"],"inLanguage":"tr","potentialAction":[{"@type":"CommentAction","name":"Comment","target":["https:\/\/narteks.net\/index.php\/2009\/11\/03\/ithaf\/#respond"]}]},{"@type":"WebPage","@id":"https:\/\/narteks.net\/index.php\/2009\/11\/03\/ithaf\/","url":"https:\/\/narteks.net\/index.php\/2009\/11\/03\/ithaf\/","name":"\u0130THAF - narteks.net","isPartOf":{"@id":"https:\/\/narteks.net\/#website"},"datePublished":"2009-11-03T09:15:57+00:00","breadcrumb":{"@id":"https:\/\/narteks.net\/index.php\/2009\/11\/03\/ithaf\/#breadcrumb"},"inLanguage":"tr","potentialAction":[{"@type":"ReadAction","target":["https:\/\/narteks.net\/index.php\/2009\/11\/03\/ithaf\/"]}]},{"@type":"BreadcrumbList","@id":"https:\/\/narteks.net\/index.php\/2009\/11\/03\/ithaf\/#breadcrumb","itemListElement":[{"@type":"ListItem","position":1,"name":"Anasayfa","item":"https:\/\/narteks.net\/"},{"@type":"ListItem","position":2,"name":"\u0130THAF"}]},{"@type":"WebSite","@id":"https:\/\/narteks.net\/#website","url":"https:\/\/narteks.net\/","name":"narteks.net","description":"K\u00fclt\u00fcr Sanat Edebiyat Felsefe","publisher":{"@id":"https:\/\/narteks.net\/#organization"},"alternateName":"K\u00fclt\u00fcr Sanat Edebiyat Felsefe","potentialAction":[{"@type":"SearchAction","target":{"@type":"EntryPoint","urlTemplate":"https:\/\/narteks.net\/?s={search_term_string}"},"query-input":{"@type":"PropertyValueSpecification","valueRequired":true,"valueName":"search_term_string"}}],"inLanguage":"tr"},{"@type":"Organization","@id":"https:\/\/narteks.net\/#organization","name":"narteks.net","url":"https:\/\/narteks.net\/","logo":{"@type":"ImageObject","inLanguage":"tr","@id":"https:\/\/narteks.net\/#\/schema\/logo\/image\/","url":"https:\/\/narteks.net\/wp-content\/uploads\/narteks.png","contentUrl":"https:\/\/narteks.net\/wp-content\/uploads\/narteks.png","width":300,"height":90,"caption":"narteks.net"},"image":{"@id":"https:\/\/narteks.net\/#\/schema\/logo\/image\/"},"sameAs":["https:\/\/x.com\/narteks","https:\/\/instagram.com\/narteksnet"]},{"@type":"Person","@id":"https:\/\/narteks.net\/#\/schema\/person\/61f37d9834294b72d31d274e7ed79bca","name":"Tar\u0131k","image":{"@type":"ImageObject","inLanguage":"tr","@id":"https:\/\/narteks.net\/#\/schema\/person\/image\/","url":"https:\/\/secure.gravatar.com\/avatar\/50865afb55632c4ae467e0af0930f6510aa2297d8014be502a55b14f3b7550cf?s=96&d=mm&r=g","contentUrl":"https:\/\/secure.gravatar.com\/avatar\/50865afb55632c4ae467e0af0930f6510aa2297d8014be502a55b14f3b7550cf?s=96&d=mm&r=g","caption":"Tar\u0131k"},"sameAs":["http:\/\/narteks.net"],"url":"https:\/\/narteks.net\/index.php\/author\/narbak\/"}]}},"_links":{"self":[{"href":"https:\/\/narteks.net\/index.php\/wp-json\/wp\/v2\/posts\/866","targetHints":{"allow":["GET"]}}],"collection":[{"href":"https:\/\/narteks.net\/index.php\/wp-json\/wp\/v2\/posts"}],"about":[{"href":"https:\/\/narteks.net\/index.php\/wp-json\/wp\/v2\/types\/post"}],"author":[{"embeddable":true,"href":"https:\/\/narteks.net\/index.php\/wp-json\/wp\/v2\/users\/1"}],"replies":[{"embeddable":true,"href":"https:\/\/narteks.net\/index.php\/wp-json\/wp\/v2\/comments?post=866"}],"version-history":[{"count":0,"href":"https:\/\/narteks.net\/index.php\/wp-json\/wp\/v2\/posts\/866\/revisions"}],"wp:attachment":[{"href":"https:\/\/narteks.net\/index.php\/wp-json\/wp\/v2\/media?parent=866"}],"wp:term":[{"taxonomy":"category","embeddable":true,"href":"https:\/\/narteks.net\/index.php\/wp-json\/wp\/v2\/categories?post=866"},{"taxonomy":"post_tag","embeddable":true,"href":"https:\/\/narteks.net\/index.php\/wp-json\/wp\/v2\/tags?post=866"}],"curies":[{"name":"wp","href":"https:\/\/api.w.org\/{rel}","templated":true}]}}