{"id":867,"date":"2009-11-03T12:16:45","date_gmt":"2009-11-03T09:16:45","guid":{"rendered":"http:\/\/localhost\/wordpress\/2009\/11\/03\/kar-aydinliginda\/"},"modified":"2009-11-03T12:16:45","modified_gmt":"2009-11-03T09:16:45","slug":"kar-aydinliginda","status":"publish","type":"post","link":"https:\/\/narteks.net\/index.php\/2009\/11\/03\/kar-aydinliginda\/","title":{"rendered":"KAR AYDINLI\u011eINDA"},"content":{"rendered":"<p>\u00a0<\/p>\n<p>Uyand\u0131m kar ayd\u0131nl\u0131\u011f\u0131nda<br \/>O k\u00fc\u00e7\u00fck kasaba uykuda<br \/>Uykusuz bir s\u0131ra kavak<br \/>Hem gider hem dinlerim<br \/>D\u00fc\u015f \u00f6n\u00fcme yol g\u00f6ster derem benim<br \/>Kar m\u0131h\u0131 at\u0131m\u0131n nallar\u0131nda<br \/>Cebimde bir \u015fi\u015fe konyak<\/p>\n<p>Evlerinin avlusunda ayna nar<br \/>Sedirinde ac\u0131 biber rengi bir kilim<br \/>Odan \u0131slak tahta kokar biraz da toprak<br \/>G\u00f6zlerim sana de\u011fer \u0131s\u0131n\u0131r<br \/>Uzatt\u0131m m\u0131 mangal\u0131na ellerimi<br \/>Her yan\u0131m tane tane m\u0131s\u0131r<br \/>San\u0131rd\u0131m patlad\u0131 patlayacak<\/p>\n<p>Sen s\u0131cakt\u0131n yataklar s\u0131cak<br \/>Pencerende ayd\u0131nl\u0131k kar<br \/>Ate\u015fim k\u00f6m\u00fcr\u00fcm esmerim benim<br \/>O g\u00fcnlerin tad\u0131 ba\u015fka nerde var<br \/>Gen\u00e7tik \u00e2\u015f\u0131kt\u0131k deliydik<br \/>Sevi\u015ftik\u00e7e a\u011fard\u0131 karanl\u0131klar<br \/>Bunca da\u011f\u0131n karlar\u0131n\u0131 erittik<\/p>\n<p>Necati CUMALI<\/p>\n","protected":false},"excerpt":{"rendered":"<p>\u00a0 Uyand\u0131m kar ayd\u0131nl\u0131\u011f\u0131ndaO k\u00fc\u00e7\u00fck kasaba uykudaUykusuz bir s\u0131ra kavakHem gider hem dinlerimD\u00fc\u015f \u00f6n\u00fcme yol g\u00f6ster derem benimKar m\u0131h\u0131 at\u0131m\u0131n nallar\u0131ndaCebimde bir \u015fi\u015fe konyak Evlerinin avlusunda ayna narSedirinde ac\u0131 biber rengi bir kilimOdan \u0131slak tahta kokar biraz da toprakG\u00f6zlerim sana de\u011fer \u0131s\u0131n\u0131rUzatt\u0131m m\u0131 mangal\u0131na ellerimiHer yan\u0131m tane tane m\u0131s\u0131rSan\u0131rd\u0131m patlad\u0131 patlayacak Sen s\u0131cakt\u0131n yataklar s\u0131cakPencerende [&hellip;]<\/p>\n","protected":false},"author":1,"featured_media":0,"comment_status":"open","ping_status":"open","sticky":false,"template":"","format":"standard","meta":{"footnotes":""},"categories":[24],"tags":[],"class_list":{"0":"post-867","1":"post","2":"type-post","3":"status-publish","4":"format-standard","6":"category-necati-cumali"},"yoast_head":"<!-- This site is optimized with the Yoast SEO Premium plugin v24.9 (Yoast SEO v24.9) - https:\/\/yoast.com\/wordpress\/plugins\/seo\/ -->\n<title>KAR AYDINLI\u011eINDA - narteks.net<\/title>\n<meta name=\"robots\" content=\"index, follow, max-snippet:-1, max-image-preview:large, max-video-preview:-1\" \/>\n<link rel=\"canonical\" href=\"https:\/\/narteks.net\/index.php\/2009\/11\/03\/kar-aydinliginda\/\" \/>\n<meta property=\"og:locale\" content=\"tr_TR\" \/>\n<meta property=\"og:type\" content=\"article\" \/>\n<meta property=\"og:title\" content=\"KAR AYDINLI\u011eINDA\" \/>\n<meta property=\"og:description\" content=\"\u00a0 Uyand\u0131m kar ayd\u0131nl\u0131\u011f\u0131ndaO k\u00fc\u00e7\u00fck kasaba uykudaUykusuz bir s\u0131ra kavakHem gider hem dinlerimD\u00fc\u015f \u00f6n\u00fcme yol g\u00f6ster derem benimKar m\u0131h\u0131 at\u0131m\u0131n nallar\u0131ndaCebimde bir \u015fi\u015fe konyak Evlerinin avlusunda ayna narSedirinde ac\u0131 biber rengi bir kilimOdan \u0131slak tahta kokar biraz da toprakG\u00f6zlerim sana de\u011fer \u0131s\u0131n\u0131rUzatt\u0131m m\u0131 mangal\u0131na ellerimiHer yan\u0131m tane tane m\u0131s\u0131rSan\u0131rd\u0131m patlad\u0131 patlayacak Sen s\u0131cakt\u0131n yataklar s\u0131cakPencerende [&hellip;]\" \/>\n<meta property=\"og:url\" content=\"https:\/\/narteks.net\/index.php\/2009\/11\/03\/kar-aydinliginda\/\" \/>\n<meta property=\"og:site_name\" content=\"narteks.net\" \/>\n<meta property=\"article:published_time\" content=\"2009-11-03T09:16:45+00:00\" \/>\n<meta property=\"og:image\" content=\"https:\/\/narteks.net\/wp-content\/uploads\/narteks.png\" \/>\n\t<meta property=\"og:image:width\" content=\"300\" \/>\n\t<meta property=\"og:image:height\" content=\"90\" \/>\n\t<meta property=\"og:image:type\" content=\"image\/png\" \/>\n<meta name=\"author\" content=\"Tar\u0131k\" \/>\n<meta name=\"twitter:card\" content=\"summary_large_image\" \/>\n<meta name=\"twitter:creator\" content=\"@narteks\" \/>\n<meta name=\"twitter:site\" content=\"@narteks\" \/>\n<meta name=\"twitter:label1\" content=\"Yazan:\" \/>\n\t<meta name=\"twitter:data1\" content=\"Tar\u0131k\" \/>\n\t<meta name=\"twitter:label2\" content=\"Tahmini okuma s\u00fcresi\" \/>\n\t<meta name=\"twitter:data2\" content=\"1 dakika\" \/>\n<script type=\"application\/ld+json\" class=\"yoast-schema-graph\">{\"@context\":\"https:\/\/schema.org\",\"@graph\":[{\"@type\":\"Article\",\"@id\":\"https:\/\/narteks.net\/index.php\/2009\/11\/03\/kar-aydinliginda\/#article\",\"isPartOf\":{\"@id\":\"https:\/\/narteks.net\/index.php\/2009\/11\/03\/kar-aydinliginda\/\"},\"author\":{\"name\":\"Tar\u0131k\",\"@id\":\"https:\/\/narteks.net\/#\/schema\/person\/61f37d9834294b72d31d274e7ed79bca\"},\"headline\":\"KAR AYDINLI\u011eINDA\",\"datePublished\":\"2009-11-03T09:16:45+00:00\",\"mainEntityOfPage\":{\"@id\":\"https:\/\/narteks.net\/index.php\/2009\/11\/03\/kar-aydinliginda\/\"},\"wordCount\":118,\"commentCount\":0,\"publisher\":{\"@id\":\"https:\/\/narteks.net\/#organization\"},\"articleSection\":[\"Necati CUMALI\"],\"inLanguage\":\"tr\",\"potentialAction\":[{\"@type\":\"CommentAction\",\"name\":\"Comment\",\"target\":[\"https:\/\/narteks.net\/index.php\/2009\/11\/03\/kar-aydinliginda\/#respond\"]}]},{\"@type\":\"WebPage\",\"@id\":\"https:\/\/narteks.net\/index.php\/2009\/11\/03\/kar-aydinliginda\/\",\"url\":\"https:\/\/narteks.net\/index.php\/2009\/11\/03\/kar-aydinliginda\/\",\"name\":\"KAR AYDINLI\u011eINDA - narteks.net\",\"isPartOf\":{\"@id\":\"https:\/\/narteks.net\/#website\"},\"datePublished\":\"2009-11-03T09:16:45+00:00\",\"breadcrumb\":{\"@id\":\"https:\/\/narteks.net\/index.php\/2009\/11\/03\/kar-aydinliginda\/#breadcrumb\"},\"inLanguage\":\"tr\",\"potentialAction\":[{\"@type\":\"ReadAction\",\"target\":[\"https:\/\/narteks.net\/index.php\/2009\/11\/03\/kar-aydinliginda\/\"]}]},{\"@type\":\"BreadcrumbList\",\"@id\":\"https:\/\/narteks.net\/index.php\/2009\/11\/03\/kar-aydinliginda\/#breadcrumb\",\"itemListElement\":[{\"@type\":\"ListItem\",\"position\":1,\"name\":\"Anasayfa\",\"item\":\"https:\/\/narteks.net\/\"},{\"@type\":\"ListItem\",\"position\":2,\"name\":\"KAR AYDINLI\u011eINDA\"}]},{\"@type\":\"WebSite\",\"@id\":\"https:\/\/narteks.net\/#website\",\"url\":\"https:\/\/narteks.net\/\",\"name\":\"narteks.net\",\"description\":\"K\u00fclt\u00fcr Sanat Edebiyat Felsefe\",\"publisher\":{\"@id\":\"https:\/\/narteks.net\/#organization\"},\"alternateName\":\"K\u00fclt\u00fcr Sanat Edebiyat Felsefe\",\"potentialAction\":[{\"@type\":\"SearchAction\",\"target\":{\"@type\":\"EntryPoint\",\"urlTemplate\":\"https:\/\/narteks.net\/?s={search_term_string}\"},\"query-input\":{\"@type\":\"PropertyValueSpecification\",\"valueRequired\":true,\"valueName\":\"search_term_string\"}}],\"inLanguage\":\"tr\"},{\"@type\":\"Organization\",\"@id\":\"https:\/\/narteks.net\/#organization\",\"name\":\"narteks.net\",\"url\":\"https:\/\/narteks.net\/\",\"logo\":{\"@type\":\"ImageObject\",\"inLanguage\":\"tr\",\"@id\":\"https:\/\/narteks.net\/#\/schema\/logo\/image\/\",\"url\":\"https:\/\/narteks.net\/wp-content\/uploads\/narteks.png\",\"contentUrl\":\"https:\/\/narteks.net\/wp-content\/uploads\/narteks.png\",\"width\":300,\"height\":90,\"caption\":\"narteks.net\"},\"image\":{\"@id\":\"https:\/\/narteks.net\/#\/schema\/logo\/image\/\"},\"sameAs\":[\"https:\/\/x.com\/narteks\",\"https:\/\/instagram.com\/narteksnet\"]},{\"@type\":\"Person\",\"@id\":\"https:\/\/narteks.net\/#\/schema\/person\/61f37d9834294b72d31d274e7ed79bca\",\"name\":\"Tar\u0131k\",\"image\":{\"@type\":\"ImageObject\",\"inLanguage\":\"tr\",\"@id\":\"https:\/\/narteks.net\/#\/schema\/person\/image\/\",\"url\":\"https:\/\/secure.gravatar.com\/avatar\/50865afb55632c4ae467e0af0930f6510aa2297d8014be502a55b14f3b7550cf?s=96&d=mm&r=g\",\"contentUrl\":\"https:\/\/secure.gravatar.com\/avatar\/50865afb55632c4ae467e0af0930f6510aa2297d8014be502a55b14f3b7550cf?s=96&d=mm&r=g\",\"caption\":\"Tar\u0131k\"},\"sameAs\":[\"http:\/\/narteks.net\"],\"url\":\"https:\/\/narteks.net\/index.php\/author\/narbak\/\"}]}<\/script>\n<!-- \/ Yoast SEO Premium plugin. -->","yoast_head_json":{"title":"KAR AYDINLI\u011eINDA - narteks.net","robots":{"index":"index","follow":"follow","max-snippet":"max-snippet:-1","max-image-preview":"max-image-preview:large","max-video-preview":"max-video-preview:-1"},"canonical":"https:\/\/narteks.net\/index.php\/2009\/11\/03\/kar-aydinliginda\/","og_locale":"tr_TR","og_type":"article","og_title":"KAR AYDINLI\u011eINDA","og_description":"\u00a0 Uyand\u0131m kar ayd\u0131nl\u0131\u011f\u0131ndaO k\u00fc\u00e7\u00fck kasaba uykudaUykusuz bir s\u0131ra kavakHem gider hem dinlerimD\u00fc\u015f \u00f6n\u00fcme yol g\u00f6ster derem benimKar m\u0131h\u0131 at\u0131m\u0131n nallar\u0131ndaCebimde bir \u015fi\u015fe konyak Evlerinin avlusunda ayna narSedirinde ac\u0131 biber rengi bir kilimOdan \u0131slak tahta kokar biraz da toprakG\u00f6zlerim sana de\u011fer \u0131s\u0131n\u0131rUzatt\u0131m m\u0131 mangal\u0131na ellerimiHer yan\u0131m tane tane m\u0131s\u0131rSan\u0131rd\u0131m patlad\u0131 patlayacak Sen s\u0131cakt\u0131n yataklar s\u0131cakPencerende [&hellip;]","og_url":"https:\/\/narteks.net\/index.php\/2009\/11\/03\/kar-aydinliginda\/","og_site_name":"narteks.net","article_published_time":"2009-11-03T09:16:45+00:00","og_image":[{"width":300,"height":90,"url":"https:\/\/narteks.net\/wp-content\/uploads\/narteks.png","type":"image\/png"}],"author":"Tar\u0131k","twitter_card":"summary_large_image","twitter_creator":"@narteks","twitter_site":"@narteks","twitter_misc":{"Yazan:":"Tar\u0131k","Tahmini okuma s\u00fcresi":"1 dakika"},"schema":{"@context":"https:\/\/schema.org","@graph":[{"@type":"Article","@id":"https:\/\/narteks.net\/index.php\/2009\/11\/03\/kar-aydinliginda\/#article","isPartOf":{"@id":"https:\/\/narteks.net\/index.php\/2009\/11\/03\/kar-aydinliginda\/"},"author":{"name":"Tar\u0131k","@id":"https:\/\/narteks.net\/#\/schema\/person\/61f37d9834294b72d31d274e7ed79bca"},"headline":"KAR AYDINLI\u011eINDA","datePublished":"2009-11-03T09:16:45+00:00","mainEntityOfPage":{"@id":"https:\/\/narteks.net\/index.php\/2009\/11\/03\/kar-aydinliginda\/"},"wordCount":118,"commentCount":0,"publisher":{"@id":"https:\/\/narteks.net\/#organization"},"articleSection":["Necati CUMALI"],"inLanguage":"tr","potentialAction":[{"@type":"CommentAction","name":"Comment","target":["https:\/\/narteks.net\/index.php\/2009\/11\/03\/kar-aydinliginda\/#respond"]}]},{"@type":"WebPage","@id":"https:\/\/narteks.net\/index.php\/2009\/11\/03\/kar-aydinliginda\/","url":"https:\/\/narteks.net\/index.php\/2009\/11\/03\/kar-aydinliginda\/","name":"KAR AYDINLI\u011eINDA - narteks.net","isPartOf":{"@id":"https:\/\/narteks.net\/#website"},"datePublished":"2009-11-03T09:16:45+00:00","breadcrumb":{"@id":"https:\/\/narteks.net\/index.php\/2009\/11\/03\/kar-aydinliginda\/#breadcrumb"},"inLanguage":"tr","potentialAction":[{"@type":"ReadAction","target":["https:\/\/narteks.net\/index.php\/2009\/11\/03\/kar-aydinliginda\/"]}]},{"@type":"BreadcrumbList","@id":"https:\/\/narteks.net\/index.php\/2009\/11\/03\/kar-aydinliginda\/#breadcrumb","itemListElement":[{"@type":"ListItem","position":1,"name":"Anasayfa","item":"https:\/\/narteks.net\/"},{"@type":"ListItem","position":2,"name":"KAR AYDINLI\u011eINDA"}]},{"@type":"WebSite","@id":"https:\/\/narteks.net\/#website","url":"https:\/\/narteks.net\/","name":"narteks.net","description":"K\u00fclt\u00fcr Sanat Edebiyat Felsefe","publisher":{"@id":"https:\/\/narteks.net\/#organization"},"alternateName":"K\u00fclt\u00fcr Sanat Edebiyat Felsefe","potentialAction":[{"@type":"SearchAction","target":{"@type":"EntryPoint","urlTemplate":"https:\/\/narteks.net\/?s={search_term_string}"},"query-input":{"@type":"PropertyValueSpecification","valueRequired":true,"valueName":"search_term_string"}}],"inLanguage":"tr"},{"@type":"Organization","@id":"https:\/\/narteks.net\/#organization","name":"narteks.net","url":"https:\/\/narteks.net\/","logo":{"@type":"ImageObject","inLanguage":"tr","@id":"https:\/\/narteks.net\/#\/schema\/logo\/image\/","url":"https:\/\/narteks.net\/wp-content\/uploads\/narteks.png","contentUrl":"https:\/\/narteks.net\/wp-content\/uploads\/narteks.png","width":300,"height":90,"caption":"narteks.net"},"image":{"@id":"https:\/\/narteks.net\/#\/schema\/logo\/image\/"},"sameAs":["https:\/\/x.com\/narteks","https:\/\/instagram.com\/narteksnet"]},{"@type":"Person","@id":"https:\/\/narteks.net\/#\/schema\/person\/61f37d9834294b72d31d274e7ed79bca","name":"Tar\u0131k","image":{"@type":"ImageObject","inLanguage":"tr","@id":"https:\/\/narteks.net\/#\/schema\/person\/image\/","url":"https:\/\/secure.gravatar.com\/avatar\/50865afb55632c4ae467e0af0930f6510aa2297d8014be502a55b14f3b7550cf?s=96&d=mm&r=g","contentUrl":"https:\/\/secure.gravatar.com\/avatar\/50865afb55632c4ae467e0af0930f6510aa2297d8014be502a55b14f3b7550cf?s=96&d=mm&r=g","caption":"Tar\u0131k"},"sameAs":["http:\/\/narteks.net"],"url":"https:\/\/narteks.net\/index.php\/author\/narbak\/"}]}},"_links":{"self":[{"href":"https:\/\/narteks.net\/index.php\/wp-json\/wp\/v2\/posts\/867","targetHints":{"allow":["GET"]}}],"collection":[{"href":"https:\/\/narteks.net\/index.php\/wp-json\/wp\/v2\/posts"}],"about":[{"href":"https:\/\/narteks.net\/index.php\/wp-json\/wp\/v2\/types\/post"}],"author":[{"embeddable":true,"href":"https:\/\/narteks.net\/index.php\/wp-json\/wp\/v2\/users\/1"}],"replies":[{"embeddable":true,"href":"https:\/\/narteks.net\/index.php\/wp-json\/wp\/v2\/comments?post=867"}],"version-history":[{"count":0,"href":"https:\/\/narteks.net\/index.php\/wp-json\/wp\/v2\/posts\/867\/revisions"}],"wp:attachment":[{"href":"https:\/\/narteks.net\/index.php\/wp-json\/wp\/v2\/media?parent=867"}],"wp:term":[{"taxonomy":"category","embeddable":true,"href":"https:\/\/narteks.net\/index.php\/wp-json\/wp\/v2\/categories?post=867"},{"taxonomy":"post_tag","embeddable":true,"href":"https:\/\/narteks.net\/index.php\/wp-json\/wp\/v2\/tags?post=867"}],"curies":[{"name":"wp","href":"https:\/\/api.w.org\/{rel}","templated":true}]}}