{"id":869,"date":"2009-11-03T12:18:04","date_gmt":"2009-11-03T09:18:04","guid":{"rendered":"http:\/\/localhost\/wordpress\/2009\/11\/03\/karda-ayak-izleri-var\/"},"modified":"2009-11-03T12:18:04","modified_gmt":"2009-11-03T09:18:04","slug":"karda-ayak-izleri-var","status":"publish","type":"post","link":"https:\/\/narteks.net\/index.php\/2009\/11\/03\/karda-ayak-izleri-var\/","title":{"rendered":"KARDA AYAK \u0130ZLER\u0130 VAR"},"content":{"rendered":"<p>\u00a0<\/p>\n<p>Karda ayak izleri var<br \/>Vurulup d\u00fc\u015ft\u00fckleri yere kadar<br \/>Y\u00fczleri tan\u0131nmayacak bir halde<br \/>\u00d6ld\u00fc\u011f\u00fc yerde kalm\u0131\u015f cesetleri<\/p>\n<p>Onlar i\u00e7in hat\u0131ra yok<br \/>Saat durmu\u015f<br \/>Onlar i\u00e7in de\u011fil<br \/>Y\u0131ld\u0131zlar ve bu gece<br \/>Onlar i\u00e7in de\u011fil gelen g\u00fcne\u015f<br \/>Art\u0131k onlar\u0131n yok<br \/>Uzak \u015fehirlerde<br \/>Sevdikleri<\/p>\n<p>Art\u0131k hepsi bitti<br \/>A\u00e7l\u0131k, susuzluk ve kin<br \/>Ne matara ne ekmek torbas\u0131 l\u00e2z\u0131m<br \/>Ne sil\u00e2h<br \/>Elbise ve d\u00fc\u015fen \u015fapka da l\u00fczumsuz<br \/>Art\u0131k \u00fc\u015f\u00fcmezler ki<\/p>\n<p>En g\u00fczel ocak ate\u015fleri<br \/>Art\u0131k \u0131s\u0131tamaz ellerini<br \/>\u0130simlerini en yak\u0131n tan\u0131d\u0131k<br \/>S\u00f6ylese i\u015fitmezler<br \/>Kurt mu, dost mu, d\u00fc\u015fman m\u0131?<br \/>Bilmeyecekler ba\u015f u\u00e7lar\u0131na geleni<br \/>Art\u0131k ne tren, ne gemi<br \/>Onlar\u0131 getiremez bir daha<\/p>\n<p>Necati CUMALI<\/p>\n","protected":false},"excerpt":{"rendered":"<p>\u00a0 Karda ayak izleri varVurulup d\u00fc\u015ft\u00fckleri yere kadarY\u00fczleri tan\u0131nmayacak bir halde\u00d6ld\u00fc\u011f\u00fc yerde kalm\u0131\u015f cesetleri Onlar i\u00e7in hat\u0131ra yokSaat durmu\u015fOnlar i\u00e7in de\u011filY\u0131ld\u0131zlar ve bu geceOnlar i\u00e7in de\u011fil gelen g\u00fcne\u015fArt\u0131k onlar\u0131n yokUzak \u015fehirlerdeSevdikleri Art\u0131k hepsi bittiA\u00e7l\u0131k, susuzluk ve kinNe matara ne ekmek torbas\u0131 l\u00e2z\u0131mNe sil\u00e2hElbise ve d\u00fc\u015fen \u015fapka da l\u00fczumsuzArt\u0131k \u00fc\u015f\u00fcmezler ki En g\u00fczel ocak ate\u015fleriArt\u0131k \u0131s\u0131tamaz [&hellip;]<\/p>\n","protected":false},"author":1,"featured_media":0,"comment_status":"open","ping_status":"open","sticky":false,"template":"","format":"standard","meta":{"footnotes":""},"categories":[24],"tags":[],"class_list":{"0":"post-869","1":"post","2":"type-post","3":"status-publish","4":"format-standard","6":"category-necati-cumali"},"yoast_head":"<!-- This site is optimized with the Yoast SEO Premium plugin v24.9 (Yoast SEO v24.9) - https:\/\/yoast.com\/wordpress\/plugins\/seo\/ -->\n<title>KARDA AYAK \u0130ZLER\u0130 VAR - narteks.net<\/title>\n<meta name=\"robots\" content=\"index, follow, max-snippet:-1, max-image-preview:large, max-video-preview:-1\" \/>\n<link rel=\"canonical\" href=\"https:\/\/narteks.net\/index.php\/2009\/11\/03\/karda-ayak-izleri-var\/\" \/>\n<meta property=\"og:locale\" content=\"tr_TR\" \/>\n<meta property=\"og:type\" content=\"article\" \/>\n<meta property=\"og:title\" content=\"KARDA AYAK \u0130ZLER\u0130 VAR\" \/>\n<meta property=\"og:description\" content=\"\u00a0 Karda ayak izleri varVurulup d\u00fc\u015ft\u00fckleri yere kadarY\u00fczleri tan\u0131nmayacak bir halde\u00d6ld\u00fc\u011f\u00fc yerde kalm\u0131\u015f cesetleri Onlar i\u00e7in hat\u0131ra yokSaat durmu\u015fOnlar i\u00e7in de\u011filY\u0131ld\u0131zlar ve bu geceOnlar i\u00e7in de\u011fil gelen g\u00fcne\u015fArt\u0131k onlar\u0131n yokUzak \u015fehirlerdeSevdikleri Art\u0131k hepsi bittiA\u00e7l\u0131k, susuzluk ve kinNe matara ne ekmek torbas\u0131 l\u00e2z\u0131mNe sil\u00e2hElbise ve d\u00fc\u015fen \u015fapka da l\u00fczumsuzArt\u0131k \u00fc\u015f\u00fcmezler ki En g\u00fczel ocak ate\u015fleriArt\u0131k \u0131s\u0131tamaz [&hellip;]\" \/>\n<meta property=\"og:url\" content=\"https:\/\/narteks.net\/index.php\/2009\/11\/03\/karda-ayak-izleri-var\/\" \/>\n<meta property=\"og:site_name\" content=\"narteks.net\" \/>\n<meta property=\"article:published_time\" content=\"2009-11-03T09:18:04+00:00\" \/>\n<meta property=\"og:image\" content=\"https:\/\/narteks.net\/wp-content\/uploads\/narteks.png\" \/>\n\t<meta property=\"og:image:width\" content=\"300\" \/>\n\t<meta property=\"og:image:height\" content=\"90\" \/>\n\t<meta property=\"og:image:type\" content=\"image\/png\" \/>\n<meta name=\"author\" content=\"Tar\u0131k\" \/>\n<meta name=\"twitter:card\" content=\"summary_large_image\" \/>\n<meta name=\"twitter:creator\" content=\"@narteks\" \/>\n<meta name=\"twitter:site\" content=\"@narteks\" \/>\n<meta name=\"twitter:label1\" content=\"Yazan:\" \/>\n\t<meta name=\"twitter:data1\" content=\"Tar\u0131k\" \/>\n\t<meta name=\"twitter:label2\" content=\"Tahmini okuma s\u00fcresi\" \/>\n\t<meta name=\"twitter:data2\" content=\"1 dakika\" \/>\n<script type=\"application\/ld+json\" class=\"yoast-schema-graph\">{\"@context\":\"https:\/\/schema.org\",\"@graph\":[{\"@type\":\"Article\",\"@id\":\"https:\/\/narteks.net\/index.php\/2009\/11\/03\/karda-ayak-izleri-var\/#article\",\"isPartOf\":{\"@id\":\"https:\/\/narteks.net\/index.php\/2009\/11\/03\/karda-ayak-izleri-var\/\"},\"author\":{\"name\":\"Tar\u0131k\",\"@id\":\"https:\/\/narteks.net\/#\/schema\/person\/61f37d9834294b72d31d274e7ed79bca\"},\"headline\":\"KARDA AYAK \u0130ZLER\u0130 VAR\",\"datePublished\":\"2009-11-03T09:18:04+00:00\",\"mainEntityOfPage\":{\"@id\":\"https:\/\/narteks.net\/index.php\/2009\/11\/03\/karda-ayak-izleri-var\/\"},\"wordCount\":122,\"commentCount\":0,\"publisher\":{\"@id\":\"https:\/\/narteks.net\/#organization\"},\"articleSection\":[\"Necati CUMALI\"],\"inLanguage\":\"tr\",\"potentialAction\":[{\"@type\":\"CommentAction\",\"name\":\"Comment\",\"target\":[\"https:\/\/narteks.net\/index.php\/2009\/11\/03\/karda-ayak-izleri-var\/#respond\"]}]},{\"@type\":\"WebPage\",\"@id\":\"https:\/\/narteks.net\/index.php\/2009\/11\/03\/karda-ayak-izleri-var\/\",\"url\":\"https:\/\/narteks.net\/index.php\/2009\/11\/03\/karda-ayak-izleri-var\/\",\"name\":\"KARDA AYAK \u0130ZLER\u0130 VAR - narteks.net\",\"isPartOf\":{\"@id\":\"https:\/\/narteks.net\/#website\"},\"datePublished\":\"2009-11-03T09:18:04+00:00\",\"breadcrumb\":{\"@id\":\"https:\/\/narteks.net\/index.php\/2009\/11\/03\/karda-ayak-izleri-var\/#breadcrumb\"},\"inLanguage\":\"tr\",\"potentialAction\":[{\"@type\":\"ReadAction\",\"target\":[\"https:\/\/narteks.net\/index.php\/2009\/11\/03\/karda-ayak-izleri-var\/\"]}]},{\"@type\":\"BreadcrumbList\",\"@id\":\"https:\/\/narteks.net\/index.php\/2009\/11\/03\/karda-ayak-izleri-var\/#breadcrumb\",\"itemListElement\":[{\"@type\":\"ListItem\",\"position\":1,\"name\":\"Anasayfa\",\"item\":\"https:\/\/narteks.net\/\"},{\"@type\":\"ListItem\",\"position\":2,\"name\":\"KARDA AYAK \u0130ZLER\u0130 VAR\"}]},{\"@type\":\"WebSite\",\"@id\":\"https:\/\/narteks.net\/#website\",\"url\":\"https:\/\/narteks.net\/\",\"name\":\"narteks.net\",\"description\":\"K\u00fclt\u00fcr Sanat Edebiyat Felsefe\",\"publisher\":{\"@id\":\"https:\/\/narteks.net\/#organization\"},\"alternateName\":\"K\u00fclt\u00fcr Sanat Edebiyat Felsefe\",\"potentialAction\":[{\"@type\":\"SearchAction\",\"target\":{\"@type\":\"EntryPoint\",\"urlTemplate\":\"https:\/\/narteks.net\/?s={search_term_string}\"},\"query-input\":{\"@type\":\"PropertyValueSpecification\",\"valueRequired\":true,\"valueName\":\"search_term_string\"}}],\"inLanguage\":\"tr\"},{\"@type\":\"Organization\",\"@id\":\"https:\/\/narteks.net\/#organization\",\"name\":\"narteks.net\",\"url\":\"https:\/\/narteks.net\/\",\"logo\":{\"@type\":\"ImageObject\",\"inLanguage\":\"tr\",\"@id\":\"https:\/\/narteks.net\/#\/schema\/logo\/image\/\",\"url\":\"https:\/\/narteks.net\/wp-content\/uploads\/narteks.png\",\"contentUrl\":\"https:\/\/narteks.net\/wp-content\/uploads\/narteks.png\",\"width\":300,\"height\":90,\"caption\":\"narteks.net\"},\"image\":{\"@id\":\"https:\/\/narteks.net\/#\/schema\/logo\/image\/\"},\"sameAs\":[\"https:\/\/x.com\/narteks\",\"https:\/\/instagram.com\/narteksnet\"]},{\"@type\":\"Person\",\"@id\":\"https:\/\/narteks.net\/#\/schema\/person\/61f37d9834294b72d31d274e7ed79bca\",\"name\":\"Tar\u0131k\",\"image\":{\"@type\":\"ImageObject\",\"inLanguage\":\"tr\",\"@id\":\"https:\/\/narteks.net\/#\/schema\/person\/image\/\",\"url\":\"https:\/\/secure.gravatar.com\/avatar\/50865afb55632c4ae467e0af0930f6510aa2297d8014be502a55b14f3b7550cf?s=96&d=mm&r=g\",\"contentUrl\":\"https:\/\/secure.gravatar.com\/avatar\/50865afb55632c4ae467e0af0930f6510aa2297d8014be502a55b14f3b7550cf?s=96&d=mm&r=g\",\"caption\":\"Tar\u0131k\"},\"sameAs\":[\"http:\/\/narteks.net\"],\"url\":\"https:\/\/narteks.net\/index.php\/author\/narbak\/\"}]}<\/script>\n<!-- \/ Yoast SEO Premium plugin. -->","yoast_head_json":{"title":"KARDA AYAK \u0130ZLER\u0130 VAR - narteks.net","robots":{"index":"index","follow":"follow","max-snippet":"max-snippet:-1","max-image-preview":"max-image-preview:large","max-video-preview":"max-video-preview:-1"},"canonical":"https:\/\/narteks.net\/index.php\/2009\/11\/03\/karda-ayak-izleri-var\/","og_locale":"tr_TR","og_type":"article","og_title":"KARDA AYAK \u0130ZLER\u0130 VAR","og_description":"\u00a0 Karda ayak izleri varVurulup d\u00fc\u015ft\u00fckleri yere kadarY\u00fczleri tan\u0131nmayacak bir halde\u00d6ld\u00fc\u011f\u00fc yerde kalm\u0131\u015f cesetleri Onlar i\u00e7in hat\u0131ra yokSaat durmu\u015fOnlar i\u00e7in de\u011filY\u0131ld\u0131zlar ve bu geceOnlar i\u00e7in de\u011fil gelen g\u00fcne\u015fArt\u0131k onlar\u0131n yokUzak \u015fehirlerdeSevdikleri Art\u0131k hepsi bittiA\u00e7l\u0131k, susuzluk ve kinNe matara ne ekmek torbas\u0131 l\u00e2z\u0131mNe sil\u00e2hElbise ve d\u00fc\u015fen \u015fapka da l\u00fczumsuzArt\u0131k \u00fc\u015f\u00fcmezler ki En g\u00fczel ocak ate\u015fleriArt\u0131k \u0131s\u0131tamaz [&hellip;]","og_url":"https:\/\/narteks.net\/index.php\/2009\/11\/03\/karda-ayak-izleri-var\/","og_site_name":"narteks.net","article_published_time":"2009-11-03T09:18:04+00:00","og_image":[{"width":300,"height":90,"url":"https:\/\/narteks.net\/wp-content\/uploads\/narteks.png","type":"image\/png"}],"author":"Tar\u0131k","twitter_card":"summary_large_image","twitter_creator":"@narteks","twitter_site":"@narteks","twitter_misc":{"Yazan:":"Tar\u0131k","Tahmini okuma s\u00fcresi":"1 dakika"},"schema":{"@context":"https:\/\/schema.org","@graph":[{"@type":"Article","@id":"https:\/\/narteks.net\/index.php\/2009\/11\/03\/karda-ayak-izleri-var\/#article","isPartOf":{"@id":"https:\/\/narteks.net\/index.php\/2009\/11\/03\/karda-ayak-izleri-var\/"},"author":{"name":"Tar\u0131k","@id":"https:\/\/narteks.net\/#\/schema\/person\/61f37d9834294b72d31d274e7ed79bca"},"headline":"KARDA AYAK \u0130ZLER\u0130 VAR","datePublished":"2009-11-03T09:18:04+00:00","mainEntityOfPage":{"@id":"https:\/\/narteks.net\/index.php\/2009\/11\/03\/karda-ayak-izleri-var\/"},"wordCount":122,"commentCount":0,"publisher":{"@id":"https:\/\/narteks.net\/#organization"},"articleSection":["Necati CUMALI"],"inLanguage":"tr","potentialAction":[{"@type":"CommentAction","name":"Comment","target":["https:\/\/narteks.net\/index.php\/2009\/11\/03\/karda-ayak-izleri-var\/#respond"]}]},{"@type":"WebPage","@id":"https:\/\/narteks.net\/index.php\/2009\/11\/03\/karda-ayak-izleri-var\/","url":"https:\/\/narteks.net\/index.php\/2009\/11\/03\/karda-ayak-izleri-var\/","name":"KARDA AYAK \u0130ZLER\u0130 VAR - narteks.net","isPartOf":{"@id":"https:\/\/narteks.net\/#website"},"datePublished":"2009-11-03T09:18:04+00:00","breadcrumb":{"@id":"https:\/\/narteks.net\/index.php\/2009\/11\/03\/karda-ayak-izleri-var\/#breadcrumb"},"inLanguage":"tr","potentialAction":[{"@type":"ReadAction","target":["https:\/\/narteks.net\/index.php\/2009\/11\/03\/karda-ayak-izleri-var\/"]}]},{"@type":"BreadcrumbList","@id":"https:\/\/narteks.net\/index.php\/2009\/11\/03\/karda-ayak-izleri-var\/#breadcrumb","itemListElement":[{"@type":"ListItem","position":1,"name":"Anasayfa","item":"https:\/\/narteks.net\/"},{"@type":"ListItem","position":2,"name":"KARDA AYAK \u0130ZLER\u0130 VAR"}]},{"@type":"WebSite","@id":"https:\/\/narteks.net\/#website","url":"https:\/\/narteks.net\/","name":"narteks.net","description":"K\u00fclt\u00fcr Sanat Edebiyat Felsefe","publisher":{"@id":"https:\/\/narteks.net\/#organization"},"alternateName":"K\u00fclt\u00fcr Sanat Edebiyat Felsefe","potentialAction":[{"@type":"SearchAction","target":{"@type":"EntryPoint","urlTemplate":"https:\/\/narteks.net\/?s={search_term_string}"},"query-input":{"@type":"PropertyValueSpecification","valueRequired":true,"valueName":"search_term_string"}}],"inLanguage":"tr"},{"@type":"Organization","@id":"https:\/\/narteks.net\/#organization","name":"narteks.net","url":"https:\/\/narteks.net\/","logo":{"@type":"ImageObject","inLanguage":"tr","@id":"https:\/\/narteks.net\/#\/schema\/logo\/image\/","url":"https:\/\/narteks.net\/wp-content\/uploads\/narteks.png","contentUrl":"https:\/\/narteks.net\/wp-content\/uploads\/narteks.png","width":300,"height":90,"caption":"narteks.net"},"image":{"@id":"https:\/\/narteks.net\/#\/schema\/logo\/image\/"},"sameAs":["https:\/\/x.com\/narteks","https:\/\/instagram.com\/narteksnet"]},{"@type":"Person","@id":"https:\/\/narteks.net\/#\/schema\/person\/61f37d9834294b72d31d274e7ed79bca","name":"Tar\u0131k","image":{"@type":"ImageObject","inLanguage":"tr","@id":"https:\/\/narteks.net\/#\/schema\/person\/image\/","url":"https:\/\/secure.gravatar.com\/avatar\/50865afb55632c4ae467e0af0930f6510aa2297d8014be502a55b14f3b7550cf?s=96&d=mm&r=g","contentUrl":"https:\/\/secure.gravatar.com\/avatar\/50865afb55632c4ae467e0af0930f6510aa2297d8014be502a55b14f3b7550cf?s=96&d=mm&r=g","caption":"Tar\u0131k"},"sameAs":["http:\/\/narteks.net"],"url":"https:\/\/narteks.net\/index.php\/author\/narbak\/"}]}},"_links":{"self":[{"href":"https:\/\/narteks.net\/index.php\/wp-json\/wp\/v2\/posts\/869","targetHints":{"allow":["GET"]}}],"collection":[{"href":"https:\/\/narteks.net\/index.php\/wp-json\/wp\/v2\/posts"}],"about":[{"href":"https:\/\/narteks.net\/index.php\/wp-json\/wp\/v2\/types\/post"}],"author":[{"embeddable":true,"href":"https:\/\/narteks.net\/index.php\/wp-json\/wp\/v2\/users\/1"}],"replies":[{"embeddable":true,"href":"https:\/\/narteks.net\/index.php\/wp-json\/wp\/v2\/comments?post=869"}],"version-history":[{"count":0,"href":"https:\/\/narteks.net\/index.php\/wp-json\/wp\/v2\/posts\/869\/revisions"}],"wp:attachment":[{"href":"https:\/\/narteks.net\/index.php\/wp-json\/wp\/v2\/media?parent=869"}],"wp:term":[{"taxonomy":"category","embeddable":true,"href":"https:\/\/narteks.net\/index.php\/wp-json\/wp\/v2\/categories?post=869"},{"taxonomy":"post_tag","embeddable":true,"href":"https:\/\/narteks.net\/index.php\/wp-json\/wp\/v2\/tags?post=869"}],"curies":[{"name":"wp","href":"https:\/\/api.w.org\/{rel}","templated":true}]}}