{"id":87,"date":"2009-02-27T15:16:15","date_gmt":"2009-02-27T12:16:15","guid":{"rendered":"http:\/\/localhost\/wordpress\/2009\/02\/27\/acinin-miladiyla\/"},"modified":"2009-02-27T15:16:15","modified_gmt":"2009-02-27T12:16:15","slug":"acinin-miladiyla","status":"publish","type":"post","link":"https:\/\/narteks.net\/index.php\/2009\/02\/27\/acinin-miladiyla\/","title":{"rendered":"ACININ M\u0130LADIYLA"},"content":{"rendered":"<p>\u00a0<\/p>\n<p><span>Ac\u0131n\u0131n milad\u0131yla ba\u015flayan bir hikayedir bu <br \/> ya\u015fay\u0131p gelmi\u015fiz ormanlar bir yanarak <br \/> her d\u00f6neme\u00e7te u\u011fultulu u\u00e7urumlar <br \/> her \u015fafakta uzun uzun kurt ulumalar\u0131 <br \/> Ey masalc\u0131 <br \/> otur \u015fu geyik postuna <br \/> ve anlat \u015fimdi b\u00fct\u00fcn bunlar\u0131 <\/p>\n<p> \u00d6nce ya\u015fad\u0131klar\u0131m\u0131z\u0131 koy ortaya <br \/> hatam\u0131z\u0131 ve sevab\u0131m\u0131z\u0131 anlat <br \/> g\u00f6relim nelere kahretmi\u015fiz bunca zaman <br \/> nelere g\u00f6\u011f\u00fcs germi\u015fiz g\u00f6relim bir bir <br \/> bedeli \u00f6denmi\u015f midir \u015fafa\u011f\u0131n, bilelim <br \/> ya\u015famak <br \/> yeni ac\u0131lara s\u00fcrg\u00fcn etse de bizi <\/p>\n<p> Hayat\u0131m\u0131z g\u00f6r\u00fcnd\u00fc\u011f\u00fc kadar basit de\u011fil <br \/> ama anla\u015f\u0131lmaz gibi de de\u011fil \u00f6yle <br \/> \u00e7o\u011funu unuttuk belki \u015fimdiden <br \/> belki bitti birtak\u0131m bekleyi\u015fler <br \/> umutlar da bitti bir zaman, sevgiler de <br \/> ama unutmayal\u0131m <br \/> zul\u00fcm de biter hayat\u0131m\u0131zda <\/span><\/p>\n<p>AHMET TELL\u0130<\/p>\n","protected":false},"excerpt":{"rendered":"<p>\u00a0 Ac\u0131n\u0131n milad\u0131yla ba\u015flayan bir hikayedir bu ya\u015fay\u0131p gelmi\u015fiz ormanlar bir yanarak her d\u00f6neme\u00e7te u\u011fultulu u\u00e7urumlar her \u015fafakta uzun uzun kurt ulumalar\u0131 Ey masalc\u0131 otur \u015fu geyik postuna ve anlat \u015fimdi b\u00fct\u00fcn bunlar\u0131 \u00d6nce ya\u015fad\u0131klar\u0131m\u0131z\u0131 koy ortaya hatam\u0131z\u0131 ve sevab\u0131m\u0131z\u0131 anlat g\u00f6relim nelere kahretmi\u015fiz bunca zaman nelere g\u00f6\u011f\u00fcs germi\u015fiz g\u00f6relim bir bir bedeli \u00f6denmi\u015f midir [&hellip;]<\/p>\n","protected":false},"author":1,"featured_media":0,"comment_status":"open","ping_status":"open","sticky":false,"template":"","format":"standard","meta":{"footnotes":""},"categories":[7],"tags":[],"class_list":{"0":"post-87","1":"post","2":"type-post","3":"status-publish","4":"format-standard","6":"category-ahmet-telli"},"yoast_head":"<!-- This site is optimized with the Yoast SEO Premium plugin v24.9 (Yoast SEO v24.9) - https:\/\/yoast.com\/wordpress\/plugins\/seo\/ -->\n<title>ACININ M\u0130LADIYLA - narteks.net<\/title>\n<meta name=\"robots\" content=\"index, follow, max-snippet:-1, max-image-preview:large, max-video-preview:-1\" \/>\n<link rel=\"canonical\" href=\"https:\/\/narteks.net\/index.php\/2009\/02\/27\/acinin-miladiyla\/\" \/>\n<meta property=\"og:locale\" content=\"tr_TR\" \/>\n<meta property=\"og:type\" content=\"article\" \/>\n<meta property=\"og:title\" content=\"ACININ M\u0130LADIYLA\" \/>\n<meta property=\"og:description\" content=\"\u00a0 Ac\u0131n\u0131n milad\u0131yla ba\u015flayan bir hikayedir bu ya\u015fay\u0131p gelmi\u015fiz ormanlar bir yanarak her d\u00f6neme\u00e7te u\u011fultulu u\u00e7urumlar her \u015fafakta uzun uzun kurt ulumalar\u0131 Ey masalc\u0131 otur \u015fu geyik postuna ve anlat \u015fimdi b\u00fct\u00fcn bunlar\u0131 \u00d6nce ya\u015fad\u0131klar\u0131m\u0131z\u0131 koy ortaya hatam\u0131z\u0131 ve sevab\u0131m\u0131z\u0131 anlat g\u00f6relim nelere kahretmi\u015fiz bunca zaman nelere g\u00f6\u011f\u00fcs germi\u015fiz g\u00f6relim bir bir bedeli \u00f6denmi\u015f midir [&hellip;]\" \/>\n<meta property=\"og:url\" content=\"https:\/\/narteks.net\/index.php\/2009\/02\/27\/acinin-miladiyla\/\" \/>\n<meta property=\"og:site_name\" content=\"narteks.net\" \/>\n<meta property=\"article:published_time\" content=\"2009-02-27T12:16:15+00:00\" \/>\n<meta property=\"og:image\" content=\"https:\/\/narteks.net\/wp-content\/uploads\/narteks.png\" \/>\n\t<meta property=\"og:image:width\" content=\"300\" \/>\n\t<meta property=\"og:image:height\" content=\"90\" \/>\n\t<meta property=\"og:image:type\" content=\"image\/png\" \/>\n<meta name=\"author\" content=\"Tar\u0131k\" \/>\n<meta name=\"twitter:card\" content=\"summary_large_image\" \/>\n<meta name=\"twitter:creator\" content=\"@narteks\" \/>\n<meta name=\"twitter:site\" content=\"@narteks\" \/>\n<meta name=\"twitter:label1\" content=\"Yazan:\" \/>\n\t<meta name=\"twitter:data1\" content=\"Tar\u0131k\" \/>\n\t<meta name=\"twitter:label2\" content=\"Tahmini okuma s\u00fcresi\" \/>\n\t<meta name=\"twitter:data2\" content=\"1 dakika\" \/>\n<script type=\"application\/ld+json\" class=\"yoast-schema-graph\">{\"@context\":\"https:\/\/schema.org\",\"@graph\":[{\"@type\":\"Article\",\"@id\":\"https:\/\/narteks.net\/index.php\/2009\/02\/27\/acinin-miladiyla\/#article\",\"isPartOf\":{\"@id\":\"https:\/\/narteks.net\/index.php\/2009\/02\/27\/acinin-miladiyla\/\"},\"author\":{\"name\":\"Tar\u0131k\",\"@id\":\"https:\/\/narteks.net\/#\/schema\/person\/61f37d9834294b72d31d274e7ed79bca\"},\"headline\":\"ACININ M\u0130LADIYLA\",\"datePublished\":\"2009-02-27T12:16:15+00:00\",\"mainEntityOfPage\":{\"@id\":\"https:\/\/narteks.net\/index.php\/2009\/02\/27\/acinin-miladiyla\/\"},\"wordCount\":144,\"commentCount\":0,\"publisher\":{\"@id\":\"https:\/\/narteks.net\/#organization\"},\"articleSection\":[\"Ahmet TELL\u0130\"],\"inLanguage\":\"tr\",\"potentialAction\":[{\"@type\":\"CommentAction\",\"name\":\"Comment\",\"target\":[\"https:\/\/narteks.net\/index.php\/2009\/02\/27\/acinin-miladiyla\/#respond\"]}]},{\"@type\":\"WebPage\",\"@id\":\"https:\/\/narteks.net\/index.php\/2009\/02\/27\/acinin-miladiyla\/\",\"url\":\"https:\/\/narteks.net\/index.php\/2009\/02\/27\/acinin-miladiyla\/\",\"name\":\"ACININ M\u0130LADIYLA - narteks.net\",\"isPartOf\":{\"@id\":\"https:\/\/narteks.net\/#website\"},\"datePublished\":\"2009-02-27T12:16:15+00:00\",\"breadcrumb\":{\"@id\":\"https:\/\/narteks.net\/index.php\/2009\/02\/27\/acinin-miladiyla\/#breadcrumb\"},\"inLanguage\":\"tr\",\"potentialAction\":[{\"@type\":\"ReadAction\",\"target\":[\"https:\/\/narteks.net\/index.php\/2009\/02\/27\/acinin-miladiyla\/\"]}]},{\"@type\":\"BreadcrumbList\",\"@id\":\"https:\/\/narteks.net\/index.php\/2009\/02\/27\/acinin-miladiyla\/#breadcrumb\",\"itemListElement\":[{\"@type\":\"ListItem\",\"position\":1,\"name\":\"Anasayfa\",\"item\":\"https:\/\/narteks.net\/\"},{\"@type\":\"ListItem\",\"position\":2,\"name\":\"ACININ M\u0130LADIYLA\"}]},{\"@type\":\"WebSite\",\"@id\":\"https:\/\/narteks.net\/#website\",\"url\":\"https:\/\/narteks.net\/\",\"name\":\"narteks.net\",\"description\":\"K\u00fclt\u00fcr Sanat Edebiyat Felsefe\",\"publisher\":{\"@id\":\"https:\/\/narteks.net\/#organization\"},\"alternateName\":\"K\u00fclt\u00fcr Sanat Edebiyat Felsefe\",\"potentialAction\":[{\"@type\":\"SearchAction\",\"target\":{\"@type\":\"EntryPoint\",\"urlTemplate\":\"https:\/\/narteks.net\/?s={search_term_string}\"},\"query-input\":{\"@type\":\"PropertyValueSpecification\",\"valueRequired\":true,\"valueName\":\"search_term_string\"}}],\"inLanguage\":\"tr\"},{\"@type\":\"Organization\",\"@id\":\"https:\/\/narteks.net\/#organization\",\"name\":\"narteks.net\",\"url\":\"https:\/\/narteks.net\/\",\"logo\":{\"@type\":\"ImageObject\",\"inLanguage\":\"tr\",\"@id\":\"https:\/\/narteks.net\/#\/schema\/logo\/image\/\",\"url\":\"https:\/\/narteks.net\/wp-content\/uploads\/narteks.png\",\"contentUrl\":\"https:\/\/narteks.net\/wp-content\/uploads\/narteks.png\",\"width\":300,\"height\":90,\"caption\":\"narteks.net\"},\"image\":{\"@id\":\"https:\/\/narteks.net\/#\/schema\/logo\/image\/\"},\"sameAs\":[\"https:\/\/x.com\/narteks\",\"https:\/\/instagram.com\/narteksnet\"]},{\"@type\":\"Person\",\"@id\":\"https:\/\/narteks.net\/#\/schema\/person\/61f37d9834294b72d31d274e7ed79bca\",\"name\":\"Tar\u0131k\",\"image\":{\"@type\":\"ImageObject\",\"inLanguage\":\"tr\",\"@id\":\"https:\/\/narteks.net\/#\/schema\/person\/image\/\",\"url\":\"https:\/\/secure.gravatar.com\/avatar\/50865afb55632c4ae467e0af0930f6510aa2297d8014be502a55b14f3b7550cf?s=96&d=mm&r=g\",\"contentUrl\":\"https:\/\/secure.gravatar.com\/avatar\/50865afb55632c4ae467e0af0930f6510aa2297d8014be502a55b14f3b7550cf?s=96&d=mm&r=g\",\"caption\":\"Tar\u0131k\"},\"sameAs\":[\"http:\/\/narteks.net\"],\"url\":\"https:\/\/narteks.net\/index.php\/author\/narbak\/\"}]}<\/script>\n<!-- \/ Yoast SEO Premium plugin. -->","yoast_head_json":{"title":"ACININ M\u0130LADIYLA - narteks.net","robots":{"index":"index","follow":"follow","max-snippet":"max-snippet:-1","max-image-preview":"max-image-preview:large","max-video-preview":"max-video-preview:-1"},"canonical":"https:\/\/narteks.net\/index.php\/2009\/02\/27\/acinin-miladiyla\/","og_locale":"tr_TR","og_type":"article","og_title":"ACININ M\u0130LADIYLA","og_description":"\u00a0 Ac\u0131n\u0131n milad\u0131yla ba\u015flayan bir hikayedir bu ya\u015fay\u0131p gelmi\u015fiz ormanlar bir yanarak her d\u00f6neme\u00e7te u\u011fultulu u\u00e7urumlar her \u015fafakta uzun uzun kurt ulumalar\u0131 Ey masalc\u0131 otur \u015fu geyik postuna ve anlat \u015fimdi b\u00fct\u00fcn bunlar\u0131 \u00d6nce ya\u015fad\u0131klar\u0131m\u0131z\u0131 koy ortaya hatam\u0131z\u0131 ve sevab\u0131m\u0131z\u0131 anlat g\u00f6relim nelere kahretmi\u015fiz bunca zaman nelere g\u00f6\u011f\u00fcs germi\u015fiz g\u00f6relim bir bir bedeli \u00f6denmi\u015f midir [&hellip;]","og_url":"https:\/\/narteks.net\/index.php\/2009\/02\/27\/acinin-miladiyla\/","og_site_name":"narteks.net","article_published_time":"2009-02-27T12:16:15+00:00","og_image":[{"width":300,"height":90,"url":"https:\/\/narteks.net\/wp-content\/uploads\/narteks.png","type":"image\/png"}],"author":"Tar\u0131k","twitter_card":"summary_large_image","twitter_creator":"@narteks","twitter_site":"@narteks","twitter_misc":{"Yazan:":"Tar\u0131k","Tahmini okuma s\u00fcresi":"1 dakika"},"schema":{"@context":"https:\/\/schema.org","@graph":[{"@type":"Article","@id":"https:\/\/narteks.net\/index.php\/2009\/02\/27\/acinin-miladiyla\/#article","isPartOf":{"@id":"https:\/\/narteks.net\/index.php\/2009\/02\/27\/acinin-miladiyla\/"},"author":{"name":"Tar\u0131k","@id":"https:\/\/narteks.net\/#\/schema\/person\/61f37d9834294b72d31d274e7ed79bca"},"headline":"ACININ M\u0130LADIYLA","datePublished":"2009-02-27T12:16:15+00:00","mainEntityOfPage":{"@id":"https:\/\/narteks.net\/index.php\/2009\/02\/27\/acinin-miladiyla\/"},"wordCount":144,"commentCount":0,"publisher":{"@id":"https:\/\/narteks.net\/#organization"},"articleSection":["Ahmet TELL\u0130"],"inLanguage":"tr","potentialAction":[{"@type":"CommentAction","name":"Comment","target":["https:\/\/narteks.net\/index.php\/2009\/02\/27\/acinin-miladiyla\/#respond"]}]},{"@type":"WebPage","@id":"https:\/\/narteks.net\/index.php\/2009\/02\/27\/acinin-miladiyla\/","url":"https:\/\/narteks.net\/index.php\/2009\/02\/27\/acinin-miladiyla\/","name":"ACININ M\u0130LADIYLA - narteks.net","isPartOf":{"@id":"https:\/\/narteks.net\/#website"},"datePublished":"2009-02-27T12:16:15+00:00","breadcrumb":{"@id":"https:\/\/narteks.net\/index.php\/2009\/02\/27\/acinin-miladiyla\/#breadcrumb"},"inLanguage":"tr","potentialAction":[{"@type":"ReadAction","target":["https:\/\/narteks.net\/index.php\/2009\/02\/27\/acinin-miladiyla\/"]}]},{"@type":"BreadcrumbList","@id":"https:\/\/narteks.net\/index.php\/2009\/02\/27\/acinin-miladiyla\/#breadcrumb","itemListElement":[{"@type":"ListItem","position":1,"name":"Anasayfa","item":"https:\/\/narteks.net\/"},{"@type":"ListItem","position":2,"name":"ACININ M\u0130LADIYLA"}]},{"@type":"WebSite","@id":"https:\/\/narteks.net\/#website","url":"https:\/\/narteks.net\/","name":"narteks.net","description":"K\u00fclt\u00fcr Sanat Edebiyat Felsefe","publisher":{"@id":"https:\/\/narteks.net\/#organization"},"alternateName":"K\u00fclt\u00fcr Sanat Edebiyat Felsefe","potentialAction":[{"@type":"SearchAction","target":{"@type":"EntryPoint","urlTemplate":"https:\/\/narteks.net\/?s={search_term_string}"},"query-input":{"@type":"PropertyValueSpecification","valueRequired":true,"valueName":"search_term_string"}}],"inLanguage":"tr"},{"@type":"Organization","@id":"https:\/\/narteks.net\/#organization","name":"narteks.net","url":"https:\/\/narteks.net\/","logo":{"@type":"ImageObject","inLanguage":"tr","@id":"https:\/\/narteks.net\/#\/schema\/logo\/image\/","url":"https:\/\/narteks.net\/wp-content\/uploads\/narteks.png","contentUrl":"https:\/\/narteks.net\/wp-content\/uploads\/narteks.png","width":300,"height":90,"caption":"narteks.net"},"image":{"@id":"https:\/\/narteks.net\/#\/schema\/logo\/image\/"},"sameAs":["https:\/\/x.com\/narteks","https:\/\/instagram.com\/narteksnet"]},{"@type":"Person","@id":"https:\/\/narteks.net\/#\/schema\/person\/61f37d9834294b72d31d274e7ed79bca","name":"Tar\u0131k","image":{"@type":"ImageObject","inLanguage":"tr","@id":"https:\/\/narteks.net\/#\/schema\/person\/image\/","url":"https:\/\/secure.gravatar.com\/avatar\/50865afb55632c4ae467e0af0930f6510aa2297d8014be502a55b14f3b7550cf?s=96&d=mm&r=g","contentUrl":"https:\/\/secure.gravatar.com\/avatar\/50865afb55632c4ae467e0af0930f6510aa2297d8014be502a55b14f3b7550cf?s=96&d=mm&r=g","caption":"Tar\u0131k"},"sameAs":["http:\/\/narteks.net"],"url":"https:\/\/narteks.net\/index.php\/author\/narbak\/"}]}},"_links":{"self":[{"href":"https:\/\/narteks.net\/index.php\/wp-json\/wp\/v2\/posts\/87","targetHints":{"allow":["GET"]}}],"collection":[{"href":"https:\/\/narteks.net\/index.php\/wp-json\/wp\/v2\/posts"}],"about":[{"href":"https:\/\/narteks.net\/index.php\/wp-json\/wp\/v2\/types\/post"}],"author":[{"embeddable":true,"href":"https:\/\/narteks.net\/index.php\/wp-json\/wp\/v2\/users\/1"}],"replies":[{"embeddable":true,"href":"https:\/\/narteks.net\/index.php\/wp-json\/wp\/v2\/comments?post=87"}],"version-history":[{"count":0,"href":"https:\/\/narteks.net\/index.php\/wp-json\/wp\/v2\/posts\/87\/revisions"}],"wp:attachment":[{"href":"https:\/\/narteks.net\/index.php\/wp-json\/wp\/v2\/media?parent=87"}],"wp:term":[{"taxonomy":"category","embeddable":true,"href":"https:\/\/narteks.net\/index.php\/wp-json\/wp\/v2\/categories?post=87"},{"taxonomy":"post_tag","embeddable":true,"href":"https:\/\/narteks.net\/index.php\/wp-json\/wp\/v2\/tags?post=87"}],"curies":[{"name":"wp","href":"https:\/\/api.w.org\/{rel}","templated":true}]}}