{"id":873,"date":"2009-11-03T12:21:10","date_gmt":"2009-11-03T09:21:10","guid":{"rendered":"http:\/\/localhost\/wordpress\/2009\/11\/03\/muharebe-gormus-bir-adam-anlatiyor\/"},"modified":"2009-11-03T12:21:10","modified_gmt":"2009-11-03T09:21:10","slug":"muharebe-gormus-bir-adam-anlatiyor","status":"publish","type":"post","link":"https:\/\/narteks.net\/index.php\/2009\/11\/03\/muharebe-gormus-bir-adam-anlatiyor\/","title":{"rendered":"MUHAREBE G\u00d6RM\u00dc\u015e B\u0130R ADAM ANLATIYOR"},"content":{"rendered":"<p>\u00a0<\/p>\n<p>Muharebede ne \u00f6l\u00fcm korkusu gelir<br \/>\u0130nsan\u0131n akl\u0131na<br \/>Ne, evi bark\u0131 d\u00fc\u015f\u00fcn\u00fcrs\u00fcn<br \/>Gezin \u00fcst kenar\u0131n ortas\u0131ndan<br \/>Arpac\u0131\u011f\u0131n tepesinden<br \/>Be\u011fendi\u011fin yerini se\u00e7ersin hedefin<br \/>Teti\u011fi elin titremeden \u00e7ekersin<\/p>\n<p>Art\u0131k kar\u015f\u0131ndaki sana benzemez<br \/>O da k\u00fc\u00e7\u00fck bir d\u00fckk\u00e2n i\u015fletir memleketinde<br \/>O da kar\u0131s\u0131n\u0131 sever<br \/>Onun da senin gibi<br \/>K\u00fc\u00e7\u00fck bir \u00e7ocu\u011fu var<br \/>Akl\u0131na bile gelmez<br \/>Art\u0131k senin ya\u015faman i\u00e7in<br \/>Onun \u00f6lmesi l\u00e2z\u0131md\u0131r.<\/p>\n<p>Necati CUMALI<\/p>\n","protected":false},"excerpt":{"rendered":"<p>\u00a0 Muharebede ne \u00f6l\u00fcm korkusu gelir\u0130nsan\u0131n akl\u0131naNe, evi bark\u0131 d\u00fc\u015f\u00fcn\u00fcrs\u00fcnGezin \u00fcst kenar\u0131n ortas\u0131ndanArpac\u0131\u011f\u0131n tepesindenBe\u011fendi\u011fin yerini se\u00e7ersin hedefinTeti\u011fi elin titremeden \u00e7ekersin Art\u0131k kar\u015f\u0131ndaki sana benzemezO da k\u00fc\u00e7\u00fck bir d\u00fckk\u00e2n i\u015fletir memleketindeO da kar\u0131s\u0131n\u0131 severOnun da senin gibiK\u00fc\u00e7\u00fck bir \u00e7ocu\u011fu varAkl\u0131na bile gelmezArt\u0131k senin ya\u015faman i\u00e7inOnun \u00f6lmesi l\u00e2z\u0131md\u0131r. Necati CUMALI<\/p>\n","protected":false},"author":1,"featured_media":0,"comment_status":"open","ping_status":"open","sticky":false,"template":"","format":"standard","meta":{"footnotes":""},"categories":[24],"tags":[],"class_list":{"0":"post-873","1":"post","2":"type-post","3":"status-publish","4":"format-standard","6":"category-necati-cumali"},"yoast_head":"<!-- This site is optimized with the Yoast SEO Premium plugin v24.9 (Yoast SEO v24.9) - https:\/\/yoast.com\/wordpress\/plugins\/seo\/ -->\n<title>MUHAREBE G\u00d6RM\u00dc\u015e B\u0130R ADAM ANLATIYOR - narteks.net<\/title>\n<meta name=\"robots\" content=\"index, follow, max-snippet:-1, max-image-preview:large, max-video-preview:-1\" \/>\n<link rel=\"canonical\" href=\"https:\/\/narteks.net\/index.php\/2009\/11\/03\/muharebe-gormus-bir-adam-anlatiyor\/\" \/>\n<meta property=\"og:locale\" content=\"tr_TR\" \/>\n<meta property=\"og:type\" content=\"article\" \/>\n<meta property=\"og:title\" content=\"MUHAREBE G\u00d6RM\u00dc\u015e B\u0130R ADAM ANLATIYOR\" \/>\n<meta property=\"og:description\" content=\"\u00a0 Muharebede ne \u00f6l\u00fcm korkusu gelir\u0130nsan\u0131n akl\u0131naNe, evi bark\u0131 d\u00fc\u015f\u00fcn\u00fcrs\u00fcnGezin \u00fcst kenar\u0131n ortas\u0131ndanArpac\u0131\u011f\u0131n tepesindenBe\u011fendi\u011fin yerini se\u00e7ersin hedefinTeti\u011fi elin titremeden \u00e7ekersin Art\u0131k kar\u015f\u0131ndaki sana benzemezO da k\u00fc\u00e7\u00fck bir d\u00fckk\u00e2n i\u015fletir memleketindeO da kar\u0131s\u0131n\u0131 severOnun da senin gibiK\u00fc\u00e7\u00fck bir \u00e7ocu\u011fu varAkl\u0131na bile gelmezArt\u0131k senin ya\u015faman i\u00e7inOnun \u00f6lmesi l\u00e2z\u0131md\u0131r. Necati CUMALI\" \/>\n<meta property=\"og:url\" content=\"https:\/\/narteks.net\/index.php\/2009\/11\/03\/muharebe-gormus-bir-adam-anlatiyor\/\" \/>\n<meta property=\"og:site_name\" content=\"narteks.net\" \/>\n<meta property=\"article:published_time\" content=\"2009-11-03T09:21:10+00:00\" \/>\n<meta property=\"og:image\" content=\"https:\/\/narteks.net\/wp-content\/uploads\/narteks.png\" \/>\n\t<meta property=\"og:image:width\" content=\"300\" \/>\n\t<meta property=\"og:image:height\" content=\"90\" \/>\n\t<meta property=\"og:image:type\" content=\"image\/png\" \/>\n<meta name=\"author\" content=\"Tar\u0131k\" \/>\n<meta name=\"twitter:card\" content=\"summary_large_image\" \/>\n<meta name=\"twitter:creator\" content=\"@narteks\" \/>\n<meta name=\"twitter:site\" content=\"@narteks\" \/>\n<meta name=\"twitter:label1\" content=\"Yazan:\" \/>\n\t<meta name=\"twitter:data1\" content=\"Tar\u0131k\" \/>\n<script type=\"application\/ld+json\" class=\"yoast-schema-graph\">{\"@context\":\"https:\/\/schema.org\",\"@graph\":[{\"@type\":\"Article\",\"@id\":\"https:\/\/narteks.net\/index.php\/2009\/11\/03\/muharebe-gormus-bir-adam-anlatiyor\/#article\",\"isPartOf\":{\"@id\":\"https:\/\/narteks.net\/index.php\/2009\/11\/03\/muharebe-gormus-bir-adam-anlatiyor\/\"},\"author\":{\"name\":\"Tar\u0131k\",\"@id\":\"https:\/\/narteks.net\/#\/schema\/person\/61f37d9834294b72d31d274e7ed79bca\"},\"headline\":\"MUHAREBE G\u00d6RM\u00dc\u015e B\u0130R ADAM ANLATIYOR\",\"datePublished\":\"2009-11-03T09:21:10+00:00\",\"mainEntityOfPage\":{\"@id\":\"https:\/\/narteks.net\/index.php\/2009\/11\/03\/muharebe-gormus-bir-adam-anlatiyor\/\"},\"wordCount\":85,\"commentCount\":0,\"publisher\":{\"@id\":\"https:\/\/narteks.net\/#organization\"},\"articleSection\":[\"Necati CUMALI\"],\"inLanguage\":\"tr\",\"potentialAction\":[{\"@type\":\"CommentAction\",\"name\":\"Comment\",\"target\":[\"https:\/\/narteks.net\/index.php\/2009\/11\/03\/muharebe-gormus-bir-adam-anlatiyor\/#respond\"]}]},{\"@type\":\"WebPage\",\"@id\":\"https:\/\/narteks.net\/index.php\/2009\/11\/03\/muharebe-gormus-bir-adam-anlatiyor\/\",\"url\":\"https:\/\/narteks.net\/index.php\/2009\/11\/03\/muharebe-gormus-bir-adam-anlatiyor\/\",\"name\":\"MUHAREBE G\u00d6RM\u00dc\u015e B\u0130R ADAM ANLATIYOR - narteks.net\",\"isPartOf\":{\"@id\":\"https:\/\/narteks.net\/#website\"},\"datePublished\":\"2009-11-03T09:21:10+00:00\",\"breadcrumb\":{\"@id\":\"https:\/\/narteks.net\/index.php\/2009\/11\/03\/muharebe-gormus-bir-adam-anlatiyor\/#breadcrumb\"},\"inLanguage\":\"tr\",\"potentialAction\":[{\"@type\":\"ReadAction\",\"target\":[\"https:\/\/narteks.net\/index.php\/2009\/11\/03\/muharebe-gormus-bir-adam-anlatiyor\/\"]}]},{\"@type\":\"BreadcrumbList\",\"@id\":\"https:\/\/narteks.net\/index.php\/2009\/11\/03\/muharebe-gormus-bir-adam-anlatiyor\/#breadcrumb\",\"itemListElement\":[{\"@type\":\"ListItem\",\"position\":1,\"name\":\"Anasayfa\",\"item\":\"https:\/\/narteks.net\/\"},{\"@type\":\"ListItem\",\"position\":2,\"name\":\"MUHAREBE G\u00d6RM\u00dc\u015e B\u0130R ADAM ANLATIYOR\"}]},{\"@type\":\"WebSite\",\"@id\":\"https:\/\/narteks.net\/#website\",\"url\":\"https:\/\/narteks.net\/\",\"name\":\"narteks.net\",\"description\":\"K\u00fclt\u00fcr Sanat Edebiyat Felsefe\",\"publisher\":{\"@id\":\"https:\/\/narteks.net\/#organization\"},\"alternateName\":\"K\u00fclt\u00fcr Sanat Edebiyat Felsefe\",\"potentialAction\":[{\"@type\":\"SearchAction\",\"target\":{\"@type\":\"EntryPoint\",\"urlTemplate\":\"https:\/\/narteks.net\/?s={search_term_string}\"},\"query-input\":{\"@type\":\"PropertyValueSpecification\",\"valueRequired\":true,\"valueName\":\"search_term_string\"}}],\"inLanguage\":\"tr\"},{\"@type\":\"Organization\",\"@id\":\"https:\/\/narteks.net\/#organization\",\"name\":\"narteks.net\",\"url\":\"https:\/\/narteks.net\/\",\"logo\":{\"@type\":\"ImageObject\",\"inLanguage\":\"tr\",\"@id\":\"https:\/\/narteks.net\/#\/schema\/logo\/image\/\",\"url\":\"https:\/\/narteks.net\/wp-content\/uploads\/narteks.png\",\"contentUrl\":\"https:\/\/narteks.net\/wp-content\/uploads\/narteks.png\",\"width\":300,\"height\":90,\"caption\":\"narteks.net\"},\"image\":{\"@id\":\"https:\/\/narteks.net\/#\/schema\/logo\/image\/\"},\"sameAs\":[\"https:\/\/x.com\/narteks\",\"https:\/\/instagram.com\/narteksnet\"]},{\"@type\":\"Person\",\"@id\":\"https:\/\/narteks.net\/#\/schema\/person\/61f37d9834294b72d31d274e7ed79bca\",\"name\":\"Tar\u0131k\",\"image\":{\"@type\":\"ImageObject\",\"inLanguage\":\"tr\",\"@id\":\"https:\/\/narteks.net\/#\/schema\/person\/image\/\",\"url\":\"https:\/\/secure.gravatar.com\/avatar\/50865afb55632c4ae467e0af0930f6510aa2297d8014be502a55b14f3b7550cf?s=96&d=mm&r=g\",\"contentUrl\":\"https:\/\/secure.gravatar.com\/avatar\/50865afb55632c4ae467e0af0930f6510aa2297d8014be502a55b14f3b7550cf?s=96&d=mm&r=g\",\"caption\":\"Tar\u0131k\"},\"sameAs\":[\"http:\/\/narteks.net\"],\"url\":\"https:\/\/narteks.net\/index.php\/author\/narbak\/\"}]}<\/script>\n<!-- \/ Yoast SEO Premium plugin. -->","yoast_head_json":{"title":"MUHAREBE G\u00d6RM\u00dc\u015e B\u0130R ADAM ANLATIYOR - narteks.net","robots":{"index":"index","follow":"follow","max-snippet":"max-snippet:-1","max-image-preview":"max-image-preview:large","max-video-preview":"max-video-preview:-1"},"canonical":"https:\/\/narteks.net\/index.php\/2009\/11\/03\/muharebe-gormus-bir-adam-anlatiyor\/","og_locale":"tr_TR","og_type":"article","og_title":"MUHAREBE G\u00d6RM\u00dc\u015e B\u0130R ADAM ANLATIYOR","og_description":"\u00a0 Muharebede ne \u00f6l\u00fcm korkusu gelir\u0130nsan\u0131n akl\u0131naNe, evi bark\u0131 d\u00fc\u015f\u00fcn\u00fcrs\u00fcnGezin \u00fcst kenar\u0131n ortas\u0131ndanArpac\u0131\u011f\u0131n tepesindenBe\u011fendi\u011fin yerini se\u00e7ersin hedefinTeti\u011fi elin titremeden \u00e7ekersin Art\u0131k kar\u015f\u0131ndaki sana benzemezO da k\u00fc\u00e7\u00fck bir d\u00fckk\u00e2n i\u015fletir memleketindeO da kar\u0131s\u0131n\u0131 severOnun da senin gibiK\u00fc\u00e7\u00fck bir \u00e7ocu\u011fu varAkl\u0131na bile gelmezArt\u0131k senin ya\u015faman i\u00e7inOnun \u00f6lmesi l\u00e2z\u0131md\u0131r. Necati CUMALI","og_url":"https:\/\/narteks.net\/index.php\/2009\/11\/03\/muharebe-gormus-bir-adam-anlatiyor\/","og_site_name":"narteks.net","article_published_time":"2009-11-03T09:21:10+00:00","og_image":[{"width":300,"height":90,"url":"https:\/\/narteks.net\/wp-content\/uploads\/narteks.png","type":"image\/png"}],"author":"Tar\u0131k","twitter_card":"summary_large_image","twitter_creator":"@narteks","twitter_site":"@narteks","twitter_misc":{"Yazan:":"Tar\u0131k"},"schema":{"@context":"https:\/\/schema.org","@graph":[{"@type":"Article","@id":"https:\/\/narteks.net\/index.php\/2009\/11\/03\/muharebe-gormus-bir-adam-anlatiyor\/#article","isPartOf":{"@id":"https:\/\/narteks.net\/index.php\/2009\/11\/03\/muharebe-gormus-bir-adam-anlatiyor\/"},"author":{"name":"Tar\u0131k","@id":"https:\/\/narteks.net\/#\/schema\/person\/61f37d9834294b72d31d274e7ed79bca"},"headline":"MUHAREBE G\u00d6RM\u00dc\u015e B\u0130R ADAM ANLATIYOR","datePublished":"2009-11-03T09:21:10+00:00","mainEntityOfPage":{"@id":"https:\/\/narteks.net\/index.php\/2009\/11\/03\/muharebe-gormus-bir-adam-anlatiyor\/"},"wordCount":85,"commentCount":0,"publisher":{"@id":"https:\/\/narteks.net\/#organization"},"articleSection":["Necati CUMALI"],"inLanguage":"tr","potentialAction":[{"@type":"CommentAction","name":"Comment","target":["https:\/\/narteks.net\/index.php\/2009\/11\/03\/muharebe-gormus-bir-adam-anlatiyor\/#respond"]}]},{"@type":"WebPage","@id":"https:\/\/narteks.net\/index.php\/2009\/11\/03\/muharebe-gormus-bir-adam-anlatiyor\/","url":"https:\/\/narteks.net\/index.php\/2009\/11\/03\/muharebe-gormus-bir-adam-anlatiyor\/","name":"MUHAREBE G\u00d6RM\u00dc\u015e B\u0130R ADAM ANLATIYOR - narteks.net","isPartOf":{"@id":"https:\/\/narteks.net\/#website"},"datePublished":"2009-11-03T09:21:10+00:00","breadcrumb":{"@id":"https:\/\/narteks.net\/index.php\/2009\/11\/03\/muharebe-gormus-bir-adam-anlatiyor\/#breadcrumb"},"inLanguage":"tr","potentialAction":[{"@type":"ReadAction","target":["https:\/\/narteks.net\/index.php\/2009\/11\/03\/muharebe-gormus-bir-adam-anlatiyor\/"]}]},{"@type":"BreadcrumbList","@id":"https:\/\/narteks.net\/index.php\/2009\/11\/03\/muharebe-gormus-bir-adam-anlatiyor\/#breadcrumb","itemListElement":[{"@type":"ListItem","position":1,"name":"Anasayfa","item":"https:\/\/narteks.net\/"},{"@type":"ListItem","position":2,"name":"MUHAREBE G\u00d6RM\u00dc\u015e B\u0130R ADAM ANLATIYOR"}]},{"@type":"WebSite","@id":"https:\/\/narteks.net\/#website","url":"https:\/\/narteks.net\/","name":"narteks.net","description":"K\u00fclt\u00fcr Sanat Edebiyat Felsefe","publisher":{"@id":"https:\/\/narteks.net\/#organization"},"alternateName":"K\u00fclt\u00fcr Sanat Edebiyat Felsefe","potentialAction":[{"@type":"SearchAction","target":{"@type":"EntryPoint","urlTemplate":"https:\/\/narteks.net\/?s={search_term_string}"},"query-input":{"@type":"PropertyValueSpecification","valueRequired":true,"valueName":"search_term_string"}}],"inLanguage":"tr"},{"@type":"Organization","@id":"https:\/\/narteks.net\/#organization","name":"narteks.net","url":"https:\/\/narteks.net\/","logo":{"@type":"ImageObject","inLanguage":"tr","@id":"https:\/\/narteks.net\/#\/schema\/logo\/image\/","url":"https:\/\/narteks.net\/wp-content\/uploads\/narteks.png","contentUrl":"https:\/\/narteks.net\/wp-content\/uploads\/narteks.png","width":300,"height":90,"caption":"narteks.net"},"image":{"@id":"https:\/\/narteks.net\/#\/schema\/logo\/image\/"},"sameAs":["https:\/\/x.com\/narteks","https:\/\/instagram.com\/narteksnet"]},{"@type":"Person","@id":"https:\/\/narteks.net\/#\/schema\/person\/61f37d9834294b72d31d274e7ed79bca","name":"Tar\u0131k","image":{"@type":"ImageObject","inLanguage":"tr","@id":"https:\/\/narteks.net\/#\/schema\/person\/image\/","url":"https:\/\/secure.gravatar.com\/avatar\/50865afb55632c4ae467e0af0930f6510aa2297d8014be502a55b14f3b7550cf?s=96&d=mm&r=g","contentUrl":"https:\/\/secure.gravatar.com\/avatar\/50865afb55632c4ae467e0af0930f6510aa2297d8014be502a55b14f3b7550cf?s=96&d=mm&r=g","caption":"Tar\u0131k"},"sameAs":["http:\/\/narteks.net"],"url":"https:\/\/narteks.net\/index.php\/author\/narbak\/"}]}},"_links":{"self":[{"href":"https:\/\/narteks.net\/index.php\/wp-json\/wp\/v2\/posts\/873","targetHints":{"allow":["GET"]}}],"collection":[{"href":"https:\/\/narteks.net\/index.php\/wp-json\/wp\/v2\/posts"}],"about":[{"href":"https:\/\/narteks.net\/index.php\/wp-json\/wp\/v2\/types\/post"}],"author":[{"embeddable":true,"href":"https:\/\/narteks.net\/index.php\/wp-json\/wp\/v2\/users\/1"}],"replies":[{"embeddable":true,"href":"https:\/\/narteks.net\/index.php\/wp-json\/wp\/v2\/comments?post=873"}],"version-history":[{"count":0,"href":"https:\/\/narteks.net\/index.php\/wp-json\/wp\/v2\/posts\/873\/revisions"}],"wp:attachment":[{"href":"https:\/\/narteks.net\/index.php\/wp-json\/wp\/v2\/media?parent=873"}],"wp:term":[{"taxonomy":"category","embeddable":true,"href":"https:\/\/narteks.net\/index.php\/wp-json\/wp\/v2\/categories?post=873"},{"taxonomy":"post_tag","embeddable":true,"href":"https:\/\/narteks.net\/index.php\/wp-json\/wp\/v2\/tags?post=873"}],"curies":[{"name":"wp","href":"https:\/\/api.w.org\/{rel}","templated":true}]}}