{"id":890,"date":"2009-11-03T12:40:13","date_gmt":"2009-11-03T09:40:13","guid":{"rendered":"http:\/\/localhost\/wordpress\/2009\/11\/03\/anneler-gunu\/"},"modified":"2009-11-03T12:40:13","modified_gmt":"2009-11-03T09:40:13","slug":"anneler-gunu","status":"publish","type":"post","link":"https:\/\/narteks.net\/index.php\/2009\/11\/03\/anneler-gunu\/","title":{"rendered":"ANNELER G\u00dcN\u00dc"},"content":{"rendered":"<p>\u00a0<\/p>\n<p>ye\u015fildir art\u0131k y\u00fcre\u011finde kara bulut <br \/>bug\u00fcn anneler g\u00fcn\u00fc annem beni unut <\/p>\n<p>evde ac\u0131lar koynuna yangelip yatm\u0131\u015f <br \/>inad\u0131na giyin sen de may\u0131sa batm\u0131\u015f <br \/>y\u00fcr\u00fc sokakta \u00e7ocuklar\u0131n d\u00fc\u015f\u00fc aks\u0131n <br \/>y\u00fcr\u00fc ki saks\u0131da \u00e7i\u00e7ekler sana baks\u0131n <\/p>\n<p>diline gen\u00e7 an\u0131lar\u0131ndan bir t\u00fcrk\u00fc se\u00e7 <br \/>be\u015f y\u0131l b\u00fcy\u00fcd\u00fc\u011f\u00fcm okulun \u00f6n\u00fcnden ge\u00e7 <br \/>\u0131slan\u0131rsa an\u0131lar\u0131n g\u00fcne\u015fte kurut <br \/>senin g\u00fcn\u00fcn bug\u00fcn unutma beni unut <br \/>g\u00f6k mavi deniz mavi tam k\u0131y\u0131s\u0131nda dur <br \/>durma ete\u011finden beni bir daha savur <\/p>\n<p>annem y\u0131ld\u0131z kay\u0131yor i\u00e7inden dilek tut <br \/>ko\u015fuyor sana k\u0131sa pantolunlu \u00e7ocuk <br \/>g\u00f6z\u00fcnde g\u00f6z\u00fcmde g\u00f6zlerinde bin umut<\/p>\n<p>Nevzat \u00c7EL\u0130K<\/p>\n","protected":false},"excerpt":{"rendered":"<p>\u00a0 ye\u015fildir art\u0131k y\u00fcre\u011finde kara bulut bug\u00fcn anneler g\u00fcn\u00fc annem beni unut evde ac\u0131lar koynuna yangelip yatm\u0131\u015f inad\u0131na giyin sen de may\u0131sa batm\u0131\u015f y\u00fcr\u00fc sokakta \u00e7ocuklar\u0131n d\u00fc\u015f\u00fc aks\u0131n y\u00fcr\u00fc ki saks\u0131da \u00e7i\u00e7ekler sana baks\u0131n diline gen\u00e7 an\u0131lar\u0131ndan bir t\u00fcrk\u00fc se\u00e7 be\u015f y\u0131l b\u00fcy\u00fcd\u00fc\u011f\u00fcm okulun \u00f6n\u00fcnden ge\u00e7 \u0131slan\u0131rsa an\u0131lar\u0131n g\u00fcne\u015fte kurut senin g\u00fcn\u00fcn bug\u00fcn unutma beni [&hellip;]<\/p>\n","protected":false},"author":1,"featured_media":0,"comment_status":"open","ping_status":"open","sticky":false,"template":"","format":"standard","meta":{"footnotes":""},"categories":[25],"tags":[],"class_list":{"0":"post-890","1":"post","2":"type-post","3":"status-publish","4":"format-standard","6":"category-nevzat-celik"},"yoast_head":"<!-- This site is optimized with the Yoast SEO Premium plugin v24.9 (Yoast SEO v24.9) - https:\/\/yoast.com\/wordpress\/plugins\/seo\/ -->\n<title>ANNELER G\u00dcN\u00dc - narteks.net<\/title>\n<meta name=\"robots\" content=\"index, follow, max-snippet:-1, max-image-preview:large, max-video-preview:-1\" \/>\n<link rel=\"canonical\" href=\"https:\/\/narteks.net\/index.php\/2009\/11\/03\/anneler-gunu\/\" \/>\n<meta property=\"og:locale\" content=\"tr_TR\" \/>\n<meta property=\"og:type\" content=\"article\" \/>\n<meta property=\"og:title\" content=\"ANNELER G\u00dcN\u00dc\" \/>\n<meta property=\"og:description\" content=\"\u00a0 ye\u015fildir art\u0131k y\u00fcre\u011finde kara bulut bug\u00fcn anneler g\u00fcn\u00fc annem beni unut evde ac\u0131lar koynuna yangelip yatm\u0131\u015f inad\u0131na giyin sen de may\u0131sa batm\u0131\u015f y\u00fcr\u00fc sokakta \u00e7ocuklar\u0131n d\u00fc\u015f\u00fc aks\u0131n y\u00fcr\u00fc ki saks\u0131da \u00e7i\u00e7ekler sana baks\u0131n diline gen\u00e7 an\u0131lar\u0131ndan bir t\u00fcrk\u00fc se\u00e7 be\u015f y\u0131l b\u00fcy\u00fcd\u00fc\u011f\u00fcm okulun \u00f6n\u00fcnden ge\u00e7 \u0131slan\u0131rsa an\u0131lar\u0131n g\u00fcne\u015fte kurut senin g\u00fcn\u00fcn bug\u00fcn unutma beni [&hellip;]\" \/>\n<meta property=\"og:url\" content=\"https:\/\/narteks.net\/index.php\/2009\/11\/03\/anneler-gunu\/\" \/>\n<meta property=\"og:site_name\" content=\"narteks.net\" \/>\n<meta property=\"article:published_time\" content=\"2009-11-03T09:40:13+00:00\" \/>\n<meta property=\"og:image\" content=\"https:\/\/narteks.net\/wp-content\/uploads\/narteks.png\" \/>\n\t<meta property=\"og:image:width\" content=\"300\" \/>\n\t<meta property=\"og:image:height\" content=\"90\" \/>\n\t<meta property=\"og:image:type\" content=\"image\/png\" \/>\n<meta name=\"author\" content=\"Tar\u0131k\" \/>\n<meta name=\"twitter:card\" content=\"summary_large_image\" \/>\n<meta name=\"twitter:creator\" content=\"@narteks\" \/>\n<meta name=\"twitter:site\" content=\"@narteks\" \/>\n<meta name=\"twitter:label1\" content=\"Yazan:\" \/>\n\t<meta name=\"twitter:data1\" content=\"Tar\u0131k\" \/>\n\t<meta name=\"twitter:label2\" content=\"Tahmini okuma s\u00fcresi\" \/>\n\t<meta name=\"twitter:data2\" content=\"1 dakika\" \/>\n<script type=\"application\/ld+json\" class=\"yoast-schema-graph\">{\"@context\":\"https:\/\/schema.org\",\"@graph\":[{\"@type\":\"Article\",\"@id\":\"https:\/\/narteks.net\/index.php\/2009\/11\/03\/anneler-gunu\/#article\",\"isPartOf\":{\"@id\":\"https:\/\/narteks.net\/index.php\/2009\/11\/03\/anneler-gunu\/\"},\"author\":{\"name\":\"Tar\u0131k\",\"@id\":\"https:\/\/narteks.net\/#\/schema\/person\/61f37d9834294b72d31d274e7ed79bca\"},\"headline\":\"ANNELER G\u00dcN\u00dc\",\"datePublished\":\"2009-11-03T09:40:13+00:00\",\"mainEntityOfPage\":{\"@id\":\"https:\/\/narteks.net\/index.php\/2009\/11\/03\/anneler-gunu\/\"},\"wordCount\":138,\"commentCount\":0,\"publisher\":{\"@id\":\"https:\/\/narteks.net\/#organization\"},\"articleSection\":[\"Nevzat \u00c7ELIK\"],\"inLanguage\":\"tr\",\"potentialAction\":[{\"@type\":\"CommentAction\",\"name\":\"Comment\",\"target\":[\"https:\/\/narteks.net\/index.php\/2009\/11\/03\/anneler-gunu\/#respond\"]}]},{\"@type\":\"WebPage\",\"@id\":\"https:\/\/narteks.net\/index.php\/2009\/11\/03\/anneler-gunu\/\",\"url\":\"https:\/\/narteks.net\/index.php\/2009\/11\/03\/anneler-gunu\/\",\"name\":\"ANNELER G\u00dcN\u00dc - narteks.net\",\"isPartOf\":{\"@id\":\"https:\/\/narteks.net\/#website\"},\"datePublished\":\"2009-11-03T09:40:13+00:00\",\"breadcrumb\":{\"@id\":\"https:\/\/narteks.net\/index.php\/2009\/11\/03\/anneler-gunu\/#breadcrumb\"},\"inLanguage\":\"tr\",\"potentialAction\":[{\"@type\":\"ReadAction\",\"target\":[\"https:\/\/narteks.net\/index.php\/2009\/11\/03\/anneler-gunu\/\"]}]},{\"@type\":\"BreadcrumbList\",\"@id\":\"https:\/\/narteks.net\/index.php\/2009\/11\/03\/anneler-gunu\/#breadcrumb\",\"itemListElement\":[{\"@type\":\"ListItem\",\"position\":1,\"name\":\"Anasayfa\",\"item\":\"https:\/\/narteks.net\/\"},{\"@type\":\"ListItem\",\"position\":2,\"name\":\"ANNELER G\u00dcN\u00dc\"}]},{\"@type\":\"WebSite\",\"@id\":\"https:\/\/narteks.net\/#website\",\"url\":\"https:\/\/narteks.net\/\",\"name\":\"narteks.net\",\"description\":\"K\u00fclt\u00fcr Sanat Edebiyat Felsefe\",\"publisher\":{\"@id\":\"https:\/\/narteks.net\/#organization\"},\"alternateName\":\"K\u00fclt\u00fcr Sanat Edebiyat Felsefe\",\"potentialAction\":[{\"@type\":\"SearchAction\",\"target\":{\"@type\":\"EntryPoint\",\"urlTemplate\":\"https:\/\/narteks.net\/?s={search_term_string}\"},\"query-input\":{\"@type\":\"PropertyValueSpecification\",\"valueRequired\":true,\"valueName\":\"search_term_string\"}}],\"inLanguage\":\"tr\"},{\"@type\":\"Organization\",\"@id\":\"https:\/\/narteks.net\/#organization\",\"name\":\"narteks.net\",\"url\":\"https:\/\/narteks.net\/\",\"logo\":{\"@type\":\"ImageObject\",\"inLanguage\":\"tr\",\"@id\":\"https:\/\/narteks.net\/#\/schema\/logo\/image\/\",\"url\":\"https:\/\/narteks.net\/wp-content\/uploads\/narteks.png\",\"contentUrl\":\"https:\/\/narteks.net\/wp-content\/uploads\/narteks.png\",\"width\":300,\"height\":90,\"caption\":\"narteks.net\"},\"image\":{\"@id\":\"https:\/\/narteks.net\/#\/schema\/logo\/image\/\"},\"sameAs\":[\"https:\/\/x.com\/narteks\",\"https:\/\/instagram.com\/narteksnet\"]},{\"@type\":\"Person\",\"@id\":\"https:\/\/narteks.net\/#\/schema\/person\/61f37d9834294b72d31d274e7ed79bca\",\"name\":\"Tar\u0131k\",\"image\":{\"@type\":\"ImageObject\",\"inLanguage\":\"tr\",\"@id\":\"https:\/\/narteks.net\/#\/schema\/person\/image\/\",\"url\":\"https:\/\/secure.gravatar.com\/avatar\/50865afb55632c4ae467e0af0930f6510aa2297d8014be502a55b14f3b7550cf?s=96&d=mm&r=g\",\"contentUrl\":\"https:\/\/secure.gravatar.com\/avatar\/50865afb55632c4ae467e0af0930f6510aa2297d8014be502a55b14f3b7550cf?s=96&d=mm&r=g\",\"caption\":\"Tar\u0131k\"},\"sameAs\":[\"http:\/\/narteks.net\"],\"url\":\"https:\/\/narteks.net\/index.php\/author\/narbak\/\"}]}<\/script>\n<!-- \/ Yoast SEO Premium plugin. -->","yoast_head_json":{"title":"ANNELER G\u00dcN\u00dc - narteks.net","robots":{"index":"index","follow":"follow","max-snippet":"max-snippet:-1","max-image-preview":"max-image-preview:large","max-video-preview":"max-video-preview:-1"},"canonical":"https:\/\/narteks.net\/index.php\/2009\/11\/03\/anneler-gunu\/","og_locale":"tr_TR","og_type":"article","og_title":"ANNELER G\u00dcN\u00dc","og_description":"\u00a0 ye\u015fildir art\u0131k y\u00fcre\u011finde kara bulut bug\u00fcn anneler g\u00fcn\u00fc annem beni unut evde ac\u0131lar koynuna yangelip yatm\u0131\u015f inad\u0131na giyin sen de may\u0131sa batm\u0131\u015f y\u00fcr\u00fc sokakta \u00e7ocuklar\u0131n d\u00fc\u015f\u00fc aks\u0131n y\u00fcr\u00fc ki saks\u0131da \u00e7i\u00e7ekler sana baks\u0131n diline gen\u00e7 an\u0131lar\u0131ndan bir t\u00fcrk\u00fc se\u00e7 be\u015f y\u0131l b\u00fcy\u00fcd\u00fc\u011f\u00fcm okulun \u00f6n\u00fcnden ge\u00e7 \u0131slan\u0131rsa an\u0131lar\u0131n g\u00fcne\u015fte kurut senin g\u00fcn\u00fcn bug\u00fcn unutma beni [&hellip;]","og_url":"https:\/\/narteks.net\/index.php\/2009\/11\/03\/anneler-gunu\/","og_site_name":"narteks.net","article_published_time":"2009-11-03T09:40:13+00:00","og_image":[{"width":300,"height":90,"url":"https:\/\/narteks.net\/wp-content\/uploads\/narteks.png","type":"image\/png"}],"author":"Tar\u0131k","twitter_card":"summary_large_image","twitter_creator":"@narteks","twitter_site":"@narteks","twitter_misc":{"Yazan:":"Tar\u0131k","Tahmini okuma s\u00fcresi":"1 dakika"},"schema":{"@context":"https:\/\/schema.org","@graph":[{"@type":"Article","@id":"https:\/\/narteks.net\/index.php\/2009\/11\/03\/anneler-gunu\/#article","isPartOf":{"@id":"https:\/\/narteks.net\/index.php\/2009\/11\/03\/anneler-gunu\/"},"author":{"name":"Tar\u0131k","@id":"https:\/\/narteks.net\/#\/schema\/person\/61f37d9834294b72d31d274e7ed79bca"},"headline":"ANNELER G\u00dcN\u00dc","datePublished":"2009-11-03T09:40:13+00:00","mainEntityOfPage":{"@id":"https:\/\/narteks.net\/index.php\/2009\/11\/03\/anneler-gunu\/"},"wordCount":138,"commentCount":0,"publisher":{"@id":"https:\/\/narteks.net\/#organization"},"articleSection":["Nevzat \u00c7ELIK"],"inLanguage":"tr","potentialAction":[{"@type":"CommentAction","name":"Comment","target":["https:\/\/narteks.net\/index.php\/2009\/11\/03\/anneler-gunu\/#respond"]}]},{"@type":"WebPage","@id":"https:\/\/narteks.net\/index.php\/2009\/11\/03\/anneler-gunu\/","url":"https:\/\/narteks.net\/index.php\/2009\/11\/03\/anneler-gunu\/","name":"ANNELER G\u00dcN\u00dc - narteks.net","isPartOf":{"@id":"https:\/\/narteks.net\/#website"},"datePublished":"2009-11-03T09:40:13+00:00","breadcrumb":{"@id":"https:\/\/narteks.net\/index.php\/2009\/11\/03\/anneler-gunu\/#breadcrumb"},"inLanguage":"tr","potentialAction":[{"@type":"ReadAction","target":["https:\/\/narteks.net\/index.php\/2009\/11\/03\/anneler-gunu\/"]}]},{"@type":"BreadcrumbList","@id":"https:\/\/narteks.net\/index.php\/2009\/11\/03\/anneler-gunu\/#breadcrumb","itemListElement":[{"@type":"ListItem","position":1,"name":"Anasayfa","item":"https:\/\/narteks.net\/"},{"@type":"ListItem","position":2,"name":"ANNELER G\u00dcN\u00dc"}]},{"@type":"WebSite","@id":"https:\/\/narteks.net\/#website","url":"https:\/\/narteks.net\/","name":"narteks.net","description":"K\u00fclt\u00fcr Sanat Edebiyat Felsefe","publisher":{"@id":"https:\/\/narteks.net\/#organization"},"alternateName":"K\u00fclt\u00fcr Sanat Edebiyat Felsefe","potentialAction":[{"@type":"SearchAction","target":{"@type":"EntryPoint","urlTemplate":"https:\/\/narteks.net\/?s={search_term_string}"},"query-input":{"@type":"PropertyValueSpecification","valueRequired":true,"valueName":"search_term_string"}}],"inLanguage":"tr"},{"@type":"Organization","@id":"https:\/\/narteks.net\/#organization","name":"narteks.net","url":"https:\/\/narteks.net\/","logo":{"@type":"ImageObject","inLanguage":"tr","@id":"https:\/\/narteks.net\/#\/schema\/logo\/image\/","url":"https:\/\/narteks.net\/wp-content\/uploads\/narteks.png","contentUrl":"https:\/\/narteks.net\/wp-content\/uploads\/narteks.png","width":300,"height":90,"caption":"narteks.net"},"image":{"@id":"https:\/\/narteks.net\/#\/schema\/logo\/image\/"},"sameAs":["https:\/\/x.com\/narteks","https:\/\/instagram.com\/narteksnet"]},{"@type":"Person","@id":"https:\/\/narteks.net\/#\/schema\/person\/61f37d9834294b72d31d274e7ed79bca","name":"Tar\u0131k","image":{"@type":"ImageObject","inLanguage":"tr","@id":"https:\/\/narteks.net\/#\/schema\/person\/image\/","url":"https:\/\/secure.gravatar.com\/avatar\/50865afb55632c4ae467e0af0930f6510aa2297d8014be502a55b14f3b7550cf?s=96&d=mm&r=g","contentUrl":"https:\/\/secure.gravatar.com\/avatar\/50865afb55632c4ae467e0af0930f6510aa2297d8014be502a55b14f3b7550cf?s=96&d=mm&r=g","caption":"Tar\u0131k"},"sameAs":["http:\/\/narteks.net"],"url":"https:\/\/narteks.net\/index.php\/author\/narbak\/"}]}},"_links":{"self":[{"href":"https:\/\/narteks.net\/index.php\/wp-json\/wp\/v2\/posts\/890","targetHints":{"allow":["GET"]}}],"collection":[{"href":"https:\/\/narteks.net\/index.php\/wp-json\/wp\/v2\/posts"}],"about":[{"href":"https:\/\/narteks.net\/index.php\/wp-json\/wp\/v2\/types\/post"}],"author":[{"embeddable":true,"href":"https:\/\/narteks.net\/index.php\/wp-json\/wp\/v2\/users\/1"}],"replies":[{"embeddable":true,"href":"https:\/\/narteks.net\/index.php\/wp-json\/wp\/v2\/comments?post=890"}],"version-history":[{"count":0,"href":"https:\/\/narteks.net\/index.php\/wp-json\/wp\/v2\/posts\/890\/revisions"}],"wp:attachment":[{"href":"https:\/\/narteks.net\/index.php\/wp-json\/wp\/v2\/media?parent=890"}],"wp:term":[{"taxonomy":"category","embeddable":true,"href":"https:\/\/narteks.net\/index.php\/wp-json\/wp\/v2\/categories?post=890"},{"taxonomy":"post_tag","embeddable":true,"href":"https:\/\/narteks.net\/index.php\/wp-json\/wp\/v2\/tags?post=890"}],"curies":[{"name":"wp","href":"https:\/\/api.w.org\/{rel}","templated":true}]}}