{"id":892,"date":"2009-11-03T12:41:53","date_gmt":"2009-11-03T09:41:53","guid":{"rendered":"http:\/\/localhost\/wordpress\/2009\/11\/03\/bu-bahar-sasma\/"},"modified":"2009-11-03T12:41:53","modified_gmt":"2009-11-03T09:41:53","slug":"bu-bahar-sasma","status":"publish","type":"post","link":"https:\/\/narteks.net\/index.php\/2009\/11\/03\/bu-bahar-sasma\/","title":{"rendered":"BU BAHAR \u015eA\u015eMA"},"content":{"rendered":"<p>\u00a0<\/p>\n<p>birdenbire ne oldu bana b\u00f6yle<br \/>ben eskiden ya\u011fmur filan takmazd\u0131m<br \/>a\u015fk desem de\u011fil yorgunluk hi\u00e7 de\u011fil<br \/>verip aln\u0131m\u0131 parmakl\u0131\u011f\u0131n buz ufkuna<br \/>kuytusunda kederler b\u00fcy\u00fcten<br \/>bir cehennem gibi bakmazd\u0131m<\/p>\n<p>d\u00fczeni yok voltam\u0131n nisanda m\u0131y\u0131z<br \/>yemye\u015fil bir dal kalbime bula\u015f\u0131yor<br \/>duvarlar \u00fcst\u00fcme y\u0131k\u0131l\u0131rsa \u015fa\u015fma<br \/>i\u00e7imde firar etmek fikri<br \/>a\u00e7 bir kurt gibi dola\u015f\u0131yor<\/p>\n<p>beni bu bahar vururlarsa \u015fa\u015fma<\/p>\n<p>Nevzat \u00c7EL\u0130K<\/p>\n","protected":false},"excerpt":{"rendered":"<p>\u00a0 birdenbire ne oldu bana b\u00f6yleben eskiden ya\u011fmur filan takmazd\u0131ma\u015fk desem de\u011fil yorgunluk hi\u00e7 de\u011filverip aln\u0131m\u0131 parmakl\u0131\u011f\u0131n buz ufkunakuytusunda kederler b\u00fcy\u00fctenbir cehennem gibi bakmazd\u0131m d\u00fczeni yok voltam\u0131n nisanda m\u0131y\u0131zyemye\u015fil bir dal kalbime bula\u015f\u0131yorduvarlar \u00fcst\u00fcme y\u0131k\u0131l\u0131rsa \u015fa\u015fmai\u00e7imde firar etmek fikria\u00e7 bir kurt gibi dola\u015f\u0131yor beni bu bahar vururlarsa \u015fa\u015fma Nevzat \u00c7EL\u0130K<\/p>\n","protected":false},"author":1,"featured_media":0,"comment_status":"open","ping_status":"open","sticky":false,"template":"","format":"standard","meta":{"footnotes":""},"categories":[25],"tags":[],"class_list":{"0":"post-892","1":"post","2":"type-post","3":"status-publish","4":"format-standard","6":"category-nevzat-celik"},"yoast_head":"<!-- This site is optimized with the Yoast SEO Premium plugin v24.9 (Yoast SEO v24.9) - https:\/\/yoast.com\/wordpress\/plugins\/seo\/ -->\n<title>BU BAHAR \u015eA\u015eMA - narteks.net<\/title>\n<meta name=\"robots\" content=\"index, follow, max-snippet:-1, max-image-preview:large, max-video-preview:-1\" \/>\n<link rel=\"canonical\" href=\"https:\/\/narteks.net\/index.php\/2009\/11\/03\/bu-bahar-sasma\/\" \/>\n<meta property=\"og:locale\" content=\"tr_TR\" \/>\n<meta property=\"og:type\" content=\"article\" \/>\n<meta property=\"og:title\" content=\"BU BAHAR \u015eA\u015eMA\" \/>\n<meta property=\"og:description\" content=\"\u00a0 birdenbire ne oldu bana b\u00f6yleben eskiden ya\u011fmur filan takmazd\u0131ma\u015fk desem de\u011fil yorgunluk hi\u00e7 de\u011filverip aln\u0131m\u0131 parmakl\u0131\u011f\u0131n buz ufkunakuytusunda kederler b\u00fcy\u00fctenbir cehennem gibi bakmazd\u0131m d\u00fczeni yok voltam\u0131n nisanda m\u0131y\u0131zyemye\u015fil bir dal kalbime bula\u015f\u0131yorduvarlar \u00fcst\u00fcme y\u0131k\u0131l\u0131rsa \u015fa\u015fmai\u00e7imde firar etmek fikria\u00e7 bir kurt gibi dola\u015f\u0131yor beni bu bahar vururlarsa \u015fa\u015fma Nevzat \u00c7EL\u0130K\" \/>\n<meta property=\"og:url\" content=\"https:\/\/narteks.net\/index.php\/2009\/11\/03\/bu-bahar-sasma\/\" \/>\n<meta property=\"og:site_name\" content=\"narteks.net\" \/>\n<meta property=\"article:published_time\" content=\"2009-11-03T09:41:53+00:00\" \/>\n<meta property=\"og:image\" content=\"https:\/\/narteks.net\/wp-content\/uploads\/narteks.png\" \/>\n\t<meta property=\"og:image:width\" content=\"300\" \/>\n\t<meta property=\"og:image:height\" content=\"90\" \/>\n\t<meta property=\"og:image:type\" content=\"image\/png\" \/>\n<meta name=\"author\" content=\"Tar\u0131k\" \/>\n<meta name=\"twitter:card\" content=\"summary_large_image\" \/>\n<meta name=\"twitter:creator\" content=\"@narteks\" \/>\n<meta name=\"twitter:site\" content=\"@narteks\" \/>\n<meta name=\"twitter:label1\" content=\"Yazan:\" \/>\n\t<meta name=\"twitter:data1\" content=\"Tar\u0131k\" \/>\n<script type=\"application\/ld+json\" class=\"yoast-schema-graph\">{\"@context\":\"https:\/\/schema.org\",\"@graph\":[{\"@type\":\"Article\",\"@id\":\"https:\/\/narteks.net\/index.php\/2009\/11\/03\/bu-bahar-sasma\/#article\",\"isPartOf\":{\"@id\":\"https:\/\/narteks.net\/index.php\/2009\/11\/03\/bu-bahar-sasma\/\"},\"author\":{\"name\":\"Tar\u0131k\",\"@id\":\"https:\/\/narteks.net\/#\/schema\/person\/61f37d9834294b72d31d274e7ed79bca\"},\"headline\":\"BU BAHAR \u015eA\u015eMA\",\"datePublished\":\"2009-11-03T09:41:53+00:00\",\"mainEntityOfPage\":{\"@id\":\"https:\/\/narteks.net\/index.php\/2009\/11\/03\/bu-bahar-sasma\/\"},\"wordCount\":79,\"commentCount\":0,\"publisher\":{\"@id\":\"https:\/\/narteks.net\/#organization\"},\"articleSection\":[\"Nevzat \u00c7ELIK\"],\"inLanguage\":\"tr\",\"potentialAction\":[{\"@type\":\"CommentAction\",\"name\":\"Comment\",\"target\":[\"https:\/\/narteks.net\/index.php\/2009\/11\/03\/bu-bahar-sasma\/#respond\"]}]},{\"@type\":\"WebPage\",\"@id\":\"https:\/\/narteks.net\/index.php\/2009\/11\/03\/bu-bahar-sasma\/\",\"url\":\"https:\/\/narteks.net\/index.php\/2009\/11\/03\/bu-bahar-sasma\/\",\"name\":\"BU BAHAR \u015eA\u015eMA - narteks.net\",\"isPartOf\":{\"@id\":\"https:\/\/narteks.net\/#website\"},\"datePublished\":\"2009-11-03T09:41:53+00:00\",\"breadcrumb\":{\"@id\":\"https:\/\/narteks.net\/index.php\/2009\/11\/03\/bu-bahar-sasma\/#breadcrumb\"},\"inLanguage\":\"tr\",\"potentialAction\":[{\"@type\":\"ReadAction\",\"target\":[\"https:\/\/narteks.net\/index.php\/2009\/11\/03\/bu-bahar-sasma\/\"]}]},{\"@type\":\"BreadcrumbList\",\"@id\":\"https:\/\/narteks.net\/index.php\/2009\/11\/03\/bu-bahar-sasma\/#breadcrumb\",\"itemListElement\":[{\"@type\":\"ListItem\",\"position\":1,\"name\":\"Anasayfa\",\"item\":\"https:\/\/narteks.net\/\"},{\"@type\":\"ListItem\",\"position\":2,\"name\":\"BU BAHAR \u015eA\u015eMA\"}]},{\"@type\":\"WebSite\",\"@id\":\"https:\/\/narteks.net\/#website\",\"url\":\"https:\/\/narteks.net\/\",\"name\":\"narteks.net\",\"description\":\"K\u00fclt\u00fcr Sanat Edebiyat Felsefe\",\"publisher\":{\"@id\":\"https:\/\/narteks.net\/#organization\"},\"alternateName\":\"K\u00fclt\u00fcr Sanat Edebiyat Felsefe\",\"potentialAction\":[{\"@type\":\"SearchAction\",\"target\":{\"@type\":\"EntryPoint\",\"urlTemplate\":\"https:\/\/narteks.net\/?s={search_term_string}\"},\"query-input\":{\"@type\":\"PropertyValueSpecification\",\"valueRequired\":true,\"valueName\":\"search_term_string\"}}],\"inLanguage\":\"tr\"},{\"@type\":\"Organization\",\"@id\":\"https:\/\/narteks.net\/#organization\",\"name\":\"narteks.net\",\"url\":\"https:\/\/narteks.net\/\",\"logo\":{\"@type\":\"ImageObject\",\"inLanguage\":\"tr\",\"@id\":\"https:\/\/narteks.net\/#\/schema\/logo\/image\/\",\"url\":\"https:\/\/narteks.net\/wp-content\/uploads\/narteks.png\",\"contentUrl\":\"https:\/\/narteks.net\/wp-content\/uploads\/narteks.png\",\"width\":300,\"height\":90,\"caption\":\"narteks.net\"},\"image\":{\"@id\":\"https:\/\/narteks.net\/#\/schema\/logo\/image\/\"},\"sameAs\":[\"https:\/\/x.com\/narteks\",\"https:\/\/instagram.com\/narteksnet\"]},{\"@type\":\"Person\",\"@id\":\"https:\/\/narteks.net\/#\/schema\/person\/61f37d9834294b72d31d274e7ed79bca\",\"name\":\"Tar\u0131k\",\"image\":{\"@type\":\"ImageObject\",\"inLanguage\":\"tr\",\"@id\":\"https:\/\/narteks.net\/#\/schema\/person\/image\/\",\"url\":\"https:\/\/secure.gravatar.com\/avatar\/50865afb55632c4ae467e0af0930f6510aa2297d8014be502a55b14f3b7550cf?s=96&d=mm&r=g\",\"contentUrl\":\"https:\/\/secure.gravatar.com\/avatar\/50865afb55632c4ae467e0af0930f6510aa2297d8014be502a55b14f3b7550cf?s=96&d=mm&r=g\",\"caption\":\"Tar\u0131k\"},\"sameAs\":[\"http:\/\/narteks.net\"],\"url\":\"https:\/\/narteks.net\/index.php\/author\/narbak\/\"}]}<\/script>\n<!-- \/ Yoast SEO Premium plugin. -->","yoast_head_json":{"title":"BU BAHAR \u015eA\u015eMA - narteks.net","robots":{"index":"index","follow":"follow","max-snippet":"max-snippet:-1","max-image-preview":"max-image-preview:large","max-video-preview":"max-video-preview:-1"},"canonical":"https:\/\/narteks.net\/index.php\/2009\/11\/03\/bu-bahar-sasma\/","og_locale":"tr_TR","og_type":"article","og_title":"BU BAHAR \u015eA\u015eMA","og_description":"\u00a0 birdenbire ne oldu bana b\u00f6yleben eskiden ya\u011fmur filan takmazd\u0131ma\u015fk desem de\u011fil yorgunluk hi\u00e7 de\u011filverip aln\u0131m\u0131 parmakl\u0131\u011f\u0131n buz ufkunakuytusunda kederler b\u00fcy\u00fctenbir cehennem gibi bakmazd\u0131m d\u00fczeni yok voltam\u0131n nisanda m\u0131y\u0131zyemye\u015fil bir dal kalbime bula\u015f\u0131yorduvarlar \u00fcst\u00fcme y\u0131k\u0131l\u0131rsa \u015fa\u015fmai\u00e7imde firar etmek fikria\u00e7 bir kurt gibi dola\u015f\u0131yor beni bu bahar vururlarsa \u015fa\u015fma Nevzat \u00c7EL\u0130K","og_url":"https:\/\/narteks.net\/index.php\/2009\/11\/03\/bu-bahar-sasma\/","og_site_name":"narteks.net","article_published_time":"2009-11-03T09:41:53+00:00","og_image":[{"width":300,"height":90,"url":"https:\/\/narteks.net\/wp-content\/uploads\/narteks.png","type":"image\/png"}],"author":"Tar\u0131k","twitter_card":"summary_large_image","twitter_creator":"@narteks","twitter_site":"@narteks","twitter_misc":{"Yazan:":"Tar\u0131k"},"schema":{"@context":"https:\/\/schema.org","@graph":[{"@type":"Article","@id":"https:\/\/narteks.net\/index.php\/2009\/11\/03\/bu-bahar-sasma\/#article","isPartOf":{"@id":"https:\/\/narteks.net\/index.php\/2009\/11\/03\/bu-bahar-sasma\/"},"author":{"name":"Tar\u0131k","@id":"https:\/\/narteks.net\/#\/schema\/person\/61f37d9834294b72d31d274e7ed79bca"},"headline":"BU BAHAR \u015eA\u015eMA","datePublished":"2009-11-03T09:41:53+00:00","mainEntityOfPage":{"@id":"https:\/\/narteks.net\/index.php\/2009\/11\/03\/bu-bahar-sasma\/"},"wordCount":79,"commentCount":0,"publisher":{"@id":"https:\/\/narteks.net\/#organization"},"articleSection":["Nevzat \u00c7ELIK"],"inLanguage":"tr","potentialAction":[{"@type":"CommentAction","name":"Comment","target":["https:\/\/narteks.net\/index.php\/2009\/11\/03\/bu-bahar-sasma\/#respond"]}]},{"@type":"WebPage","@id":"https:\/\/narteks.net\/index.php\/2009\/11\/03\/bu-bahar-sasma\/","url":"https:\/\/narteks.net\/index.php\/2009\/11\/03\/bu-bahar-sasma\/","name":"BU BAHAR \u015eA\u015eMA - narteks.net","isPartOf":{"@id":"https:\/\/narteks.net\/#website"},"datePublished":"2009-11-03T09:41:53+00:00","breadcrumb":{"@id":"https:\/\/narteks.net\/index.php\/2009\/11\/03\/bu-bahar-sasma\/#breadcrumb"},"inLanguage":"tr","potentialAction":[{"@type":"ReadAction","target":["https:\/\/narteks.net\/index.php\/2009\/11\/03\/bu-bahar-sasma\/"]}]},{"@type":"BreadcrumbList","@id":"https:\/\/narteks.net\/index.php\/2009\/11\/03\/bu-bahar-sasma\/#breadcrumb","itemListElement":[{"@type":"ListItem","position":1,"name":"Anasayfa","item":"https:\/\/narteks.net\/"},{"@type":"ListItem","position":2,"name":"BU BAHAR \u015eA\u015eMA"}]},{"@type":"WebSite","@id":"https:\/\/narteks.net\/#website","url":"https:\/\/narteks.net\/","name":"narteks.net","description":"K\u00fclt\u00fcr Sanat Edebiyat Felsefe","publisher":{"@id":"https:\/\/narteks.net\/#organization"},"alternateName":"K\u00fclt\u00fcr Sanat Edebiyat Felsefe","potentialAction":[{"@type":"SearchAction","target":{"@type":"EntryPoint","urlTemplate":"https:\/\/narteks.net\/?s={search_term_string}"},"query-input":{"@type":"PropertyValueSpecification","valueRequired":true,"valueName":"search_term_string"}}],"inLanguage":"tr"},{"@type":"Organization","@id":"https:\/\/narteks.net\/#organization","name":"narteks.net","url":"https:\/\/narteks.net\/","logo":{"@type":"ImageObject","inLanguage":"tr","@id":"https:\/\/narteks.net\/#\/schema\/logo\/image\/","url":"https:\/\/narteks.net\/wp-content\/uploads\/narteks.png","contentUrl":"https:\/\/narteks.net\/wp-content\/uploads\/narteks.png","width":300,"height":90,"caption":"narteks.net"},"image":{"@id":"https:\/\/narteks.net\/#\/schema\/logo\/image\/"},"sameAs":["https:\/\/x.com\/narteks","https:\/\/instagram.com\/narteksnet"]},{"@type":"Person","@id":"https:\/\/narteks.net\/#\/schema\/person\/61f37d9834294b72d31d274e7ed79bca","name":"Tar\u0131k","image":{"@type":"ImageObject","inLanguage":"tr","@id":"https:\/\/narteks.net\/#\/schema\/person\/image\/","url":"https:\/\/secure.gravatar.com\/avatar\/50865afb55632c4ae467e0af0930f6510aa2297d8014be502a55b14f3b7550cf?s=96&d=mm&r=g","contentUrl":"https:\/\/secure.gravatar.com\/avatar\/50865afb55632c4ae467e0af0930f6510aa2297d8014be502a55b14f3b7550cf?s=96&d=mm&r=g","caption":"Tar\u0131k"},"sameAs":["http:\/\/narteks.net"],"url":"https:\/\/narteks.net\/index.php\/author\/narbak\/"}]}},"_links":{"self":[{"href":"https:\/\/narteks.net\/index.php\/wp-json\/wp\/v2\/posts\/892","targetHints":{"allow":["GET"]}}],"collection":[{"href":"https:\/\/narteks.net\/index.php\/wp-json\/wp\/v2\/posts"}],"about":[{"href":"https:\/\/narteks.net\/index.php\/wp-json\/wp\/v2\/types\/post"}],"author":[{"embeddable":true,"href":"https:\/\/narteks.net\/index.php\/wp-json\/wp\/v2\/users\/1"}],"replies":[{"embeddable":true,"href":"https:\/\/narteks.net\/index.php\/wp-json\/wp\/v2\/comments?post=892"}],"version-history":[{"count":0,"href":"https:\/\/narteks.net\/index.php\/wp-json\/wp\/v2\/posts\/892\/revisions"}],"wp:attachment":[{"href":"https:\/\/narteks.net\/index.php\/wp-json\/wp\/v2\/media?parent=892"}],"wp:term":[{"taxonomy":"category","embeddable":true,"href":"https:\/\/narteks.net\/index.php\/wp-json\/wp\/v2\/categories?post=892"},{"taxonomy":"post_tag","embeddable":true,"href":"https:\/\/narteks.net\/index.php\/wp-json\/wp\/v2\/tags?post=892"}],"curies":[{"name":"wp","href":"https:\/\/api.w.org\/{rel}","templated":true}]}}