{"id":896,"date":"2009-11-03T12:45:12","date_gmt":"2009-11-03T09:45:12","guid":{"rendered":"http:\/\/localhost\/wordpress\/2009\/11\/03\/diyarbakir-oluleri\/"},"modified":"2009-11-03T12:45:12","modified_gmt":"2009-11-03T09:45:12","slug":"diyarbakir-oluleri","status":"publish","type":"post","link":"https:\/\/narteks.net\/index.php\/2009\/11\/03\/diyarbakir-oluleri\/","title":{"rendered":"D\u0130YARBAKIR \u00d6L\u00dcLER\u0130"},"content":{"rendered":"<p>\u00a0<\/p>\n<p>I <\/p>\n<p>d\u00fcn gece mu\u015ftularla ya\u011f\u0131yordu havaland\u0131rmaya ilk kar\u0131 mart\u0131n <br \/>d\u00fcn gece y\u00fcre\u011fimizde b\u0131\u00e7akt\u0131 \u00f6l\u00fcm haberleri diyarbak\u0131r&#8217;\u0131n <\/p>\n<p>as\u0131ld\u0131 ellerimiz ayas\u0131ndan kasap \u00e7engeli mi parmakl\u0131klar <br \/>daha ka\u00e7 f\u0131rt\u0131nayla \u00e7arp\u0131\u015facak bu erkek d\u00f6k\u00fcm\u00fc al\u0131nlar <\/p>\n<p>II <\/p>\n<p>incedir bileklerimiz ya\u015famak a\u011fr\u0131s\u0131d\u0131r boynumuzdaki <br \/>at\u0131l\u0131r\u0131z her \u00e7\u0131\u011fl\u0131\u011fa s\u00fcng\u00fc de \u00f6yle bir keskin ki <\/p>\n<p>ayn\u0131 sald\u0131rma de\u011fil mi g\u00f6\u011fs\u00fcm\u00fczde gizlimizi arayan <br \/>d\u00f6k\u00fcp benzini esmer tenimize yang\u0131nlar\u0131 kundaklayan <\/p>\n<p>yan\u0131p kavrulan bir \u00fclkeydi anlad\u0131m ortas\u0131nda o ate\u015fin <br \/>nas\u0131l unuturum g\u00f6zlerinizi karayd\u0131 aras\u0131nda uzun kirpiklerin <\/p>\n<p>belki hi\u00e7 sayamayacaks\u0131n\u0131z sevgilinin sa\u00e7\u0131na ka\u00e7 ak kar\u0131\u015ft\u0131 <br \/>gene de s\u00f6yleyeceksiniz: y\u00fcr\u00fc sevgilim ne de g\u00fczel yak\u0131\u015ft\u0131 <\/p>\n<p>elli dokuz g\u00fcn m\u00fc a\u00e7 kald\u0131n\u0131z vay benim karde\u015flerim <br \/>alt\u0131n\u0131z \u00f6ld\u00fc demek art\u0131k ka\u015f\u0131k tutmaz bu ellerim <\/p>\n<p>III <\/p>\n<p>i\u00e7imde bir \u00fclke a\u011flar oturmu\u015f s\u0131n\u0131rlar\u0131na sa\u00e7\u0131n\u0131 tarar <br \/>bir \u00e7am devrilir h\u00fczn\u00fcme dal\u0131ndan bir ku\u015f kalkar <\/p>\n<p>ku\u015fun kanad\u0131na m\u0131 konar sabah yoklar demir\u00f6rg\u00fcleri <br \/>a\u00e7amam ki s\u0131ms\u0131k\u0131 g\u00f6zlerim i\u00e7inde diyarbak\u0131r \u00f6l\u00fcleri <\/p>\n<p>kimbilir ne g\u00fczeldir dinlemek dillerinde diren\u00e7 t\u00fcrk\u00fcleri <br \/>bas\u0131p do\u011frulacak elbet kendi k\u00fcllerine diyarbak\u0131r \u00f6l\u00fcleri<\/p>\n<p>Nevzat \u00c7EL\u0130K<\/p>\n","protected":false},"excerpt":{"rendered":"<p>\u00a0 I d\u00fcn gece mu\u015ftularla ya\u011f\u0131yordu havaland\u0131rmaya ilk kar\u0131 mart\u0131n d\u00fcn gece y\u00fcre\u011fimizde b\u0131\u00e7akt\u0131 \u00f6l\u00fcm haberleri diyarbak\u0131r&#8217;\u0131n as\u0131ld\u0131 ellerimiz ayas\u0131ndan kasap \u00e7engeli mi parmakl\u0131klar daha ka\u00e7 f\u0131rt\u0131nayla \u00e7arp\u0131\u015facak bu erkek d\u00f6k\u00fcm\u00fc al\u0131nlar II incedir bileklerimiz ya\u015famak a\u011fr\u0131s\u0131d\u0131r boynumuzdaki at\u0131l\u0131r\u0131z her \u00e7\u0131\u011fl\u0131\u011fa s\u00fcng\u00fc de \u00f6yle bir keskin ki ayn\u0131 sald\u0131rma de\u011fil mi g\u00f6\u011fs\u00fcm\u00fczde gizlimizi arayan d\u00f6k\u00fcp [&hellip;]<\/p>\n","protected":false},"author":1,"featured_media":0,"comment_status":"open","ping_status":"open","sticky":false,"template":"","format":"standard","meta":{"footnotes":""},"categories":[25],"tags":[],"class_list":{"0":"post-896","1":"post","2":"type-post","3":"status-publish","4":"format-standard","6":"category-nevzat-celik"},"yoast_head":"<!-- This site is optimized with the Yoast SEO Premium plugin v24.9 (Yoast SEO v24.9) - https:\/\/yoast.com\/wordpress\/plugins\/seo\/ -->\n<title>D\u0130YARBAKIR \u00d6L\u00dcLER\u0130 - narteks.net<\/title>\n<meta name=\"robots\" content=\"index, follow, max-snippet:-1, max-image-preview:large, max-video-preview:-1\" \/>\n<link rel=\"canonical\" href=\"https:\/\/narteks.net\/index.php\/2009\/11\/03\/diyarbakir-oluleri\/\" \/>\n<meta property=\"og:locale\" content=\"tr_TR\" \/>\n<meta property=\"og:type\" content=\"article\" \/>\n<meta property=\"og:title\" content=\"D\u0130YARBAKIR \u00d6L\u00dcLER\u0130\" \/>\n<meta property=\"og:description\" content=\"\u00a0 I d\u00fcn gece mu\u015ftularla ya\u011f\u0131yordu havaland\u0131rmaya ilk kar\u0131 mart\u0131n d\u00fcn gece y\u00fcre\u011fimizde b\u0131\u00e7akt\u0131 \u00f6l\u00fcm haberleri diyarbak\u0131r&#8217;\u0131n as\u0131ld\u0131 ellerimiz ayas\u0131ndan kasap \u00e7engeli mi parmakl\u0131klar daha ka\u00e7 f\u0131rt\u0131nayla \u00e7arp\u0131\u015facak bu erkek d\u00f6k\u00fcm\u00fc al\u0131nlar II incedir bileklerimiz ya\u015famak a\u011fr\u0131s\u0131d\u0131r boynumuzdaki at\u0131l\u0131r\u0131z her \u00e7\u0131\u011fl\u0131\u011fa s\u00fcng\u00fc de \u00f6yle bir keskin ki ayn\u0131 sald\u0131rma de\u011fil mi g\u00f6\u011fs\u00fcm\u00fczde gizlimizi arayan d\u00f6k\u00fcp [&hellip;]\" \/>\n<meta property=\"og:url\" content=\"https:\/\/narteks.net\/index.php\/2009\/11\/03\/diyarbakir-oluleri\/\" \/>\n<meta property=\"og:site_name\" content=\"narteks.net\" \/>\n<meta property=\"article:published_time\" content=\"2009-11-03T09:45:12+00:00\" \/>\n<meta property=\"og:image\" content=\"https:\/\/narteks.net\/wp-content\/uploads\/narteks.png\" \/>\n\t<meta property=\"og:image:width\" content=\"300\" \/>\n\t<meta property=\"og:image:height\" content=\"90\" \/>\n\t<meta property=\"og:image:type\" content=\"image\/png\" \/>\n<meta name=\"author\" content=\"Tar\u0131k\" \/>\n<meta name=\"twitter:card\" content=\"summary_large_image\" \/>\n<meta name=\"twitter:creator\" content=\"@narteks\" \/>\n<meta name=\"twitter:site\" content=\"@narteks\" \/>\n<meta name=\"twitter:label1\" content=\"Yazan:\" \/>\n\t<meta name=\"twitter:data1\" content=\"Tar\u0131k\" \/>\n\t<meta name=\"twitter:label2\" content=\"Tahmini okuma s\u00fcresi\" \/>\n\t<meta name=\"twitter:data2\" content=\"1 dakika\" \/>\n<script type=\"application\/ld+json\" class=\"yoast-schema-graph\">{\"@context\":\"https:\/\/schema.org\",\"@graph\":[{\"@type\":\"Article\",\"@id\":\"https:\/\/narteks.net\/index.php\/2009\/11\/03\/diyarbakir-oluleri\/#article\",\"isPartOf\":{\"@id\":\"https:\/\/narteks.net\/index.php\/2009\/11\/03\/diyarbakir-oluleri\/\"},\"author\":{\"name\":\"Tar\u0131k\",\"@id\":\"https:\/\/narteks.net\/#\/schema\/person\/61f37d9834294b72d31d274e7ed79bca\"},\"headline\":\"D\u0130YARBAKIR \u00d6L\u00dcLER\u0130\",\"datePublished\":\"2009-11-03T09:45:12+00:00\",\"mainEntityOfPage\":{\"@id\":\"https:\/\/narteks.net\/index.php\/2009\/11\/03\/diyarbakir-oluleri\/\"},\"wordCount\":250,\"commentCount\":0,\"publisher\":{\"@id\":\"https:\/\/narteks.net\/#organization\"},\"articleSection\":[\"Nevzat \u00c7ELIK\"],\"inLanguage\":\"tr\",\"potentialAction\":[{\"@type\":\"CommentAction\",\"name\":\"Comment\",\"target\":[\"https:\/\/narteks.net\/index.php\/2009\/11\/03\/diyarbakir-oluleri\/#respond\"]}]},{\"@type\":\"WebPage\",\"@id\":\"https:\/\/narteks.net\/index.php\/2009\/11\/03\/diyarbakir-oluleri\/\",\"url\":\"https:\/\/narteks.net\/index.php\/2009\/11\/03\/diyarbakir-oluleri\/\",\"name\":\"D\u0130YARBAKIR \u00d6L\u00dcLER\u0130 - narteks.net\",\"isPartOf\":{\"@id\":\"https:\/\/narteks.net\/#website\"},\"datePublished\":\"2009-11-03T09:45:12+00:00\",\"breadcrumb\":{\"@id\":\"https:\/\/narteks.net\/index.php\/2009\/11\/03\/diyarbakir-oluleri\/#breadcrumb\"},\"inLanguage\":\"tr\",\"potentialAction\":[{\"@type\":\"ReadAction\",\"target\":[\"https:\/\/narteks.net\/index.php\/2009\/11\/03\/diyarbakir-oluleri\/\"]}]},{\"@type\":\"BreadcrumbList\",\"@id\":\"https:\/\/narteks.net\/index.php\/2009\/11\/03\/diyarbakir-oluleri\/#breadcrumb\",\"itemListElement\":[{\"@type\":\"ListItem\",\"position\":1,\"name\":\"Anasayfa\",\"item\":\"https:\/\/narteks.net\/\"},{\"@type\":\"ListItem\",\"position\":2,\"name\":\"D\u0130YARBAKIR \u00d6L\u00dcLER\u0130\"}]},{\"@type\":\"WebSite\",\"@id\":\"https:\/\/narteks.net\/#website\",\"url\":\"https:\/\/narteks.net\/\",\"name\":\"narteks.net\",\"description\":\"K\u00fclt\u00fcr Sanat Edebiyat Felsefe\",\"publisher\":{\"@id\":\"https:\/\/narteks.net\/#organization\"},\"alternateName\":\"K\u00fclt\u00fcr Sanat Edebiyat Felsefe\",\"potentialAction\":[{\"@type\":\"SearchAction\",\"target\":{\"@type\":\"EntryPoint\",\"urlTemplate\":\"https:\/\/narteks.net\/?s={search_term_string}\"},\"query-input\":{\"@type\":\"PropertyValueSpecification\",\"valueRequired\":true,\"valueName\":\"search_term_string\"}}],\"inLanguage\":\"tr\"},{\"@type\":\"Organization\",\"@id\":\"https:\/\/narteks.net\/#organization\",\"name\":\"narteks.net\",\"url\":\"https:\/\/narteks.net\/\",\"logo\":{\"@type\":\"ImageObject\",\"inLanguage\":\"tr\",\"@id\":\"https:\/\/narteks.net\/#\/schema\/logo\/image\/\",\"url\":\"https:\/\/narteks.net\/wp-content\/uploads\/narteks.png\",\"contentUrl\":\"https:\/\/narteks.net\/wp-content\/uploads\/narteks.png\",\"width\":300,\"height\":90,\"caption\":\"narteks.net\"},\"image\":{\"@id\":\"https:\/\/narteks.net\/#\/schema\/logo\/image\/\"},\"sameAs\":[\"https:\/\/x.com\/narteks\",\"https:\/\/instagram.com\/narteksnet\"]},{\"@type\":\"Person\",\"@id\":\"https:\/\/narteks.net\/#\/schema\/person\/61f37d9834294b72d31d274e7ed79bca\",\"name\":\"Tar\u0131k\",\"image\":{\"@type\":\"ImageObject\",\"inLanguage\":\"tr\",\"@id\":\"https:\/\/narteks.net\/#\/schema\/person\/image\/\",\"url\":\"https:\/\/secure.gravatar.com\/avatar\/50865afb55632c4ae467e0af0930f6510aa2297d8014be502a55b14f3b7550cf?s=96&d=mm&r=g\",\"contentUrl\":\"https:\/\/secure.gravatar.com\/avatar\/50865afb55632c4ae467e0af0930f6510aa2297d8014be502a55b14f3b7550cf?s=96&d=mm&r=g\",\"caption\":\"Tar\u0131k\"},\"sameAs\":[\"http:\/\/narteks.net\"],\"url\":\"https:\/\/narteks.net\/index.php\/author\/narbak\/\"}]}<\/script>\n<!-- \/ Yoast SEO Premium plugin. -->","yoast_head_json":{"title":"D\u0130YARBAKIR \u00d6L\u00dcLER\u0130 - narteks.net","robots":{"index":"index","follow":"follow","max-snippet":"max-snippet:-1","max-image-preview":"max-image-preview:large","max-video-preview":"max-video-preview:-1"},"canonical":"https:\/\/narteks.net\/index.php\/2009\/11\/03\/diyarbakir-oluleri\/","og_locale":"tr_TR","og_type":"article","og_title":"D\u0130YARBAKIR \u00d6L\u00dcLER\u0130","og_description":"\u00a0 I d\u00fcn gece mu\u015ftularla ya\u011f\u0131yordu havaland\u0131rmaya ilk kar\u0131 mart\u0131n d\u00fcn gece y\u00fcre\u011fimizde b\u0131\u00e7akt\u0131 \u00f6l\u00fcm haberleri diyarbak\u0131r&#8217;\u0131n as\u0131ld\u0131 ellerimiz ayas\u0131ndan kasap \u00e7engeli mi parmakl\u0131klar daha ka\u00e7 f\u0131rt\u0131nayla \u00e7arp\u0131\u015facak bu erkek d\u00f6k\u00fcm\u00fc al\u0131nlar II incedir bileklerimiz ya\u015famak a\u011fr\u0131s\u0131d\u0131r boynumuzdaki at\u0131l\u0131r\u0131z her \u00e7\u0131\u011fl\u0131\u011fa s\u00fcng\u00fc de \u00f6yle bir keskin ki ayn\u0131 sald\u0131rma de\u011fil mi g\u00f6\u011fs\u00fcm\u00fczde gizlimizi arayan d\u00f6k\u00fcp [&hellip;]","og_url":"https:\/\/narteks.net\/index.php\/2009\/11\/03\/diyarbakir-oluleri\/","og_site_name":"narteks.net","article_published_time":"2009-11-03T09:45:12+00:00","og_image":[{"width":300,"height":90,"url":"https:\/\/narteks.net\/wp-content\/uploads\/narteks.png","type":"image\/png"}],"author":"Tar\u0131k","twitter_card":"summary_large_image","twitter_creator":"@narteks","twitter_site":"@narteks","twitter_misc":{"Yazan:":"Tar\u0131k","Tahmini okuma s\u00fcresi":"1 dakika"},"schema":{"@context":"https:\/\/schema.org","@graph":[{"@type":"Article","@id":"https:\/\/narteks.net\/index.php\/2009\/11\/03\/diyarbakir-oluleri\/#article","isPartOf":{"@id":"https:\/\/narteks.net\/index.php\/2009\/11\/03\/diyarbakir-oluleri\/"},"author":{"name":"Tar\u0131k","@id":"https:\/\/narteks.net\/#\/schema\/person\/61f37d9834294b72d31d274e7ed79bca"},"headline":"D\u0130YARBAKIR \u00d6L\u00dcLER\u0130","datePublished":"2009-11-03T09:45:12+00:00","mainEntityOfPage":{"@id":"https:\/\/narteks.net\/index.php\/2009\/11\/03\/diyarbakir-oluleri\/"},"wordCount":250,"commentCount":0,"publisher":{"@id":"https:\/\/narteks.net\/#organization"},"articleSection":["Nevzat \u00c7ELIK"],"inLanguage":"tr","potentialAction":[{"@type":"CommentAction","name":"Comment","target":["https:\/\/narteks.net\/index.php\/2009\/11\/03\/diyarbakir-oluleri\/#respond"]}]},{"@type":"WebPage","@id":"https:\/\/narteks.net\/index.php\/2009\/11\/03\/diyarbakir-oluleri\/","url":"https:\/\/narteks.net\/index.php\/2009\/11\/03\/diyarbakir-oluleri\/","name":"D\u0130YARBAKIR \u00d6L\u00dcLER\u0130 - narteks.net","isPartOf":{"@id":"https:\/\/narteks.net\/#website"},"datePublished":"2009-11-03T09:45:12+00:00","breadcrumb":{"@id":"https:\/\/narteks.net\/index.php\/2009\/11\/03\/diyarbakir-oluleri\/#breadcrumb"},"inLanguage":"tr","potentialAction":[{"@type":"ReadAction","target":["https:\/\/narteks.net\/index.php\/2009\/11\/03\/diyarbakir-oluleri\/"]}]},{"@type":"BreadcrumbList","@id":"https:\/\/narteks.net\/index.php\/2009\/11\/03\/diyarbakir-oluleri\/#breadcrumb","itemListElement":[{"@type":"ListItem","position":1,"name":"Anasayfa","item":"https:\/\/narteks.net\/"},{"@type":"ListItem","position":2,"name":"D\u0130YARBAKIR \u00d6L\u00dcLER\u0130"}]},{"@type":"WebSite","@id":"https:\/\/narteks.net\/#website","url":"https:\/\/narteks.net\/","name":"narteks.net","description":"K\u00fclt\u00fcr Sanat Edebiyat Felsefe","publisher":{"@id":"https:\/\/narteks.net\/#organization"},"alternateName":"K\u00fclt\u00fcr Sanat Edebiyat Felsefe","potentialAction":[{"@type":"SearchAction","target":{"@type":"EntryPoint","urlTemplate":"https:\/\/narteks.net\/?s={search_term_string}"},"query-input":{"@type":"PropertyValueSpecification","valueRequired":true,"valueName":"search_term_string"}}],"inLanguage":"tr"},{"@type":"Organization","@id":"https:\/\/narteks.net\/#organization","name":"narteks.net","url":"https:\/\/narteks.net\/","logo":{"@type":"ImageObject","inLanguage":"tr","@id":"https:\/\/narteks.net\/#\/schema\/logo\/image\/","url":"https:\/\/narteks.net\/wp-content\/uploads\/narteks.png","contentUrl":"https:\/\/narteks.net\/wp-content\/uploads\/narteks.png","width":300,"height":90,"caption":"narteks.net"},"image":{"@id":"https:\/\/narteks.net\/#\/schema\/logo\/image\/"},"sameAs":["https:\/\/x.com\/narteks","https:\/\/instagram.com\/narteksnet"]},{"@type":"Person","@id":"https:\/\/narteks.net\/#\/schema\/person\/61f37d9834294b72d31d274e7ed79bca","name":"Tar\u0131k","image":{"@type":"ImageObject","inLanguage":"tr","@id":"https:\/\/narteks.net\/#\/schema\/person\/image\/","url":"https:\/\/secure.gravatar.com\/avatar\/50865afb55632c4ae467e0af0930f6510aa2297d8014be502a55b14f3b7550cf?s=96&d=mm&r=g","contentUrl":"https:\/\/secure.gravatar.com\/avatar\/50865afb55632c4ae467e0af0930f6510aa2297d8014be502a55b14f3b7550cf?s=96&d=mm&r=g","caption":"Tar\u0131k"},"sameAs":["http:\/\/narteks.net"],"url":"https:\/\/narteks.net\/index.php\/author\/narbak\/"}]}},"_links":{"self":[{"href":"https:\/\/narteks.net\/index.php\/wp-json\/wp\/v2\/posts\/896","targetHints":{"allow":["GET"]}}],"collection":[{"href":"https:\/\/narteks.net\/index.php\/wp-json\/wp\/v2\/posts"}],"about":[{"href":"https:\/\/narteks.net\/index.php\/wp-json\/wp\/v2\/types\/post"}],"author":[{"embeddable":true,"href":"https:\/\/narteks.net\/index.php\/wp-json\/wp\/v2\/users\/1"}],"replies":[{"embeddable":true,"href":"https:\/\/narteks.net\/index.php\/wp-json\/wp\/v2\/comments?post=896"}],"version-history":[{"count":0,"href":"https:\/\/narteks.net\/index.php\/wp-json\/wp\/v2\/posts\/896\/revisions"}],"wp:attachment":[{"href":"https:\/\/narteks.net\/index.php\/wp-json\/wp\/v2\/media?parent=896"}],"wp:term":[{"taxonomy":"category","embeddable":true,"href":"https:\/\/narteks.net\/index.php\/wp-json\/wp\/v2\/categories?post=896"},{"taxonomy":"post_tag","embeddable":true,"href":"https:\/\/narteks.net\/index.php\/wp-json\/wp\/v2\/tags?post=896"}],"curies":[{"name":"wp","href":"https:\/\/api.w.org\/{rel}","templated":true}]}}