{"id":909,"date":"2009-11-03T12:56:37","date_gmt":"2009-11-03T09:56:37","guid":{"rendered":"http:\/\/localhost\/wordpress\/2009\/11\/03\/maceram\/"},"modified":"2009-11-03T12:56:37","modified_gmt":"2009-11-03T09:56:37","slug":"maceram","status":"publish","type":"post","link":"https:\/\/narteks.net\/index.php\/2009\/11\/03\/maceram\/","title":{"rendered":"M\u00c2CERAM"},"content":{"rendered":"<p>\u00a0<\/p>\n<p>gen\u00e7 mi olunurmu\u015f i\u00e7erde a benim g\u00fcl\u00fcm <br \/>s\u00f6yledim yedi y\u0131lda b\u00fct\u00fcn t\u00fcrk\u00fclerini \u00f6mr\u00fcn <br \/>g\u00fcz bir yandan u\u00e7u\u015fur sa\u00e7lar\u0131mda <br \/> k\u0131\u015f bir yandan <\/p>\n<p>ihtim\u00e2l ki ben senden tam sekiz ilkbahar b\u00fcy\u00fc\u011f\u00fcm <br \/>sen sa\u00e7lar\u0131na ilkokul kurdelas\u0131 takt\u0131\u011f\u0131n g\u00fcn <br \/>devad\u0131mlarla bulu\u015ftu ayaklar\u0131m <br \/> ah ne \u00e7abuk <\/p>\n<p>kan\u0131m\u0131 pompalad\u0131 y\u00fcre\u011fimin \u00e7elik kaslar\u0131 <br \/>kan\u0131m damarlar\u0131mda \u015faha kalkan atlard\u0131 <br \/>beyaz atk\u0131lar gibi att\u0131m boynuma bulutlar\u0131 <br \/>u\u00e7ura u\u00e7ura y\u00fcr\u00fcd\u00fcm r\u00fczg\u00e2r\u0131nda \u00f6l\u00fcm\u00fcn <\/p>\n<p>en g\u00fczel nak\u0131\u015f\u0131n\u0131 vururken kanatlar\u0131 ku\u015fun <br \/>delip ge\u00e7ti karaci\u011ferimi karanl\u0131k bir kur\u015fun <br \/>onsekiz ya\u015f\u0131m d\u00fc\u015ft\u00fc \u0131slak aynas\u0131na asfalt\u0131n <br \/>\u0131l\u0131k bir \u0131sl\u0131k gibi akt\u0131 kan\u0131m <br \/> fakat \u00f6lmedim <\/p>\n<p>bir hem\u015firenin mavi g\u00fcl\u00fc\u015f\u00fcne tutundum g\u00fcl\u00fcm <br \/>anlad\u0131m ki asla yenemez g\u00fclen insan\u0131 \u00f6l\u00fcm <br \/>dokuzuncu g\u00fcn hayk\u0131rd\u0131m pencereden g\u00f6ky\u00fcz\u00fcne <br \/>heey <br \/>kur\u015funlar\u0131n ra\u011fm\u0131na ya\u015famak ne g\u00fczel \u015fey <\/p>\n<p>ben b\u00f6yle hep uslanmaz kavgac\u0131 ve her g\u00fczele a\u015f\u0131k <br \/>durmu\u015fken seksen mart ak\u015famlar\u0131na bahar gibi \u015f\u0131k <br \/>duvarlara zincirlere \u00e7\u0131kt\u0131 yolu umudumun <br \/>\u015fark\u0131lar ne bilsin sorguevlerini istanbul&#8217;un <br \/>gayrettepe&#8217;yi samand\u0131ra&#8217;y\u0131&#8230; ah g\u00fcl\u00fcm ne bilsin <\/p>\n<p>parmaks\u0131z bir el gibi b\u00fct\u00fcn tan\u0131mlar\u0131 insan\u0131n <br \/>insan i\u015fkencede susabilen bir hayvanm\u0131\u015f me\u011fer <br \/>dur a\u011flama k\u00fc\u00e7\u00fc\u011f\u00fcm hi\u00e7 yak\u0131\u015fmaz y\u00fcz\u00fcne keder <br \/>ta k\u00f6k\u00fcnden t\u00fck\u00fcrd\u00fcm dilsiz kalacakm\u0131\u015f\u0131m ne gam <br \/>i\u015fte b\u00f6yle ba\u015flad\u0131 benim y\u0131llar s\u00fcren m\u00e2ceram<\/p>\n<p>Nevzat \u00c7EL\u0130K<\/p>\n","protected":false},"excerpt":{"rendered":"<p>\u00a0 gen\u00e7 mi olunurmu\u015f i\u00e7erde a benim g\u00fcl\u00fcm s\u00f6yledim yedi y\u0131lda b\u00fct\u00fcn t\u00fcrk\u00fclerini \u00f6mr\u00fcn g\u00fcz bir yandan u\u00e7u\u015fur sa\u00e7lar\u0131mda k\u0131\u015f bir yandan ihtim\u00e2l ki ben senden tam sekiz ilkbahar b\u00fcy\u00fc\u011f\u00fcm sen sa\u00e7lar\u0131na ilkokul kurdelas\u0131 takt\u0131\u011f\u0131n g\u00fcn devad\u0131mlarla bulu\u015ftu ayaklar\u0131m ah ne \u00e7abuk kan\u0131m\u0131 pompalad\u0131 y\u00fcre\u011fimin \u00e7elik kaslar\u0131 kan\u0131m damarlar\u0131mda \u015faha kalkan atlard\u0131 beyaz atk\u0131lar gibi [&hellip;]<\/p>\n","protected":false},"author":1,"featured_media":0,"comment_status":"open","ping_status":"open","sticky":false,"template":"","format":"standard","meta":{"footnotes":""},"categories":[25],"tags":[],"class_list":{"0":"post-909","1":"post","2":"type-post","3":"status-publish","4":"format-standard","6":"category-nevzat-celik"},"yoast_head":"<!-- This site is optimized with the Yoast SEO Premium plugin v24.9 (Yoast SEO v24.9) - https:\/\/yoast.com\/wordpress\/plugins\/seo\/ -->\n<title>M\u00c2CERAM - narteks.net<\/title>\n<meta name=\"robots\" content=\"index, follow, max-snippet:-1, max-image-preview:large, max-video-preview:-1\" \/>\n<link rel=\"canonical\" href=\"https:\/\/narteks.net\/index.php\/2009\/11\/03\/maceram\/\" \/>\n<meta property=\"og:locale\" content=\"tr_TR\" \/>\n<meta property=\"og:type\" content=\"article\" \/>\n<meta property=\"og:title\" content=\"M\u00c2CERAM\" \/>\n<meta property=\"og:description\" content=\"\u00a0 gen\u00e7 mi olunurmu\u015f i\u00e7erde a benim g\u00fcl\u00fcm s\u00f6yledim yedi y\u0131lda b\u00fct\u00fcn t\u00fcrk\u00fclerini \u00f6mr\u00fcn g\u00fcz bir yandan u\u00e7u\u015fur sa\u00e7lar\u0131mda k\u0131\u015f bir yandan ihtim\u00e2l ki ben senden tam sekiz ilkbahar b\u00fcy\u00fc\u011f\u00fcm sen sa\u00e7lar\u0131na ilkokul kurdelas\u0131 takt\u0131\u011f\u0131n g\u00fcn devad\u0131mlarla bulu\u015ftu ayaklar\u0131m ah ne \u00e7abuk kan\u0131m\u0131 pompalad\u0131 y\u00fcre\u011fimin \u00e7elik kaslar\u0131 kan\u0131m damarlar\u0131mda \u015faha kalkan atlard\u0131 beyaz atk\u0131lar gibi [&hellip;]\" \/>\n<meta property=\"og:url\" content=\"https:\/\/narteks.net\/index.php\/2009\/11\/03\/maceram\/\" \/>\n<meta property=\"og:site_name\" content=\"narteks.net\" \/>\n<meta property=\"article:published_time\" content=\"2009-11-03T09:56:37+00:00\" \/>\n<meta property=\"og:image\" content=\"https:\/\/narteks.net\/wp-content\/uploads\/narteks.png\" \/>\n\t<meta property=\"og:image:width\" content=\"300\" \/>\n\t<meta property=\"og:image:height\" content=\"90\" \/>\n\t<meta property=\"og:image:type\" content=\"image\/png\" \/>\n<meta name=\"author\" content=\"Tar\u0131k\" \/>\n<meta name=\"twitter:card\" content=\"summary_large_image\" \/>\n<meta name=\"twitter:creator\" content=\"@narteks\" \/>\n<meta name=\"twitter:site\" content=\"@narteks\" \/>\n<meta name=\"twitter:label1\" content=\"Yazan:\" \/>\n\t<meta name=\"twitter:data1\" content=\"Tar\u0131k\" \/>\n\t<meta name=\"twitter:label2\" content=\"Tahmini okuma s\u00fcresi\" \/>\n\t<meta name=\"twitter:data2\" content=\"1 dakika\" \/>\n<script type=\"application\/ld+json\" class=\"yoast-schema-graph\">{\"@context\":\"https:\/\/schema.org\",\"@graph\":[{\"@type\":\"Article\",\"@id\":\"https:\/\/narteks.net\/index.php\/2009\/11\/03\/maceram\/#article\",\"isPartOf\":{\"@id\":\"https:\/\/narteks.net\/index.php\/2009\/11\/03\/maceram\/\"},\"author\":{\"name\":\"Tar\u0131k\",\"@id\":\"https:\/\/narteks.net\/#\/schema\/person\/61f37d9834294b72d31d274e7ed79bca\"},\"headline\":\"M\u00c2CERAM\",\"datePublished\":\"2009-11-03T09:56:37+00:00\",\"mainEntityOfPage\":{\"@id\":\"https:\/\/narteks.net\/index.php\/2009\/11\/03\/maceram\/\"},\"wordCount\":294,\"commentCount\":0,\"publisher\":{\"@id\":\"https:\/\/narteks.net\/#organization\"},\"articleSection\":[\"Nevzat \u00c7ELIK\"],\"inLanguage\":\"tr\",\"potentialAction\":[{\"@type\":\"CommentAction\",\"name\":\"Comment\",\"target\":[\"https:\/\/narteks.net\/index.php\/2009\/11\/03\/maceram\/#respond\"]}]},{\"@type\":\"WebPage\",\"@id\":\"https:\/\/narteks.net\/index.php\/2009\/11\/03\/maceram\/\",\"url\":\"https:\/\/narteks.net\/index.php\/2009\/11\/03\/maceram\/\",\"name\":\"M\u00c2CERAM - narteks.net\",\"isPartOf\":{\"@id\":\"https:\/\/narteks.net\/#website\"},\"datePublished\":\"2009-11-03T09:56:37+00:00\",\"breadcrumb\":{\"@id\":\"https:\/\/narteks.net\/index.php\/2009\/11\/03\/maceram\/#breadcrumb\"},\"inLanguage\":\"tr\",\"potentialAction\":[{\"@type\":\"ReadAction\",\"target\":[\"https:\/\/narteks.net\/index.php\/2009\/11\/03\/maceram\/\"]}]},{\"@type\":\"BreadcrumbList\",\"@id\":\"https:\/\/narteks.net\/index.php\/2009\/11\/03\/maceram\/#breadcrumb\",\"itemListElement\":[{\"@type\":\"ListItem\",\"position\":1,\"name\":\"Anasayfa\",\"item\":\"https:\/\/narteks.net\/\"},{\"@type\":\"ListItem\",\"position\":2,\"name\":\"M\u00c2CERAM\"}]},{\"@type\":\"WebSite\",\"@id\":\"https:\/\/narteks.net\/#website\",\"url\":\"https:\/\/narteks.net\/\",\"name\":\"narteks.net\",\"description\":\"K\u00fclt\u00fcr Sanat Edebiyat Felsefe\",\"publisher\":{\"@id\":\"https:\/\/narteks.net\/#organization\"},\"alternateName\":\"K\u00fclt\u00fcr Sanat Edebiyat Felsefe\",\"potentialAction\":[{\"@type\":\"SearchAction\",\"target\":{\"@type\":\"EntryPoint\",\"urlTemplate\":\"https:\/\/narteks.net\/?s={search_term_string}\"},\"query-input\":{\"@type\":\"PropertyValueSpecification\",\"valueRequired\":true,\"valueName\":\"search_term_string\"}}],\"inLanguage\":\"tr\"},{\"@type\":\"Organization\",\"@id\":\"https:\/\/narteks.net\/#organization\",\"name\":\"narteks.net\",\"url\":\"https:\/\/narteks.net\/\",\"logo\":{\"@type\":\"ImageObject\",\"inLanguage\":\"tr\",\"@id\":\"https:\/\/narteks.net\/#\/schema\/logo\/image\/\",\"url\":\"https:\/\/narteks.net\/wp-content\/uploads\/narteks.png\",\"contentUrl\":\"https:\/\/narteks.net\/wp-content\/uploads\/narteks.png\",\"width\":300,\"height\":90,\"caption\":\"narteks.net\"},\"image\":{\"@id\":\"https:\/\/narteks.net\/#\/schema\/logo\/image\/\"},\"sameAs\":[\"https:\/\/x.com\/narteks\",\"https:\/\/instagram.com\/narteksnet\"]},{\"@type\":\"Person\",\"@id\":\"https:\/\/narteks.net\/#\/schema\/person\/61f37d9834294b72d31d274e7ed79bca\",\"name\":\"Tar\u0131k\",\"image\":{\"@type\":\"ImageObject\",\"inLanguage\":\"tr\",\"@id\":\"https:\/\/narteks.net\/#\/schema\/person\/image\/\",\"url\":\"https:\/\/secure.gravatar.com\/avatar\/50865afb55632c4ae467e0af0930f6510aa2297d8014be502a55b14f3b7550cf?s=96&d=mm&r=g\",\"contentUrl\":\"https:\/\/secure.gravatar.com\/avatar\/50865afb55632c4ae467e0af0930f6510aa2297d8014be502a55b14f3b7550cf?s=96&d=mm&r=g\",\"caption\":\"Tar\u0131k\"},\"sameAs\":[\"http:\/\/narteks.net\"],\"url\":\"https:\/\/narteks.net\/index.php\/author\/narbak\/\"}]}<\/script>\n<!-- \/ Yoast SEO Premium plugin. -->","yoast_head_json":{"title":"M\u00c2CERAM - narteks.net","robots":{"index":"index","follow":"follow","max-snippet":"max-snippet:-1","max-image-preview":"max-image-preview:large","max-video-preview":"max-video-preview:-1"},"canonical":"https:\/\/narteks.net\/index.php\/2009\/11\/03\/maceram\/","og_locale":"tr_TR","og_type":"article","og_title":"M\u00c2CERAM","og_description":"\u00a0 gen\u00e7 mi olunurmu\u015f i\u00e7erde a benim g\u00fcl\u00fcm s\u00f6yledim yedi y\u0131lda b\u00fct\u00fcn t\u00fcrk\u00fclerini \u00f6mr\u00fcn g\u00fcz bir yandan u\u00e7u\u015fur sa\u00e7lar\u0131mda k\u0131\u015f bir yandan ihtim\u00e2l ki ben senden tam sekiz ilkbahar b\u00fcy\u00fc\u011f\u00fcm sen sa\u00e7lar\u0131na ilkokul kurdelas\u0131 takt\u0131\u011f\u0131n g\u00fcn devad\u0131mlarla bulu\u015ftu ayaklar\u0131m ah ne \u00e7abuk kan\u0131m\u0131 pompalad\u0131 y\u00fcre\u011fimin \u00e7elik kaslar\u0131 kan\u0131m damarlar\u0131mda \u015faha kalkan atlard\u0131 beyaz atk\u0131lar gibi [&hellip;]","og_url":"https:\/\/narteks.net\/index.php\/2009\/11\/03\/maceram\/","og_site_name":"narteks.net","article_published_time":"2009-11-03T09:56:37+00:00","og_image":[{"width":300,"height":90,"url":"https:\/\/narteks.net\/wp-content\/uploads\/narteks.png","type":"image\/png"}],"author":"Tar\u0131k","twitter_card":"summary_large_image","twitter_creator":"@narteks","twitter_site":"@narteks","twitter_misc":{"Yazan:":"Tar\u0131k","Tahmini okuma s\u00fcresi":"1 dakika"},"schema":{"@context":"https:\/\/schema.org","@graph":[{"@type":"Article","@id":"https:\/\/narteks.net\/index.php\/2009\/11\/03\/maceram\/#article","isPartOf":{"@id":"https:\/\/narteks.net\/index.php\/2009\/11\/03\/maceram\/"},"author":{"name":"Tar\u0131k","@id":"https:\/\/narteks.net\/#\/schema\/person\/61f37d9834294b72d31d274e7ed79bca"},"headline":"M\u00c2CERAM","datePublished":"2009-11-03T09:56:37+00:00","mainEntityOfPage":{"@id":"https:\/\/narteks.net\/index.php\/2009\/11\/03\/maceram\/"},"wordCount":294,"commentCount":0,"publisher":{"@id":"https:\/\/narteks.net\/#organization"},"articleSection":["Nevzat \u00c7ELIK"],"inLanguage":"tr","potentialAction":[{"@type":"CommentAction","name":"Comment","target":["https:\/\/narteks.net\/index.php\/2009\/11\/03\/maceram\/#respond"]}]},{"@type":"WebPage","@id":"https:\/\/narteks.net\/index.php\/2009\/11\/03\/maceram\/","url":"https:\/\/narteks.net\/index.php\/2009\/11\/03\/maceram\/","name":"M\u00c2CERAM - narteks.net","isPartOf":{"@id":"https:\/\/narteks.net\/#website"},"datePublished":"2009-11-03T09:56:37+00:00","breadcrumb":{"@id":"https:\/\/narteks.net\/index.php\/2009\/11\/03\/maceram\/#breadcrumb"},"inLanguage":"tr","potentialAction":[{"@type":"ReadAction","target":["https:\/\/narteks.net\/index.php\/2009\/11\/03\/maceram\/"]}]},{"@type":"BreadcrumbList","@id":"https:\/\/narteks.net\/index.php\/2009\/11\/03\/maceram\/#breadcrumb","itemListElement":[{"@type":"ListItem","position":1,"name":"Anasayfa","item":"https:\/\/narteks.net\/"},{"@type":"ListItem","position":2,"name":"M\u00c2CERAM"}]},{"@type":"WebSite","@id":"https:\/\/narteks.net\/#website","url":"https:\/\/narteks.net\/","name":"narteks.net","description":"K\u00fclt\u00fcr Sanat Edebiyat Felsefe","publisher":{"@id":"https:\/\/narteks.net\/#organization"},"alternateName":"K\u00fclt\u00fcr Sanat Edebiyat Felsefe","potentialAction":[{"@type":"SearchAction","target":{"@type":"EntryPoint","urlTemplate":"https:\/\/narteks.net\/?s={search_term_string}"},"query-input":{"@type":"PropertyValueSpecification","valueRequired":true,"valueName":"search_term_string"}}],"inLanguage":"tr"},{"@type":"Organization","@id":"https:\/\/narteks.net\/#organization","name":"narteks.net","url":"https:\/\/narteks.net\/","logo":{"@type":"ImageObject","inLanguage":"tr","@id":"https:\/\/narteks.net\/#\/schema\/logo\/image\/","url":"https:\/\/narteks.net\/wp-content\/uploads\/narteks.png","contentUrl":"https:\/\/narteks.net\/wp-content\/uploads\/narteks.png","width":300,"height":90,"caption":"narteks.net"},"image":{"@id":"https:\/\/narteks.net\/#\/schema\/logo\/image\/"},"sameAs":["https:\/\/x.com\/narteks","https:\/\/instagram.com\/narteksnet"]},{"@type":"Person","@id":"https:\/\/narteks.net\/#\/schema\/person\/61f37d9834294b72d31d274e7ed79bca","name":"Tar\u0131k","image":{"@type":"ImageObject","inLanguage":"tr","@id":"https:\/\/narteks.net\/#\/schema\/person\/image\/","url":"https:\/\/secure.gravatar.com\/avatar\/50865afb55632c4ae467e0af0930f6510aa2297d8014be502a55b14f3b7550cf?s=96&d=mm&r=g","contentUrl":"https:\/\/secure.gravatar.com\/avatar\/50865afb55632c4ae467e0af0930f6510aa2297d8014be502a55b14f3b7550cf?s=96&d=mm&r=g","caption":"Tar\u0131k"},"sameAs":["http:\/\/narteks.net"],"url":"https:\/\/narteks.net\/index.php\/author\/narbak\/"}]}},"_links":{"self":[{"href":"https:\/\/narteks.net\/index.php\/wp-json\/wp\/v2\/posts\/909","targetHints":{"allow":["GET"]}}],"collection":[{"href":"https:\/\/narteks.net\/index.php\/wp-json\/wp\/v2\/posts"}],"about":[{"href":"https:\/\/narteks.net\/index.php\/wp-json\/wp\/v2\/types\/post"}],"author":[{"embeddable":true,"href":"https:\/\/narteks.net\/index.php\/wp-json\/wp\/v2\/users\/1"}],"replies":[{"embeddable":true,"href":"https:\/\/narteks.net\/index.php\/wp-json\/wp\/v2\/comments?post=909"}],"version-history":[{"count":0,"href":"https:\/\/narteks.net\/index.php\/wp-json\/wp\/v2\/posts\/909\/revisions"}],"wp:attachment":[{"href":"https:\/\/narteks.net\/index.php\/wp-json\/wp\/v2\/media?parent=909"}],"wp:term":[{"taxonomy":"category","embeddable":true,"href":"https:\/\/narteks.net\/index.php\/wp-json\/wp\/v2\/categories?post=909"},{"taxonomy":"post_tag","embeddable":true,"href":"https:\/\/narteks.net\/index.php\/wp-json\/wp\/v2\/tags?post=909"}],"curies":[{"name":"wp","href":"https:\/\/api.w.org\/{rel}","templated":true}]}}