{"id":918,"date":"2009-11-03T13:11:19","date_gmt":"2009-11-03T10:11:19","guid":{"rendered":"http:\/\/localhost\/wordpress\/2009\/11\/03\/ellerin-avucumda-iki-ates-damlasi\/"},"modified":"2009-11-03T13:11:19","modified_gmt":"2009-11-03T10:11:19","slug":"ellerin-avucumda-iki-ates-damlasi","status":"publish","type":"post","link":"https:\/\/narteks.net\/index.php\/2009\/11\/03\/ellerin-avucumda-iki-ates-damlasi\/","title":{"rendered":"ELLER\u0130N AVUCUMDA \u0130K\u0130 ATE\u015e DAMLASI"},"content":{"rendered":"<p>\u00a0<\/p>\n<p>\u00c7i\u00e7e\u011finde yeni yeni kama\u015fan zerdalisi \u00f6mr\u00fcm\u00fcn,<br \/>g\u00fcl\u00fc\u015f\u00fcmde \u00e7ekirde\u011fi sertle\u015fmemi\u015f ilk \u00e7a\u011flam,<br \/>k\u0131z\u0131m benim, naz\u0131m benim,<br \/>gurbetelde saz\u0131m benim,<br \/>yalazlanm\u0131\u015f can tanem,<br \/>k\u00f6rpe dal\u0131m bir tanem..<br \/>Sisini g\u00f6zlerimin, i\u00e7imdeki duman\u0131<br \/>seziverdin de sanki<br \/>ac\u0131land\u0131n uykunda,<br \/>s\u0131zland\u0131n huysuzland\u0131n..<br \/>Dudaklar\u0131n kurumu\u015f, ter i\u00e7indesin yavrum!<br \/>Kolsuz kanats\u0131z kalm\u0131\u015f<br \/>geceden beri ba\u015fucunday\u0131m..<br \/>\u00c7\u0131rp\u0131narak anlam\u0131n\u0131 arayan binlerce s\u00f6zc\u00fck<br \/>kabuklar\u0131 kopar\u0131lm\u0131\u015f yaralar gibi<br \/>u\u011fulduyor beynimde..<br \/>itiraf etmeliyim ki yavrum<br \/>\u00e7ekip gitse de bir bir<br \/>ekme\u011fe, \u00f6zg\u00fcrl\u00fc\u011fe,  insanl\u0131k ve hayata dair<br \/>i\u00e7imi di\u015fleyen d\u00fc\u015f\u00fcnceler,<br \/>senin bir g\u00fcl\u00fcc\u00fc\u011f\u00fcn \u015fimdi<br \/>ya\u015famam i\u00e7in bana yeter.<br \/>Geceden beri ba\u015fucunday\u0131m..<br \/>\u0130\u015fte, sabaha dayand\u0131 g\u00fcn!<br \/>A\u015fs\u0131z, i\u015fsiz, kuru\u015fsuz<br \/>bir \u0131ss\u0131z bay\u0131rday\u0131m.<br \/>Bebe\u011fim, can\u0131m\u0131n k\u0131v\u0131rc\u0131\u011f\u0131,<br \/>boranda f\u0131rt\u0131nada s\u00fcrg\u00fcn  vermi\u015f tomurcuk,<br \/>\u00fcz\u00fcm tanem, nar tanem,<br \/>acar yan\u0131m, bir tanem..<br \/>Kim kime, dum duma bir tufanday\u0131z;<br \/>g\u00fcnlerin a\u011fz\u0131nda kara bir g\u00fcl<br \/>dikenleri tenimize dayanm\u0131\u015f; <br \/>\u00fcrk\u00fct\u00fclm\u00fc\u015f, sar\u0131lm\u0131\u015f, ac\u0131yla s\u0131nanm\u0131\u015f\u0131z..<br \/>\u0130nim inim uykunda nas\u0131l da yaln\u0131z<br \/>yan\u0131yor y\u00fcz\u00fcn yavrum,<br \/>y\u00fcreci\u011fin ka\u015flar\u0131nda t\u00fct\u00fcyor,<br \/>ellerin avcumda iki ate\u015f damlas\u0131,<br \/>tutu\u015fmu\u015f r\u00fcyalar\u0131n, sesin duyulmaz,<br \/>kendi kollar\u0131m\u0131zdan ba\u015fka<br \/>saran\u0131m\u0131z yok bizim..<br \/>Yaz\u0131m benim, g\u00fcz\u00fcm benim,<br \/>yemin olmu\u015f s\u00f6z\u00fcm benim;<br \/>sana ku\u015f bulmal\u0131y\u0131m<br \/>sana d\u00fc\u015f bulmal\u0131y\u0131m<br \/>gidip i\u015f bulmal\u0131y\u0131m..<br \/>Koynunda \u00e7\u0131rp\u0131n\u0131rken b\u00f6yle \u00e7aresiz<br \/>kahr\u0131nla tan\u0131\u015ft\u0131rd\u0131n bizi ey hayat<br \/>zehrinle tan\u0131\u015ft\u0131rd\u0131n;<br \/>al\u0131\u015f\u0131lmaz bildi\u011fimiz nefrete al\u0131\u015ft\u0131rd\u0131n!<br \/>Onurumuz:<br \/>senin i\u00e7in saklad\u0131\u011f\u0131m tek servetim bu yavrum;<br \/>s\u00fct olmaz, a\u015f olmaz, i\u015f olmaz onurumuz..<br \/>s\u0131z\u0131m benim, gizim benim,<br \/>gurbetelde izim benim;<br \/>ate\u015f alm\u0131\u015f ta\u015f alt\u0131nda kalm\u0131\u015f\u0131z, <br \/>g\u00fcn olur hesab\u0131n\u0131 sorar\u0131z elbet.<\/p>\n<p>Nihat BEHRAM<\/p>\n","protected":false},"excerpt":{"rendered":"<p>\u00a0 \u00c7i\u00e7e\u011finde yeni yeni kama\u015fan zerdalisi \u00f6mr\u00fcm\u00fcn,g\u00fcl\u00fc\u015f\u00fcmde \u00e7ekirde\u011fi sertle\u015fmemi\u015f ilk \u00e7a\u011flam,k\u0131z\u0131m benim, naz\u0131m benim,gurbetelde saz\u0131m benim,yalazlanm\u0131\u015f can tanem,k\u00f6rpe dal\u0131m bir tanem..Sisini g\u00f6zlerimin, i\u00e7imdeki duman\u0131seziverdin de sankiac\u0131land\u0131n uykunda,s\u0131zland\u0131n huysuzland\u0131n..Dudaklar\u0131n kurumu\u015f, ter i\u00e7indesin yavrum!Kolsuz kanats\u0131z kalm\u0131\u015fgeceden beri ba\u015fucunday\u0131m..\u00c7\u0131rp\u0131narak anlam\u0131n\u0131 arayan binlerce s\u00f6zc\u00fckkabuklar\u0131 kopar\u0131lm\u0131\u015f yaralar gibiu\u011fulduyor beynimde..itiraf etmeliyim ki yavrum\u00e7ekip gitse de bir birekme\u011fe, \u00f6zg\u00fcrl\u00fc\u011fe, insanl\u0131k ve hayata [&hellip;]<\/p>\n","protected":false},"author":1,"featured_media":0,"comment_status":"open","ping_status":"open","sticky":false,"template":"","format":"standard","meta":{"footnotes":""},"categories":[26],"tags":[],"class_list":{"0":"post-918","1":"post","2":"type-post","3":"status-publish","4":"format-standard","6":"category-nihat-behram"},"yoast_head":"<!-- This site is optimized with the Yoast SEO Premium plugin v24.9 (Yoast SEO v24.9) - https:\/\/yoast.com\/wordpress\/plugins\/seo\/ -->\n<title>ELLER\u0130N AVUCUMDA \u0130K\u0130 ATE\u015e DAMLASI - narteks.net<\/title>\n<meta name=\"robots\" content=\"index, follow, max-snippet:-1, max-image-preview:large, max-video-preview:-1\" \/>\n<link rel=\"canonical\" href=\"https:\/\/narteks.net\/index.php\/2009\/11\/03\/ellerin-avucumda-iki-ates-damlasi\/\" \/>\n<meta property=\"og:locale\" content=\"tr_TR\" \/>\n<meta property=\"og:type\" content=\"article\" \/>\n<meta property=\"og:title\" content=\"ELLER\u0130N AVUCUMDA \u0130K\u0130 ATE\u015e DAMLASI\" \/>\n<meta property=\"og:description\" content=\"\u00a0 \u00c7i\u00e7e\u011finde yeni yeni kama\u015fan zerdalisi \u00f6mr\u00fcm\u00fcn,g\u00fcl\u00fc\u015f\u00fcmde \u00e7ekirde\u011fi sertle\u015fmemi\u015f ilk \u00e7a\u011flam,k\u0131z\u0131m benim, naz\u0131m benim,gurbetelde saz\u0131m benim,yalazlanm\u0131\u015f can tanem,k\u00f6rpe dal\u0131m bir tanem..Sisini g\u00f6zlerimin, i\u00e7imdeki duman\u0131seziverdin de sankiac\u0131land\u0131n uykunda,s\u0131zland\u0131n huysuzland\u0131n..Dudaklar\u0131n kurumu\u015f, ter i\u00e7indesin yavrum!Kolsuz kanats\u0131z kalm\u0131\u015fgeceden beri ba\u015fucunday\u0131m..\u00c7\u0131rp\u0131narak anlam\u0131n\u0131 arayan binlerce s\u00f6zc\u00fckkabuklar\u0131 kopar\u0131lm\u0131\u015f yaralar gibiu\u011fulduyor beynimde..itiraf etmeliyim ki yavrum\u00e7ekip gitse de bir birekme\u011fe, \u00f6zg\u00fcrl\u00fc\u011fe, insanl\u0131k ve hayata [&hellip;]\" \/>\n<meta property=\"og:url\" content=\"https:\/\/narteks.net\/index.php\/2009\/11\/03\/ellerin-avucumda-iki-ates-damlasi\/\" \/>\n<meta property=\"og:site_name\" content=\"narteks.net\" \/>\n<meta property=\"article:published_time\" content=\"2009-11-03T10:11:19+00:00\" \/>\n<meta property=\"og:image\" content=\"https:\/\/narteks.net\/wp-content\/uploads\/narteks.png\" \/>\n\t<meta property=\"og:image:width\" content=\"300\" \/>\n\t<meta property=\"og:image:height\" content=\"90\" \/>\n\t<meta property=\"og:image:type\" content=\"image\/png\" \/>\n<meta name=\"author\" content=\"Tar\u0131k\" \/>\n<meta name=\"twitter:card\" content=\"summary_large_image\" \/>\n<meta name=\"twitter:creator\" content=\"@narteks\" \/>\n<meta name=\"twitter:site\" content=\"@narteks\" \/>\n<meta name=\"twitter:label1\" content=\"Yazan:\" \/>\n\t<meta name=\"twitter:data1\" content=\"Tar\u0131k\" \/>\n\t<meta name=\"twitter:label2\" content=\"Tahmini okuma s\u00fcresi\" \/>\n\t<meta name=\"twitter:data2\" content=\"2 dakika\" \/>\n<script type=\"application\/ld+json\" class=\"yoast-schema-graph\">{\"@context\":\"https:\/\/schema.org\",\"@graph\":[{\"@type\":\"Article\",\"@id\":\"https:\/\/narteks.net\/index.php\/2009\/11\/03\/ellerin-avucumda-iki-ates-damlasi\/#article\",\"isPartOf\":{\"@id\":\"https:\/\/narteks.net\/index.php\/2009\/11\/03\/ellerin-avucumda-iki-ates-damlasi\/\"},\"author\":{\"name\":\"Tar\u0131k\",\"@id\":\"https:\/\/narteks.net\/#\/schema\/person\/61f37d9834294b72d31d274e7ed79bca\"},\"headline\":\"ELLER\u0130N AVUCUMDA \u0130K\u0130 ATE\u015e DAMLASI\",\"datePublished\":\"2009-11-03T10:11:19+00:00\",\"mainEntityOfPage\":{\"@id\":\"https:\/\/narteks.net\/index.php\/2009\/11\/03\/ellerin-avucumda-iki-ates-damlasi\/\"},\"wordCount\":349,\"commentCount\":0,\"publisher\":{\"@id\":\"https:\/\/narteks.net\/#organization\"},\"articleSection\":[\"Nihat BEHRAM\"],\"inLanguage\":\"tr\",\"potentialAction\":[{\"@type\":\"CommentAction\",\"name\":\"Comment\",\"target\":[\"https:\/\/narteks.net\/index.php\/2009\/11\/03\/ellerin-avucumda-iki-ates-damlasi\/#respond\"]}]},{\"@type\":\"WebPage\",\"@id\":\"https:\/\/narteks.net\/index.php\/2009\/11\/03\/ellerin-avucumda-iki-ates-damlasi\/\",\"url\":\"https:\/\/narteks.net\/index.php\/2009\/11\/03\/ellerin-avucumda-iki-ates-damlasi\/\",\"name\":\"ELLER\u0130N AVUCUMDA \u0130K\u0130 ATE\u015e DAMLASI - narteks.net\",\"isPartOf\":{\"@id\":\"https:\/\/narteks.net\/#website\"},\"datePublished\":\"2009-11-03T10:11:19+00:00\",\"breadcrumb\":{\"@id\":\"https:\/\/narteks.net\/index.php\/2009\/11\/03\/ellerin-avucumda-iki-ates-damlasi\/#breadcrumb\"},\"inLanguage\":\"tr\",\"potentialAction\":[{\"@type\":\"ReadAction\",\"target\":[\"https:\/\/narteks.net\/index.php\/2009\/11\/03\/ellerin-avucumda-iki-ates-damlasi\/\"]}]},{\"@type\":\"BreadcrumbList\",\"@id\":\"https:\/\/narteks.net\/index.php\/2009\/11\/03\/ellerin-avucumda-iki-ates-damlasi\/#breadcrumb\",\"itemListElement\":[{\"@type\":\"ListItem\",\"position\":1,\"name\":\"Anasayfa\",\"item\":\"https:\/\/narteks.net\/\"},{\"@type\":\"ListItem\",\"position\":2,\"name\":\"ELLER\u0130N AVUCUMDA \u0130K\u0130 ATE\u015e DAMLASI\"}]},{\"@type\":\"WebSite\",\"@id\":\"https:\/\/narteks.net\/#website\",\"url\":\"https:\/\/narteks.net\/\",\"name\":\"narteks.net\",\"description\":\"K\u00fclt\u00fcr Sanat Edebiyat Felsefe\",\"publisher\":{\"@id\":\"https:\/\/narteks.net\/#organization\"},\"alternateName\":\"K\u00fclt\u00fcr Sanat Edebiyat Felsefe\",\"potentialAction\":[{\"@type\":\"SearchAction\",\"target\":{\"@type\":\"EntryPoint\",\"urlTemplate\":\"https:\/\/narteks.net\/?s={search_term_string}\"},\"query-input\":{\"@type\":\"PropertyValueSpecification\",\"valueRequired\":true,\"valueName\":\"search_term_string\"}}],\"inLanguage\":\"tr\"},{\"@type\":\"Organization\",\"@id\":\"https:\/\/narteks.net\/#organization\",\"name\":\"narteks.net\",\"url\":\"https:\/\/narteks.net\/\",\"logo\":{\"@type\":\"ImageObject\",\"inLanguage\":\"tr\",\"@id\":\"https:\/\/narteks.net\/#\/schema\/logo\/image\/\",\"url\":\"https:\/\/narteks.net\/wp-content\/uploads\/narteks.png\",\"contentUrl\":\"https:\/\/narteks.net\/wp-content\/uploads\/narteks.png\",\"width\":300,\"height\":90,\"caption\":\"narteks.net\"},\"image\":{\"@id\":\"https:\/\/narteks.net\/#\/schema\/logo\/image\/\"},\"sameAs\":[\"https:\/\/x.com\/narteks\",\"https:\/\/instagram.com\/narteksnet\"]},{\"@type\":\"Person\",\"@id\":\"https:\/\/narteks.net\/#\/schema\/person\/61f37d9834294b72d31d274e7ed79bca\",\"name\":\"Tar\u0131k\",\"image\":{\"@type\":\"ImageObject\",\"inLanguage\":\"tr\",\"@id\":\"https:\/\/narteks.net\/#\/schema\/person\/image\/\",\"url\":\"https:\/\/secure.gravatar.com\/avatar\/50865afb55632c4ae467e0af0930f6510aa2297d8014be502a55b14f3b7550cf?s=96&d=mm&r=g\",\"contentUrl\":\"https:\/\/secure.gravatar.com\/avatar\/50865afb55632c4ae467e0af0930f6510aa2297d8014be502a55b14f3b7550cf?s=96&d=mm&r=g\",\"caption\":\"Tar\u0131k\"},\"sameAs\":[\"http:\/\/narteks.net\"],\"url\":\"https:\/\/narteks.net\/index.php\/author\/narbak\/\"}]}<\/script>\n<!-- \/ Yoast SEO Premium plugin. -->","yoast_head_json":{"title":"ELLER\u0130N AVUCUMDA \u0130K\u0130 ATE\u015e DAMLASI - narteks.net","robots":{"index":"index","follow":"follow","max-snippet":"max-snippet:-1","max-image-preview":"max-image-preview:large","max-video-preview":"max-video-preview:-1"},"canonical":"https:\/\/narteks.net\/index.php\/2009\/11\/03\/ellerin-avucumda-iki-ates-damlasi\/","og_locale":"tr_TR","og_type":"article","og_title":"ELLER\u0130N AVUCUMDA \u0130K\u0130 ATE\u015e DAMLASI","og_description":"\u00a0 \u00c7i\u00e7e\u011finde yeni yeni kama\u015fan zerdalisi \u00f6mr\u00fcm\u00fcn,g\u00fcl\u00fc\u015f\u00fcmde \u00e7ekirde\u011fi sertle\u015fmemi\u015f ilk \u00e7a\u011flam,k\u0131z\u0131m benim, naz\u0131m benim,gurbetelde saz\u0131m benim,yalazlanm\u0131\u015f can tanem,k\u00f6rpe dal\u0131m bir tanem..Sisini g\u00f6zlerimin, i\u00e7imdeki duman\u0131seziverdin de sankiac\u0131land\u0131n uykunda,s\u0131zland\u0131n huysuzland\u0131n..Dudaklar\u0131n kurumu\u015f, ter i\u00e7indesin yavrum!Kolsuz kanats\u0131z kalm\u0131\u015fgeceden beri ba\u015fucunday\u0131m..\u00c7\u0131rp\u0131narak anlam\u0131n\u0131 arayan binlerce s\u00f6zc\u00fckkabuklar\u0131 kopar\u0131lm\u0131\u015f yaralar gibiu\u011fulduyor beynimde..itiraf etmeliyim ki yavrum\u00e7ekip gitse de bir birekme\u011fe, \u00f6zg\u00fcrl\u00fc\u011fe, insanl\u0131k ve hayata [&hellip;]","og_url":"https:\/\/narteks.net\/index.php\/2009\/11\/03\/ellerin-avucumda-iki-ates-damlasi\/","og_site_name":"narteks.net","article_published_time":"2009-11-03T10:11:19+00:00","og_image":[{"width":300,"height":90,"url":"https:\/\/narteks.net\/wp-content\/uploads\/narteks.png","type":"image\/png"}],"author":"Tar\u0131k","twitter_card":"summary_large_image","twitter_creator":"@narteks","twitter_site":"@narteks","twitter_misc":{"Yazan:":"Tar\u0131k","Tahmini okuma s\u00fcresi":"2 dakika"},"schema":{"@context":"https:\/\/schema.org","@graph":[{"@type":"Article","@id":"https:\/\/narteks.net\/index.php\/2009\/11\/03\/ellerin-avucumda-iki-ates-damlasi\/#article","isPartOf":{"@id":"https:\/\/narteks.net\/index.php\/2009\/11\/03\/ellerin-avucumda-iki-ates-damlasi\/"},"author":{"name":"Tar\u0131k","@id":"https:\/\/narteks.net\/#\/schema\/person\/61f37d9834294b72d31d274e7ed79bca"},"headline":"ELLER\u0130N AVUCUMDA \u0130K\u0130 ATE\u015e DAMLASI","datePublished":"2009-11-03T10:11:19+00:00","mainEntityOfPage":{"@id":"https:\/\/narteks.net\/index.php\/2009\/11\/03\/ellerin-avucumda-iki-ates-damlasi\/"},"wordCount":349,"commentCount":0,"publisher":{"@id":"https:\/\/narteks.net\/#organization"},"articleSection":["Nihat BEHRAM"],"inLanguage":"tr","potentialAction":[{"@type":"CommentAction","name":"Comment","target":["https:\/\/narteks.net\/index.php\/2009\/11\/03\/ellerin-avucumda-iki-ates-damlasi\/#respond"]}]},{"@type":"WebPage","@id":"https:\/\/narteks.net\/index.php\/2009\/11\/03\/ellerin-avucumda-iki-ates-damlasi\/","url":"https:\/\/narteks.net\/index.php\/2009\/11\/03\/ellerin-avucumda-iki-ates-damlasi\/","name":"ELLER\u0130N AVUCUMDA \u0130K\u0130 ATE\u015e DAMLASI - narteks.net","isPartOf":{"@id":"https:\/\/narteks.net\/#website"},"datePublished":"2009-11-03T10:11:19+00:00","breadcrumb":{"@id":"https:\/\/narteks.net\/index.php\/2009\/11\/03\/ellerin-avucumda-iki-ates-damlasi\/#breadcrumb"},"inLanguage":"tr","potentialAction":[{"@type":"ReadAction","target":["https:\/\/narteks.net\/index.php\/2009\/11\/03\/ellerin-avucumda-iki-ates-damlasi\/"]}]},{"@type":"BreadcrumbList","@id":"https:\/\/narteks.net\/index.php\/2009\/11\/03\/ellerin-avucumda-iki-ates-damlasi\/#breadcrumb","itemListElement":[{"@type":"ListItem","position":1,"name":"Anasayfa","item":"https:\/\/narteks.net\/"},{"@type":"ListItem","position":2,"name":"ELLER\u0130N AVUCUMDA \u0130K\u0130 ATE\u015e DAMLASI"}]},{"@type":"WebSite","@id":"https:\/\/narteks.net\/#website","url":"https:\/\/narteks.net\/","name":"narteks.net","description":"K\u00fclt\u00fcr Sanat Edebiyat Felsefe","publisher":{"@id":"https:\/\/narteks.net\/#organization"},"alternateName":"K\u00fclt\u00fcr Sanat Edebiyat Felsefe","potentialAction":[{"@type":"SearchAction","target":{"@type":"EntryPoint","urlTemplate":"https:\/\/narteks.net\/?s={search_term_string}"},"query-input":{"@type":"PropertyValueSpecification","valueRequired":true,"valueName":"search_term_string"}}],"inLanguage":"tr"},{"@type":"Organization","@id":"https:\/\/narteks.net\/#organization","name":"narteks.net","url":"https:\/\/narteks.net\/","logo":{"@type":"ImageObject","inLanguage":"tr","@id":"https:\/\/narteks.net\/#\/schema\/logo\/image\/","url":"https:\/\/narteks.net\/wp-content\/uploads\/narteks.png","contentUrl":"https:\/\/narteks.net\/wp-content\/uploads\/narteks.png","width":300,"height":90,"caption":"narteks.net"},"image":{"@id":"https:\/\/narteks.net\/#\/schema\/logo\/image\/"},"sameAs":["https:\/\/x.com\/narteks","https:\/\/instagram.com\/narteksnet"]},{"@type":"Person","@id":"https:\/\/narteks.net\/#\/schema\/person\/61f37d9834294b72d31d274e7ed79bca","name":"Tar\u0131k","image":{"@type":"ImageObject","inLanguage":"tr","@id":"https:\/\/narteks.net\/#\/schema\/person\/image\/","url":"https:\/\/secure.gravatar.com\/avatar\/50865afb55632c4ae467e0af0930f6510aa2297d8014be502a55b14f3b7550cf?s=96&d=mm&r=g","contentUrl":"https:\/\/secure.gravatar.com\/avatar\/50865afb55632c4ae467e0af0930f6510aa2297d8014be502a55b14f3b7550cf?s=96&d=mm&r=g","caption":"Tar\u0131k"},"sameAs":["http:\/\/narteks.net"],"url":"https:\/\/narteks.net\/index.php\/author\/narbak\/"}]}},"_links":{"self":[{"href":"https:\/\/narteks.net\/index.php\/wp-json\/wp\/v2\/posts\/918","targetHints":{"allow":["GET"]}}],"collection":[{"href":"https:\/\/narteks.net\/index.php\/wp-json\/wp\/v2\/posts"}],"about":[{"href":"https:\/\/narteks.net\/index.php\/wp-json\/wp\/v2\/types\/post"}],"author":[{"embeddable":true,"href":"https:\/\/narteks.net\/index.php\/wp-json\/wp\/v2\/users\/1"}],"replies":[{"embeddable":true,"href":"https:\/\/narteks.net\/index.php\/wp-json\/wp\/v2\/comments?post=918"}],"version-history":[{"count":0,"href":"https:\/\/narteks.net\/index.php\/wp-json\/wp\/v2\/posts\/918\/revisions"}],"wp:attachment":[{"href":"https:\/\/narteks.net\/index.php\/wp-json\/wp\/v2\/media?parent=918"}],"wp:term":[{"taxonomy":"category","embeddable":true,"href":"https:\/\/narteks.net\/index.php\/wp-json\/wp\/v2\/categories?post=918"},{"taxonomy":"post_tag","embeddable":true,"href":"https:\/\/narteks.net\/index.php\/wp-json\/wp\/v2\/tags?post=918"}],"curies":[{"name":"wp","href":"https:\/\/api.w.org\/{rel}","templated":true}]}}