{"id":924,"date":"2009-11-03T13:16:29","date_gmt":"2009-11-03T10:16:29","guid":{"rendered":"http:\/\/localhost\/wordpress\/2009\/11\/03\/suda-yiten-ayisigi\/"},"modified":"2009-11-03T13:16:29","modified_gmt":"2009-11-03T10:16:29","slug":"suda-yiten-ayisigi","status":"publish","type":"post","link":"https:\/\/narteks.net\/index.php\/2009\/11\/03\/suda-yiten-ayisigi\/","title":{"rendered":"SUDA Y\u0130TEN AYI\u015eI\u011eI"},"content":{"rendered":"<p>\u00a0<\/p>\n<p>K\u0131rk sevginin bayg\u0131n\u0131y\u0131m &#8211; belki de y\u00fczk\u0131rk &#8211;<br \/>yine de yaln\u0131zl\u0131k yalazlan\u0131r k\u0131r\u0131k kalbimde<\/p>\n<p>Otlar\u0131n tutuklusu<br \/>haylaz\u0131 a\u011fz\u0131m<br \/>\u015fimdi tutlusu kara sular\u0131n.<\/p>\n<p>Her \u015feye yeniden ba\u015flayabilseydim e\u011fer<br \/>a\u015fk\u0131m\u0131 ac\u0131yla anmazd\u0131m art\u0131k.<\/p>\n<p>Ben ki delisiyim sular\u0131n, oysa bu sular<br \/>\u00e7\u00f6l r\u00fczgar\u0131 kadar bulan\u0131k.<\/p>\n<p>Akar gibi ge\u00e7iyorum d\u00fcnyadan, \u0131s\u0131n\u0131p bak\u0131nmadan,<br \/>sarho\u015f<br \/>s\u0131k\u0131lgan<br \/>s\u0131r\u0131ls\u0131klam&#8230;<\/p>\n<p>K\u0131rk diyarda k\u0131rkbin \u00f6p\u00fc\u015f\u00fcn bitkiniyim<br \/>duda\u011f\u0131nda k\u0131rkbin kekik tad\u0131 kama\u015f\u0131r<br \/>yine de kalbim \u0131s\u0131rgan m\u0131 \u0131s\u0131rgan.<\/p>\n<p>E\u015fini \u00e7a\u011flayana kapt\u0131rm\u0131\u015f bal\u0131\u011f\u0131y\u0131m bu nehrin;<br \/>ayd\u0131r, geceden beri di\u015flenmi\u015f kelebe\u011fin<br \/>her sabah a\u011fz\u0131mda \u00f6l\u00fcm\u00fcyle bulu\u015fan.<\/p>\n<p>Nihat BEHRAM<\/p>\n","protected":false},"excerpt":{"rendered":"<p>\u00a0 K\u0131rk sevginin bayg\u0131n\u0131y\u0131m &#8211; belki de y\u00fczk\u0131rk &#8211;yine de yaln\u0131zl\u0131k yalazlan\u0131r k\u0131r\u0131k kalbimde Otlar\u0131n tutuklusuhaylaz\u0131 a\u011fz\u0131m\u015fimdi tutlusu kara sular\u0131n. Her \u015feye yeniden ba\u015flayabilseydim e\u011fera\u015fk\u0131m\u0131 ac\u0131yla anmazd\u0131m art\u0131k. Ben ki delisiyim sular\u0131n, oysa bu sular\u00e7\u00f6l r\u00fczgar\u0131 kadar bulan\u0131k. Akar gibi ge\u00e7iyorum d\u00fcnyadan, \u0131s\u0131n\u0131p bak\u0131nmadan,sarho\u015fs\u0131k\u0131lgans\u0131r\u0131ls\u0131klam&#8230; K\u0131rk diyarda k\u0131rkbin \u00f6p\u00fc\u015f\u00fcn bitkiniyimduda\u011f\u0131nda k\u0131rkbin kekik tad\u0131 kama\u015f\u0131ryine de kalbim [&hellip;]<\/p>\n","protected":false},"author":1,"featured_media":0,"comment_status":"open","ping_status":"open","sticky":false,"template":"","format":"standard","meta":{"footnotes":""},"categories":[26],"tags":[],"class_list":{"0":"post-924","1":"post","2":"type-post","3":"status-publish","4":"format-standard","6":"category-nihat-behram"},"yoast_head":"<!-- This site is optimized with the Yoast SEO Premium plugin v24.9 (Yoast SEO v24.9) - https:\/\/yoast.com\/wordpress\/plugins\/seo\/ -->\n<title>SUDA Y\u0130TEN AYI\u015eI\u011eI - narteks.net<\/title>\n<meta name=\"robots\" content=\"index, follow, max-snippet:-1, max-image-preview:large, max-video-preview:-1\" \/>\n<link rel=\"canonical\" href=\"https:\/\/narteks.net\/index.php\/2009\/11\/03\/suda-yiten-ayisigi\/\" \/>\n<meta property=\"og:locale\" content=\"tr_TR\" \/>\n<meta property=\"og:type\" content=\"article\" \/>\n<meta property=\"og:title\" content=\"SUDA Y\u0130TEN AYI\u015eI\u011eI\" \/>\n<meta property=\"og:description\" content=\"\u00a0 K\u0131rk sevginin bayg\u0131n\u0131y\u0131m &#8211; belki de y\u00fczk\u0131rk &#8211;yine de yaln\u0131zl\u0131k yalazlan\u0131r k\u0131r\u0131k kalbimde Otlar\u0131n tutuklusuhaylaz\u0131 a\u011fz\u0131m\u015fimdi tutlusu kara sular\u0131n. Her \u015feye yeniden ba\u015flayabilseydim e\u011fera\u015fk\u0131m\u0131 ac\u0131yla anmazd\u0131m art\u0131k. Ben ki delisiyim sular\u0131n, oysa bu sular\u00e7\u00f6l r\u00fczgar\u0131 kadar bulan\u0131k. Akar gibi ge\u00e7iyorum d\u00fcnyadan, \u0131s\u0131n\u0131p bak\u0131nmadan,sarho\u015fs\u0131k\u0131lgans\u0131r\u0131ls\u0131klam&#8230; K\u0131rk diyarda k\u0131rkbin \u00f6p\u00fc\u015f\u00fcn bitkiniyimduda\u011f\u0131nda k\u0131rkbin kekik tad\u0131 kama\u015f\u0131ryine de kalbim [&hellip;]\" \/>\n<meta property=\"og:url\" content=\"https:\/\/narteks.net\/index.php\/2009\/11\/03\/suda-yiten-ayisigi\/\" \/>\n<meta property=\"og:site_name\" content=\"narteks.net\" \/>\n<meta property=\"article:published_time\" content=\"2009-11-03T10:16:29+00:00\" \/>\n<meta property=\"og:image\" content=\"https:\/\/narteks.net\/wp-content\/uploads\/narteks.png\" \/>\n\t<meta property=\"og:image:width\" content=\"300\" \/>\n\t<meta property=\"og:image:height\" content=\"90\" \/>\n\t<meta property=\"og:image:type\" content=\"image\/png\" \/>\n<meta name=\"author\" content=\"Tar\u0131k\" \/>\n<meta name=\"twitter:card\" content=\"summary_large_image\" \/>\n<meta name=\"twitter:creator\" content=\"@narteks\" \/>\n<meta name=\"twitter:site\" content=\"@narteks\" \/>\n<meta name=\"twitter:label1\" content=\"Yazan:\" \/>\n\t<meta name=\"twitter:data1\" content=\"Tar\u0131k\" \/>\n\t<meta name=\"twitter:label2\" content=\"Tahmini okuma s\u00fcresi\" \/>\n\t<meta name=\"twitter:data2\" content=\"1 dakika\" \/>\n<script type=\"application\/ld+json\" class=\"yoast-schema-graph\">{\"@context\":\"https:\/\/schema.org\",\"@graph\":[{\"@type\":\"Article\",\"@id\":\"https:\/\/narteks.net\/index.php\/2009\/11\/03\/suda-yiten-ayisigi\/#article\",\"isPartOf\":{\"@id\":\"https:\/\/narteks.net\/index.php\/2009\/11\/03\/suda-yiten-ayisigi\/\"},\"author\":{\"name\":\"Tar\u0131k\",\"@id\":\"https:\/\/narteks.net\/#\/schema\/person\/61f37d9834294b72d31d274e7ed79bca\"},\"headline\":\"SUDA Y\u0130TEN AYI\u015eI\u011eI\",\"datePublished\":\"2009-11-03T10:16:29+00:00\",\"mainEntityOfPage\":{\"@id\":\"https:\/\/narteks.net\/index.php\/2009\/11\/03\/suda-yiten-ayisigi\/\"},\"wordCount\":140,\"commentCount\":0,\"publisher\":{\"@id\":\"https:\/\/narteks.net\/#organization\"},\"articleSection\":[\"Nihat BEHRAM\"],\"inLanguage\":\"tr\",\"potentialAction\":[{\"@type\":\"CommentAction\",\"name\":\"Comment\",\"target\":[\"https:\/\/narteks.net\/index.php\/2009\/11\/03\/suda-yiten-ayisigi\/#respond\"]}]},{\"@type\":\"WebPage\",\"@id\":\"https:\/\/narteks.net\/index.php\/2009\/11\/03\/suda-yiten-ayisigi\/\",\"url\":\"https:\/\/narteks.net\/index.php\/2009\/11\/03\/suda-yiten-ayisigi\/\",\"name\":\"SUDA Y\u0130TEN AYI\u015eI\u011eI - narteks.net\",\"isPartOf\":{\"@id\":\"https:\/\/narteks.net\/#website\"},\"datePublished\":\"2009-11-03T10:16:29+00:00\",\"breadcrumb\":{\"@id\":\"https:\/\/narteks.net\/index.php\/2009\/11\/03\/suda-yiten-ayisigi\/#breadcrumb\"},\"inLanguage\":\"tr\",\"potentialAction\":[{\"@type\":\"ReadAction\",\"target\":[\"https:\/\/narteks.net\/index.php\/2009\/11\/03\/suda-yiten-ayisigi\/\"]}]},{\"@type\":\"BreadcrumbList\",\"@id\":\"https:\/\/narteks.net\/index.php\/2009\/11\/03\/suda-yiten-ayisigi\/#breadcrumb\",\"itemListElement\":[{\"@type\":\"ListItem\",\"position\":1,\"name\":\"Anasayfa\",\"item\":\"https:\/\/narteks.net\/\"},{\"@type\":\"ListItem\",\"position\":2,\"name\":\"SUDA Y\u0130TEN AYI\u015eI\u011eI\"}]},{\"@type\":\"WebSite\",\"@id\":\"https:\/\/narteks.net\/#website\",\"url\":\"https:\/\/narteks.net\/\",\"name\":\"narteks.net\",\"description\":\"K\u00fclt\u00fcr Sanat Edebiyat Felsefe\",\"publisher\":{\"@id\":\"https:\/\/narteks.net\/#organization\"},\"alternateName\":\"K\u00fclt\u00fcr Sanat Edebiyat Felsefe\",\"potentialAction\":[{\"@type\":\"SearchAction\",\"target\":{\"@type\":\"EntryPoint\",\"urlTemplate\":\"https:\/\/narteks.net\/?s={search_term_string}\"},\"query-input\":{\"@type\":\"PropertyValueSpecification\",\"valueRequired\":true,\"valueName\":\"search_term_string\"}}],\"inLanguage\":\"tr\"},{\"@type\":\"Organization\",\"@id\":\"https:\/\/narteks.net\/#organization\",\"name\":\"narteks.net\",\"url\":\"https:\/\/narteks.net\/\",\"logo\":{\"@type\":\"ImageObject\",\"inLanguage\":\"tr\",\"@id\":\"https:\/\/narteks.net\/#\/schema\/logo\/image\/\",\"url\":\"https:\/\/narteks.net\/wp-content\/uploads\/narteks.png\",\"contentUrl\":\"https:\/\/narteks.net\/wp-content\/uploads\/narteks.png\",\"width\":300,\"height\":90,\"caption\":\"narteks.net\"},\"image\":{\"@id\":\"https:\/\/narteks.net\/#\/schema\/logo\/image\/\"},\"sameAs\":[\"https:\/\/x.com\/narteks\",\"https:\/\/instagram.com\/narteksnet\"]},{\"@type\":\"Person\",\"@id\":\"https:\/\/narteks.net\/#\/schema\/person\/61f37d9834294b72d31d274e7ed79bca\",\"name\":\"Tar\u0131k\",\"image\":{\"@type\":\"ImageObject\",\"inLanguage\":\"tr\",\"@id\":\"https:\/\/narteks.net\/#\/schema\/person\/image\/\",\"url\":\"https:\/\/secure.gravatar.com\/avatar\/50865afb55632c4ae467e0af0930f6510aa2297d8014be502a55b14f3b7550cf?s=96&d=mm&r=g\",\"contentUrl\":\"https:\/\/secure.gravatar.com\/avatar\/50865afb55632c4ae467e0af0930f6510aa2297d8014be502a55b14f3b7550cf?s=96&d=mm&r=g\",\"caption\":\"Tar\u0131k\"},\"sameAs\":[\"http:\/\/narteks.net\"],\"url\":\"https:\/\/narteks.net\/index.php\/author\/narbak\/\"}]}<\/script>\n<!-- \/ Yoast SEO Premium plugin. -->","yoast_head_json":{"title":"SUDA Y\u0130TEN AYI\u015eI\u011eI - narteks.net","robots":{"index":"index","follow":"follow","max-snippet":"max-snippet:-1","max-image-preview":"max-image-preview:large","max-video-preview":"max-video-preview:-1"},"canonical":"https:\/\/narteks.net\/index.php\/2009\/11\/03\/suda-yiten-ayisigi\/","og_locale":"tr_TR","og_type":"article","og_title":"SUDA Y\u0130TEN AYI\u015eI\u011eI","og_description":"\u00a0 K\u0131rk sevginin bayg\u0131n\u0131y\u0131m &#8211; belki de y\u00fczk\u0131rk &#8211;yine de yaln\u0131zl\u0131k yalazlan\u0131r k\u0131r\u0131k kalbimde Otlar\u0131n tutuklusuhaylaz\u0131 a\u011fz\u0131m\u015fimdi tutlusu kara sular\u0131n. Her \u015feye yeniden ba\u015flayabilseydim e\u011fera\u015fk\u0131m\u0131 ac\u0131yla anmazd\u0131m art\u0131k. Ben ki delisiyim sular\u0131n, oysa bu sular\u00e7\u00f6l r\u00fczgar\u0131 kadar bulan\u0131k. Akar gibi ge\u00e7iyorum d\u00fcnyadan, \u0131s\u0131n\u0131p bak\u0131nmadan,sarho\u015fs\u0131k\u0131lgans\u0131r\u0131ls\u0131klam&#8230; K\u0131rk diyarda k\u0131rkbin \u00f6p\u00fc\u015f\u00fcn bitkiniyimduda\u011f\u0131nda k\u0131rkbin kekik tad\u0131 kama\u015f\u0131ryine de kalbim [&hellip;]","og_url":"https:\/\/narteks.net\/index.php\/2009\/11\/03\/suda-yiten-ayisigi\/","og_site_name":"narteks.net","article_published_time":"2009-11-03T10:16:29+00:00","og_image":[{"width":300,"height":90,"url":"https:\/\/narteks.net\/wp-content\/uploads\/narteks.png","type":"image\/png"}],"author":"Tar\u0131k","twitter_card":"summary_large_image","twitter_creator":"@narteks","twitter_site":"@narteks","twitter_misc":{"Yazan:":"Tar\u0131k","Tahmini okuma s\u00fcresi":"1 dakika"},"schema":{"@context":"https:\/\/schema.org","@graph":[{"@type":"Article","@id":"https:\/\/narteks.net\/index.php\/2009\/11\/03\/suda-yiten-ayisigi\/#article","isPartOf":{"@id":"https:\/\/narteks.net\/index.php\/2009\/11\/03\/suda-yiten-ayisigi\/"},"author":{"name":"Tar\u0131k","@id":"https:\/\/narteks.net\/#\/schema\/person\/61f37d9834294b72d31d274e7ed79bca"},"headline":"SUDA Y\u0130TEN AYI\u015eI\u011eI","datePublished":"2009-11-03T10:16:29+00:00","mainEntityOfPage":{"@id":"https:\/\/narteks.net\/index.php\/2009\/11\/03\/suda-yiten-ayisigi\/"},"wordCount":140,"commentCount":0,"publisher":{"@id":"https:\/\/narteks.net\/#organization"},"articleSection":["Nihat BEHRAM"],"inLanguage":"tr","potentialAction":[{"@type":"CommentAction","name":"Comment","target":["https:\/\/narteks.net\/index.php\/2009\/11\/03\/suda-yiten-ayisigi\/#respond"]}]},{"@type":"WebPage","@id":"https:\/\/narteks.net\/index.php\/2009\/11\/03\/suda-yiten-ayisigi\/","url":"https:\/\/narteks.net\/index.php\/2009\/11\/03\/suda-yiten-ayisigi\/","name":"SUDA Y\u0130TEN AYI\u015eI\u011eI - narteks.net","isPartOf":{"@id":"https:\/\/narteks.net\/#website"},"datePublished":"2009-11-03T10:16:29+00:00","breadcrumb":{"@id":"https:\/\/narteks.net\/index.php\/2009\/11\/03\/suda-yiten-ayisigi\/#breadcrumb"},"inLanguage":"tr","potentialAction":[{"@type":"ReadAction","target":["https:\/\/narteks.net\/index.php\/2009\/11\/03\/suda-yiten-ayisigi\/"]}]},{"@type":"BreadcrumbList","@id":"https:\/\/narteks.net\/index.php\/2009\/11\/03\/suda-yiten-ayisigi\/#breadcrumb","itemListElement":[{"@type":"ListItem","position":1,"name":"Anasayfa","item":"https:\/\/narteks.net\/"},{"@type":"ListItem","position":2,"name":"SUDA Y\u0130TEN AYI\u015eI\u011eI"}]},{"@type":"WebSite","@id":"https:\/\/narteks.net\/#website","url":"https:\/\/narteks.net\/","name":"narteks.net","description":"K\u00fclt\u00fcr Sanat Edebiyat Felsefe","publisher":{"@id":"https:\/\/narteks.net\/#organization"},"alternateName":"K\u00fclt\u00fcr Sanat Edebiyat Felsefe","potentialAction":[{"@type":"SearchAction","target":{"@type":"EntryPoint","urlTemplate":"https:\/\/narteks.net\/?s={search_term_string}"},"query-input":{"@type":"PropertyValueSpecification","valueRequired":true,"valueName":"search_term_string"}}],"inLanguage":"tr"},{"@type":"Organization","@id":"https:\/\/narteks.net\/#organization","name":"narteks.net","url":"https:\/\/narteks.net\/","logo":{"@type":"ImageObject","inLanguage":"tr","@id":"https:\/\/narteks.net\/#\/schema\/logo\/image\/","url":"https:\/\/narteks.net\/wp-content\/uploads\/narteks.png","contentUrl":"https:\/\/narteks.net\/wp-content\/uploads\/narteks.png","width":300,"height":90,"caption":"narteks.net"},"image":{"@id":"https:\/\/narteks.net\/#\/schema\/logo\/image\/"},"sameAs":["https:\/\/x.com\/narteks","https:\/\/instagram.com\/narteksnet"]},{"@type":"Person","@id":"https:\/\/narteks.net\/#\/schema\/person\/61f37d9834294b72d31d274e7ed79bca","name":"Tar\u0131k","image":{"@type":"ImageObject","inLanguage":"tr","@id":"https:\/\/narteks.net\/#\/schema\/person\/image\/","url":"https:\/\/secure.gravatar.com\/avatar\/50865afb55632c4ae467e0af0930f6510aa2297d8014be502a55b14f3b7550cf?s=96&d=mm&r=g","contentUrl":"https:\/\/secure.gravatar.com\/avatar\/50865afb55632c4ae467e0af0930f6510aa2297d8014be502a55b14f3b7550cf?s=96&d=mm&r=g","caption":"Tar\u0131k"},"sameAs":["http:\/\/narteks.net"],"url":"https:\/\/narteks.net\/index.php\/author\/narbak\/"}]}},"_links":{"self":[{"href":"https:\/\/narteks.net\/index.php\/wp-json\/wp\/v2\/posts\/924","targetHints":{"allow":["GET"]}}],"collection":[{"href":"https:\/\/narteks.net\/index.php\/wp-json\/wp\/v2\/posts"}],"about":[{"href":"https:\/\/narteks.net\/index.php\/wp-json\/wp\/v2\/types\/post"}],"author":[{"embeddable":true,"href":"https:\/\/narteks.net\/index.php\/wp-json\/wp\/v2\/users\/1"}],"replies":[{"embeddable":true,"href":"https:\/\/narteks.net\/index.php\/wp-json\/wp\/v2\/comments?post=924"}],"version-history":[{"count":0,"href":"https:\/\/narteks.net\/index.php\/wp-json\/wp\/v2\/posts\/924\/revisions"}],"wp:attachment":[{"href":"https:\/\/narteks.net\/index.php\/wp-json\/wp\/v2\/media?parent=924"}],"wp:term":[{"taxonomy":"category","embeddable":true,"href":"https:\/\/narteks.net\/index.php\/wp-json\/wp\/v2\/categories?post=924"},{"taxonomy":"post_tag","embeddable":true,"href":"https:\/\/narteks.net\/index.php\/wp-json\/wp\/v2\/tags?post=924"}],"curies":[{"name":"wp","href":"https:\/\/api.w.org\/{rel}","templated":true}]}}