{"id":929,"date":"2009-11-03T13:21:40","date_gmt":"2009-11-03T10:21:40","guid":{"rendered":"http:\/\/localhost\/wordpress\/2009\/11\/03\/yine-de-gulumseyerek\/"},"modified":"2009-11-03T13:21:40","modified_gmt":"2009-11-03T10:21:40","slug":"yine-de-gulumseyerek","status":"publish","type":"post","link":"https:\/\/narteks.net\/index.php\/2009\/11\/03\/yine-de-gulumseyerek\/","title":{"rendered":"Y\u0130NE DE G\u00dcL\u00dcMSEYEREK"},"content":{"rendered":"<p>\u00a0<\/p>\n<p>Ne sa\u011fnaklar g\u00f6rm\u00fc\u015f\u00fcz, yar\u0131lan g\u00f6ky\u00fcz\u00fcnden aln\u0131m\u0131z<br \/> y\u0131ld\u0131r\u0131mlarla a\u011fm\u0131\u015f,<br \/>ne r\u00fczgarlar \u00e7\u0131nlam\u0131\u015f ba\u011fr\u0131m\u0131zda, co\u015fkusundan k\u0131r\u0131lm\u0131\u015f<br \/> kaburgam\u0131z,<br \/>di\u015flenip kayalar\u0131 ne ate\u015fler yakm\u0131\u015f\u0131z, a\u015fm\u0131\u015f\u0131z ne zifir<br \/> u\u00e7urumlar,<br \/>yine de \u00fcrk\u00fctmeden \u00f6pm\u00fc\u015f\u00fcz bir ceylan\u0131 g\u00f6zlerinin<br \/> ya\u015f\u0131ndan<br \/>incitmeden tutmu\u015fuz a\u011fz\u0131m\u0131zda yorulan kelebe\u011fi;<br \/>\u015fimdi asmalardan koruklar\u0131n tad\u0131 silinmi\u015f,<br \/>sesimizde sendeleyen bir keder,<br \/>uykusuzluk serin serin s\u0131z\u0131yor ac\u0131yan tenimizden;<br \/>ziyan\u0131 yok, nas\u0131l olsa g\u00f6nl\u00fcm\u00fczde a\u015fk\u0131n yeri \u00e7ok derin.<\/p>\n<p>Ne azg\u0131n canavarlar \u00fcst\u00fcne y\u00fcr\u00fcm\u00fc\u015f\u00fcz bir demet<br \/> \u00e7i\u00e7ek i\u00e7in,<br \/>neyimiz var neyimiz yok vermi\u015fiz bir narin dilek i\u00e7in,<br \/>y\u0131llar\u0131n\u0131 ta\u015f duvara \u00f6rm\u00fc\u015f\u00fcz \u00f6mr\u00fcm\u00fcz\u00fcn bir h\u0131r\u00e7\u0131n<br \/> y\u00fcrek i\u00e7in;<br \/>\u015fimdi \u00e7evremizde yosunla\u015fm\u0131\u015f sessizlik,<br \/>yaban\u0131y\u0131z gitti\u011fimiz her \u015fehrin, \u00e7i\u011fdemsiz, k\u00fckremesiz,<br \/>kimsecikler sezmiyor boynumuzdan didi\u015fen \u00f6r\u00fcmce\u011fin<br \/> zehrini;<br \/>ziyan\u0131 yok, nas\u0131l olsa nabz\u0131m\u0131zda durulan\u0131r ya\u015faman\u0131n <br \/> iksiri.<br \/>Ne g\u00fczel sevmi\u015fiz, a\u011fz\u0131m\u0131zda mavi bir tat kekremi\u015f,<br \/>ne s\u0131z\u0131lar sarm\u0131\u015f\u0131z yumu\u015fac\u0131k \u00f6p\u00fc\u015flerin \u00e7\u0131\u011fl\u0131\u011f\u0131n\u0131 ku\u015fan\u0131p,<br \/>\u015fafaklar tutu\u015fkunu \u015fark\u0131lar yuvalan\u0131p ne mintanlar y\u0131rtm\u0131\u015f\u0131z,<br \/>\u015fimdi usulcac\u0131k \u00fcrpersek kara gece uykumuz ka\u00e7acak<br \/> kadar delik<br \/>\u00fcst\u00fcm\u00fcz \u00e7imensiz tepeler gibi bereketsiz, \u00f6rt\u00fcs\u00fcz, serin;<br \/>ziyan\u0131 yok, nas\u0131l olsa g\u00f6nl\u00fcm\u00fcz\u00fcn \u00e7ay\u0131rlar\u0131 ipekten,<br \/> bak\u0131\u015f\u0131m\u0131z lekesiz.<\/p>\n<p>Ne masalar d\u00fczm\u00fc\u015f\u00fcz k\u0131vr\u0131mlar\u0131 g\u00fcm\u00fc\u015f, kakmalar\u0131 sedeften,<br \/>ne milyonlar yan\u0131ndan ba\u015fe\u011fmeden ge\u00e7mi\u015fiz, huyumuz<br \/> de\u011fi\u015fmemi\u015f,<br \/>hayat\u0131m\u0131z g\u00fcnbeg\u00fcn \u00e7arp\u0131\u015farak ya\u015fan\u0131lan s\u0131rlar\u0131n \u00fcr\u00fcn\u00fcd\u00fcr;<br \/>\u015fimdi kar alt\u0131nda avcumuz, avurdumuz ila\u00e7s\u0131z,<br \/>\u0131ss\u0131zla\u015fm\u0131\u015f sabahlar, yoksunluk ars\u0131zla\u015fm\u0131\u015f,<br \/>ka\u00e7\u0131\u015f\u0131r yolumuzdan g\u00f6lgesini de al\u0131p o \u015faklabanlar<br \/> inildesek a\u00e7l\u0131ktan;<br \/>ziyan\u0131 yok, nas\u0131l olsa g\u00f6nl\u00fcm\u00fcz\u00fcn da\u011f\u0131 ta\u015f\u0131 alt\u0131ndan.<\/p>\n<p>Ne devlerle dala\u015fm\u0131\u015f kan\u0131m\u0131z\u0131 g\u00f6stermeden silmi\u015fiz.<br \/>ne kudurgan g\u00fcnlerde elimizi dost eline titremeden vermi\u015fiz,<br \/>bir \u00f6m\u00fcr se\u011firtmi\u015fiz bir nefes beklemeden;<br \/>\u015fimdi nice an\u0131\u015flar\u0131n duda\u011f\u0131 \u00fc\u015f\u00fcyen bir \u00e7ocuk kadar u\u00e7uk,<br \/>nicesi els\u0131k\u0131\u015flar\u0131n sahtekar \u00e7\u0131km\u0131\u015f.<\/p>\n<p>&#8211; Bizi e\u015fkiyalar soymam\u0131\u015f abi<br \/> muhabbet y\u0131km\u0131\u015f!<\/p>\n<p>Nihat BEHRAM<\/p>\n","protected":false},"excerpt":{"rendered":"<p>\u00a0 Ne sa\u011fnaklar g\u00f6rm\u00fc\u015f\u00fcz, yar\u0131lan g\u00f6ky\u00fcz\u00fcnden aln\u0131m\u0131z y\u0131ld\u0131r\u0131mlarla a\u011fm\u0131\u015f,ne r\u00fczgarlar \u00e7\u0131nlam\u0131\u015f ba\u011fr\u0131m\u0131zda, co\u015fkusundan k\u0131r\u0131lm\u0131\u015f kaburgam\u0131z,di\u015flenip kayalar\u0131 ne ate\u015fler yakm\u0131\u015f\u0131z, a\u015fm\u0131\u015f\u0131z ne zifir u\u00e7urumlar,yine de \u00fcrk\u00fctmeden \u00f6pm\u00fc\u015f\u00fcz bir ceylan\u0131 g\u00f6zlerinin ya\u015f\u0131ndanincitmeden tutmu\u015fuz a\u011fz\u0131m\u0131zda yorulan kelebe\u011fi;\u015fimdi asmalardan koruklar\u0131n tad\u0131 silinmi\u015f,sesimizde sendeleyen bir keder,uykusuzluk serin serin s\u0131z\u0131yor ac\u0131yan tenimizden;ziyan\u0131 yok, nas\u0131l olsa g\u00f6nl\u00fcm\u00fczde a\u015fk\u0131n yeri \u00e7ok derin. Ne [&hellip;]<\/p>\n","protected":false},"author":1,"featured_media":0,"comment_status":"open","ping_status":"open","sticky":false,"template":"","format":"standard","meta":{"footnotes":""},"categories":[26],"tags":[],"class_list":{"0":"post-929","1":"post","2":"type-post","3":"status-publish","4":"format-standard","6":"category-nihat-behram"},"yoast_head":"<!-- This site is optimized with the Yoast SEO Premium plugin v24.9 (Yoast SEO v24.9) - https:\/\/yoast.com\/wordpress\/plugins\/seo\/ -->\n<title>Y\u0130NE DE G\u00dcL\u00dcMSEYEREK - narteks.net<\/title>\n<meta name=\"robots\" content=\"index, follow, max-snippet:-1, max-image-preview:large, max-video-preview:-1\" \/>\n<link rel=\"canonical\" href=\"https:\/\/narteks.net\/index.php\/2009\/11\/03\/yine-de-gulumseyerek\/\" \/>\n<meta property=\"og:locale\" content=\"tr_TR\" \/>\n<meta property=\"og:type\" content=\"article\" \/>\n<meta property=\"og:title\" content=\"Y\u0130NE DE G\u00dcL\u00dcMSEYEREK\" \/>\n<meta property=\"og:description\" content=\"\u00a0 Ne sa\u011fnaklar g\u00f6rm\u00fc\u015f\u00fcz, yar\u0131lan g\u00f6ky\u00fcz\u00fcnden aln\u0131m\u0131z y\u0131ld\u0131r\u0131mlarla a\u011fm\u0131\u015f,ne r\u00fczgarlar \u00e7\u0131nlam\u0131\u015f ba\u011fr\u0131m\u0131zda, co\u015fkusundan k\u0131r\u0131lm\u0131\u015f kaburgam\u0131z,di\u015flenip kayalar\u0131 ne ate\u015fler yakm\u0131\u015f\u0131z, a\u015fm\u0131\u015f\u0131z ne zifir u\u00e7urumlar,yine de \u00fcrk\u00fctmeden \u00f6pm\u00fc\u015f\u00fcz bir ceylan\u0131 g\u00f6zlerinin ya\u015f\u0131ndanincitmeden tutmu\u015fuz a\u011fz\u0131m\u0131zda yorulan kelebe\u011fi;\u015fimdi asmalardan koruklar\u0131n tad\u0131 silinmi\u015f,sesimizde sendeleyen bir keder,uykusuzluk serin serin s\u0131z\u0131yor ac\u0131yan tenimizden;ziyan\u0131 yok, nas\u0131l olsa g\u00f6nl\u00fcm\u00fczde a\u015fk\u0131n yeri \u00e7ok derin. Ne [&hellip;]\" \/>\n<meta property=\"og:url\" content=\"https:\/\/narteks.net\/index.php\/2009\/11\/03\/yine-de-gulumseyerek\/\" \/>\n<meta property=\"og:site_name\" content=\"narteks.net\" \/>\n<meta property=\"article:published_time\" content=\"2009-11-03T10:21:40+00:00\" \/>\n<meta property=\"og:image\" content=\"https:\/\/narteks.net\/wp-content\/uploads\/narteks.png\" \/>\n\t<meta property=\"og:image:width\" content=\"300\" \/>\n\t<meta property=\"og:image:height\" content=\"90\" \/>\n\t<meta property=\"og:image:type\" content=\"image\/png\" \/>\n<meta name=\"author\" content=\"Tar\u0131k\" \/>\n<meta name=\"twitter:card\" content=\"summary_large_image\" \/>\n<meta name=\"twitter:creator\" content=\"@narteks\" \/>\n<meta name=\"twitter:site\" content=\"@narteks\" \/>\n<meta name=\"twitter:label1\" content=\"Yazan:\" \/>\n\t<meta name=\"twitter:data1\" content=\"Tar\u0131k\" \/>\n\t<meta name=\"twitter:label2\" content=\"Tahmini okuma s\u00fcresi\" \/>\n\t<meta name=\"twitter:data2\" content=\"2 dakika\" \/>\n<script type=\"application\/ld+json\" class=\"yoast-schema-graph\">{\"@context\":\"https:\/\/schema.org\",\"@graph\":[{\"@type\":\"Article\",\"@id\":\"https:\/\/narteks.net\/index.php\/2009\/11\/03\/yine-de-gulumseyerek\/#article\",\"isPartOf\":{\"@id\":\"https:\/\/narteks.net\/index.php\/2009\/11\/03\/yine-de-gulumseyerek\/\"},\"author\":{\"name\":\"Tar\u0131k\",\"@id\":\"https:\/\/narteks.net\/#\/schema\/person\/61f37d9834294b72d31d274e7ed79bca\"},\"headline\":\"Y\u0130NE DE G\u00dcL\u00dcMSEYEREK\",\"datePublished\":\"2009-11-03T10:21:40+00:00\",\"mainEntityOfPage\":{\"@id\":\"https:\/\/narteks.net\/index.php\/2009\/11\/03\/yine-de-gulumseyerek\/\"},\"wordCount\":426,\"commentCount\":0,\"publisher\":{\"@id\":\"https:\/\/narteks.net\/#organization\"},\"articleSection\":[\"Nihat BEHRAM\"],\"inLanguage\":\"tr\",\"potentialAction\":[{\"@type\":\"CommentAction\",\"name\":\"Comment\",\"target\":[\"https:\/\/narteks.net\/index.php\/2009\/11\/03\/yine-de-gulumseyerek\/#respond\"]}]},{\"@type\":\"WebPage\",\"@id\":\"https:\/\/narteks.net\/index.php\/2009\/11\/03\/yine-de-gulumseyerek\/\",\"url\":\"https:\/\/narteks.net\/index.php\/2009\/11\/03\/yine-de-gulumseyerek\/\",\"name\":\"Y\u0130NE DE G\u00dcL\u00dcMSEYEREK - narteks.net\",\"isPartOf\":{\"@id\":\"https:\/\/narteks.net\/#website\"},\"datePublished\":\"2009-11-03T10:21:40+00:00\",\"breadcrumb\":{\"@id\":\"https:\/\/narteks.net\/index.php\/2009\/11\/03\/yine-de-gulumseyerek\/#breadcrumb\"},\"inLanguage\":\"tr\",\"potentialAction\":[{\"@type\":\"ReadAction\",\"target\":[\"https:\/\/narteks.net\/index.php\/2009\/11\/03\/yine-de-gulumseyerek\/\"]}]},{\"@type\":\"BreadcrumbList\",\"@id\":\"https:\/\/narteks.net\/index.php\/2009\/11\/03\/yine-de-gulumseyerek\/#breadcrumb\",\"itemListElement\":[{\"@type\":\"ListItem\",\"position\":1,\"name\":\"Anasayfa\",\"item\":\"https:\/\/narteks.net\/\"},{\"@type\":\"ListItem\",\"position\":2,\"name\":\"Y\u0130NE DE G\u00dcL\u00dcMSEYEREK\"}]},{\"@type\":\"WebSite\",\"@id\":\"https:\/\/narteks.net\/#website\",\"url\":\"https:\/\/narteks.net\/\",\"name\":\"narteks.net\",\"description\":\"K\u00fclt\u00fcr Sanat Edebiyat Felsefe\",\"publisher\":{\"@id\":\"https:\/\/narteks.net\/#organization\"},\"alternateName\":\"K\u00fclt\u00fcr Sanat Edebiyat Felsefe\",\"potentialAction\":[{\"@type\":\"SearchAction\",\"target\":{\"@type\":\"EntryPoint\",\"urlTemplate\":\"https:\/\/narteks.net\/?s={search_term_string}\"},\"query-input\":{\"@type\":\"PropertyValueSpecification\",\"valueRequired\":true,\"valueName\":\"search_term_string\"}}],\"inLanguage\":\"tr\"},{\"@type\":\"Organization\",\"@id\":\"https:\/\/narteks.net\/#organization\",\"name\":\"narteks.net\",\"url\":\"https:\/\/narteks.net\/\",\"logo\":{\"@type\":\"ImageObject\",\"inLanguage\":\"tr\",\"@id\":\"https:\/\/narteks.net\/#\/schema\/logo\/image\/\",\"url\":\"https:\/\/narteks.net\/wp-content\/uploads\/narteks.png\",\"contentUrl\":\"https:\/\/narteks.net\/wp-content\/uploads\/narteks.png\",\"width\":300,\"height\":90,\"caption\":\"narteks.net\"},\"image\":{\"@id\":\"https:\/\/narteks.net\/#\/schema\/logo\/image\/\"},\"sameAs\":[\"https:\/\/x.com\/narteks\",\"https:\/\/instagram.com\/narteksnet\"]},{\"@type\":\"Person\",\"@id\":\"https:\/\/narteks.net\/#\/schema\/person\/61f37d9834294b72d31d274e7ed79bca\",\"name\":\"Tar\u0131k\",\"image\":{\"@type\":\"ImageObject\",\"inLanguage\":\"tr\",\"@id\":\"https:\/\/narteks.net\/#\/schema\/person\/image\/\",\"url\":\"https:\/\/secure.gravatar.com\/avatar\/50865afb55632c4ae467e0af0930f6510aa2297d8014be502a55b14f3b7550cf?s=96&d=mm&r=g\",\"contentUrl\":\"https:\/\/secure.gravatar.com\/avatar\/50865afb55632c4ae467e0af0930f6510aa2297d8014be502a55b14f3b7550cf?s=96&d=mm&r=g\",\"caption\":\"Tar\u0131k\"},\"sameAs\":[\"http:\/\/narteks.net\"],\"url\":\"https:\/\/narteks.net\/index.php\/author\/narbak\/\"}]}<\/script>\n<!-- \/ Yoast SEO Premium plugin. -->","yoast_head_json":{"title":"Y\u0130NE DE G\u00dcL\u00dcMSEYEREK - narteks.net","robots":{"index":"index","follow":"follow","max-snippet":"max-snippet:-1","max-image-preview":"max-image-preview:large","max-video-preview":"max-video-preview:-1"},"canonical":"https:\/\/narteks.net\/index.php\/2009\/11\/03\/yine-de-gulumseyerek\/","og_locale":"tr_TR","og_type":"article","og_title":"Y\u0130NE DE G\u00dcL\u00dcMSEYEREK","og_description":"\u00a0 Ne sa\u011fnaklar g\u00f6rm\u00fc\u015f\u00fcz, yar\u0131lan g\u00f6ky\u00fcz\u00fcnden aln\u0131m\u0131z y\u0131ld\u0131r\u0131mlarla a\u011fm\u0131\u015f,ne r\u00fczgarlar \u00e7\u0131nlam\u0131\u015f ba\u011fr\u0131m\u0131zda, co\u015fkusundan k\u0131r\u0131lm\u0131\u015f kaburgam\u0131z,di\u015flenip kayalar\u0131 ne ate\u015fler yakm\u0131\u015f\u0131z, a\u015fm\u0131\u015f\u0131z ne zifir u\u00e7urumlar,yine de \u00fcrk\u00fctmeden \u00f6pm\u00fc\u015f\u00fcz bir ceylan\u0131 g\u00f6zlerinin ya\u015f\u0131ndanincitmeden tutmu\u015fuz a\u011fz\u0131m\u0131zda yorulan kelebe\u011fi;\u015fimdi asmalardan koruklar\u0131n tad\u0131 silinmi\u015f,sesimizde sendeleyen bir keder,uykusuzluk serin serin s\u0131z\u0131yor ac\u0131yan tenimizden;ziyan\u0131 yok, nas\u0131l olsa g\u00f6nl\u00fcm\u00fczde a\u015fk\u0131n yeri \u00e7ok derin. Ne [&hellip;]","og_url":"https:\/\/narteks.net\/index.php\/2009\/11\/03\/yine-de-gulumseyerek\/","og_site_name":"narteks.net","article_published_time":"2009-11-03T10:21:40+00:00","og_image":[{"width":300,"height":90,"url":"https:\/\/narteks.net\/wp-content\/uploads\/narteks.png","type":"image\/png"}],"author":"Tar\u0131k","twitter_card":"summary_large_image","twitter_creator":"@narteks","twitter_site":"@narteks","twitter_misc":{"Yazan:":"Tar\u0131k","Tahmini okuma s\u00fcresi":"2 dakika"},"schema":{"@context":"https:\/\/schema.org","@graph":[{"@type":"Article","@id":"https:\/\/narteks.net\/index.php\/2009\/11\/03\/yine-de-gulumseyerek\/#article","isPartOf":{"@id":"https:\/\/narteks.net\/index.php\/2009\/11\/03\/yine-de-gulumseyerek\/"},"author":{"name":"Tar\u0131k","@id":"https:\/\/narteks.net\/#\/schema\/person\/61f37d9834294b72d31d274e7ed79bca"},"headline":"Y\u0130NE DE G\u00dcL\u00dcMSEYEREK","datePublished":"2009-11-03T10:21:40+00:00","mainEntityOfPage":{"@id":"https:\/\/narteks.net\/index.php\/2009\/11\/03\/yine-de-gulumseyerek\/"},"wordCount":426,"commentCount":0,"publisher":{"@id":"https:\/\/narteks.net\/#organization"},"articleSection":["Nihat BEHRAM"],"inLanguage":"tr","potentialAction":[{"@type":"CommentAction","name":"Comment","target":["https:\/\/narteks.net\/index.php\/2009\/11\/03\/yine-de-gulumseyerek\/#respond"]}]},{"@type":"WebPage","@id":"https:\/\/narteks.net\/index.php\/2009\/11\/03\/yine-de-gulumseyerek\/","url":"https:\/\/narteks.net\/index.php\/2009\/11\/03\/yine-de-gulumseyerek\/","name":"Y\u0130NE DE G\u00dcL\u00dcMSEYEREK - narteks.net","isPartOf":{"@id":"https:\/\/narteks.net\/#website"},"datePublished":"2009-11-03T10:21:40+00:00","breadcrumb":{"@id":"https:\/\/narteks.net\/index.php\/2009\/11\/03\/yine-de-gulumseyerek\/#breadcrumb"},"inLanguage":"tr","potentialAction":[{"@type":"ReadAction","target":["https:\/\/narteks.net\/index.php\/2009\/11\/03\/yine-de-gulumseyerek\/"]}]},{"@type":"BreadcrumbList","@id":"https:\/\/narteks.net\/index.php\/2009\/11\/03\/yine-de-gulumseyerek\/#breadcrumb","itemListElement":[{"@type":"ListItem","position":1,"name":"Anasayfa","item":"https:\/\/narteks.net\/"},{"@type":"ListItem","position":2,"name":"Y\u0130NE DE G\u00dcL\u00dcMSEYEREK"}]},{"@type":"WebSite","@id":"https:\/\/narteks.net\/#website","url":"https:\/\/narteks.net\/","name":"narteks.net","description":"K\u00fclt\u00fcr Sanat Edebiyat Felsefe","publisher":{"@id":"https:\/\/narteks.net\/#organization"},"alternateName":"K\u00fclt\u00fcr Sanat Edebiyat Felsefe","potentialAction":[{"@type":"SearchAction","target":{"@type":"EntryPoint","urlTemplate":"https:\/\/narteks.net\/?s={search_term_string}"},"query-input":{"@type":"PropertyValueSpecification","valueRequired":true,"valueName":"search_term_string"}}],"inLanguage":"tr"},{"@type":"Organization","@id":"https:\/\/narteks.net\/#organization","name":"narteks.net","url":"https:\/\/narteks.net\/","logo":{"@type":"ImageObject","inLanguage":"tr","@id":"https:\/\/narteks.net\/#\/schema\/logo\/image\/","url":"https:\/\/narteks.net\/wp-content\/uploads\/narteks.png","contentUrl":"https:\/\/narteks.net\/wp-content\/uploads\/narteks.png","width":300,"height":90,"caption":"narteks.net"},"image":{"@id":"https:\/\/narteks.net\/#\/schema\/logo\/image\/"},"sameAs":["https:\/\/x.com\/narteks","https:\/\/instagram.com\/narteksnet"]},{"@type":"Person","@id":"https:\/\/narteks.net\/#\/schema\/person\/61f37d9834294b72d31d274e7ed79bca","name":"Tar\u0131k","image":{"@type":"ImageObject","inLanguage":"tr","@id":"https:\/\/narteks.net\/#\/schema\/person\/image\/","url":"https:\/\/secure.gravatar.com\/avatar\/50865afb55632c4ae467e0af0930f6510aa2297d8014be502a55b14f3b7550cf?s=96&d=mm&r=g","contentUrl":"https:\/\/secure.gravatar.com\/avatar\/50865afb55632c4ae467e0af0930f6510aa2297d8014be502a55b14f3b7550cf?s=96&d=mm&r=g","caption":"Tar\u0131k"},"sameAs":["http:\/\/narteks.net"],"url":"https:\/\/narteks.net\/index.php\/author\/narbak\/"}]}},"_links":{"self":[{"href":"https:\/\/narteks.net\/index.php\/wp-json\/wp\/v2\/posts\/929","targetHints":{"allow":["GET"]}}],"collection":[{"href":"https:\/\/narteks.net\/index.php\/wp-json\/wp\/v2\/posts"}],"about":[{"href":"https:\/\/narteks.net\/index.php\/wp-json\/wp\/v2\/types\/post"}],"author":[{"embeddable":true,"href":"https:\/\/narteks.net\/index.php\/wp-json\/wp\/v2\/users\/1"}],"replies":[{"embeddable":true,"href":"https:\/\/narteks.net\/index.php\/wp-json\/wp\/v2\/comments?post=929"}],"version-history":[{"count":0,"href":"https:\/\/narteks.net\/index.php\/wp-json\/wp\/v2\/posts\/929\/revisions"}],"wp:attachment":[{"href":"https:\/\/narteks.net\/index.php\/wp-json\/wp\/v2\/media?parent=929"}],"wp:term":[{"taxonomy":"category","embeddable":true,"href":"https:\/\/narteks.net\/index.php\/wp-json\/wp\/v2\/categories?post=929"},{"taxonomy":"post_tag","embeddable":true,"href":"https:\/\/narteks.net\/index.php\/wp-json\/wp\/v2\/tags?post=929"}],"curies":[{"name":"wp","href":"https:\/\/api.w.org\/{rel}","templated":true}]}}