{"id":940,"date":"2009-11-03T13:37:24","date_gmt":"2009-11-03T10:37:24","guid":{"rendered":"http:\/\/localhost\/wordpress\/2009\/11\/03\/ask-resmi-gecidi\/"},"modified":"2009-11-03T13:37:24","modified_gmt":"2009-11-03T10:37:24","slug":"ask-resmi-gecidi","status":"publish","type":"post","link":"https:\/\/narteks.net\/index.php\/2009\/11\/03\/ask-resmi-gecidi\/","title":{"rendered":"A\u015fk Resmi Ge\u00e7idi"},"content":{"rendered":"<p>\u00a0<\/p>\n<p>Birincisi o incecik, o dal gibi k\u0131z,<br \/>\u015eimdi galiba bir t\u00fcccar kar\u0131s\u0131.<br \/>Ne kadar \u015fi\u015fmanlam\u0131\u015ft\u0131r kim bilir.<br \/>Ama yine de g\u00f6rmeyi \u00e7ok isterim,<br \/>Kolay m\u0131? \u0130lk g\u00f6z a\u011fr\u0131s\u0131.<\/p>\n<p>\u0130kincisi M\u00fcnevver Abla, benden b\u00fcy\u00fck<br \/>Yaz\u0131p yaz\u0131p bah\u00e7esine att\u0131\u011f\u0131m mektuplar\u0131<br \/>G\u00fclmekten kat\u0131l\u0131rd\u0131, okuduk\u00e7a.<br \/>Bense bug\u00fcnm\u00fc\u015f gibi utan\u0131r\u0131m<br \/>O mektuplar\u0131 hat\u0131rlad\u0131k\u00e7a.<\/p>\n<p>&#8230;&#8230;&#8230;&#8230;.. \u00e7\u0131kar<br \/>&#8230;&#8230;&#8230;&#8230;.. dururduk mahallede<br \/>&#8230;&#8230;&#8230;&#8230;&#8230;&#8230;&#8230;&#8230;. halde<br \/>&#8230;&#8230;&#8230;&#8230; yan yana yaz\u0131l\u0131rd\u0131 duvarlara<br \/>&#8230;&#8230;&#8230;&#8230;&#8230;&#8230;. yang\u0131n yerlerinde.<\/p>\n<p>D\u00f6rd\u00fcnc\u00fcs\u00fc azg\u0131n bir kad\u0131n,<br \/>A\u00e7\u0131k sa\u00e7\u0131k \u015feyler anlat\u0131rd\u0131 bana.<br \/>Bir g\u00fcn de \u00f6n\u00fcmde soyunuverdi<br \/>Y\u0131llar ge\u00e7ti aradan, unutamad\u0131m,<br \/>Ka\u00e7 defa r\u00fcyama girdi.<\/p>\n<p>Be\u015finciyi ge\u00e7ip alt\u0131nc\u0131ya geldim.<br \/>Onun ad\u0131 da Nurinnisa.<br \/>Ah g\u00fczelim<br \/>Ah esmerim<br \/>Ah<br \/>Can\u0131m\u0131n i\u00e7i Nurinnisa.<\/p>\n<p>Yedincisi, Aliye, kibar bir kad\u0131n.<br \/>Ama ben pek varamad\u0131m tad\u0131na.<br \/>B\u00fct\u00fcn kibar kad\u0131nlar gibi<br \/>K\u00fcpe fiyat\u0131na, k\u00fcrk fiyat\u0131na.<\/p>\n<p>Sekizinci de o bokun soyu.<br \/>Elin kar\u0131s\u0131nda namus ara,<br \/>Kendinde arand\u0131 m\u0131 k\u00fcplere bin.<br \/>\u00dcstelik &#8230;&#8230;.<br \/>Yalan\u0131n d\u00fczenin bini bir para.<\/p>\n<p>Ayten&#8217;di dokuzuncunun ad\u0131.<br \/>\u0130\u015f ba\u015f\u0131nda \u015funun bunun esiri,<br \/>Ama bardan \u00e7\u0131kt\u0131 m\u0131,<br \/>Kiminle isterse onunla yatar.<\/p>\n<p>Onuncusu ak\u0131ll\u0131 \u00e7\u0131kt\u0131<br \/>&#8230;&#8230;. gitti &#8230;&#8230;&#8230;<br \/>Ama haks\u0131z da de\u011fildi hani.<br \/>Sevi\u015fmek zenginlerin harc\u0131ym\u0131\u015f<br \/>\u0130\u015fsizlerin harc\u0131ym\u0131\u015f.<br \/>\u0130ki g\u00f6n\u00fcl bir olunca<br \/>Samanlik seyranm\u0131\u015f ama,<br \/>\u0130ki \u00e7\u0131plak da, olsa olsa,<br \/>Bir hamama yak\u0131\u015f\u0131rm\u0131\u015f.<\/p>\n<p>\u0130\u015fine ba\u011fl\u0131 bir kad\u0131nd\u0131 on birinci,<br \/>Ho\u015f, olmas\u0131n da ne yaps\u0131n,<br \/>Bir zalimin yan\u0131nda g\u00fcndelik\u00e7i.<br \/>&#8230;&#8230;&#8230;leksandra<br \/>Geceleri odama gelir,<br \/>Sabahlara kadar kal\u0131r.<br \/>Konyak i\u00e7er sarho\u015f olur,<br \/>Sabah\u0131 da i\u015fba\u015f\u0131 yapard\u0131 \u015fafakla.<\/p>\n<p>Gelelim sonuncuya.<br \/>Hi\u00e7birine ba\u011flanmad\u0131m<br \/>Ona ba\u011fland\u0131\u011f\u0131m kadar.<br \/>Sade kad\u0131n de\u011fil, insan.<br \/>Ne kibarl\u0131k budalas\u0131,<br \/>Ne malda m\u00fclkte g\u00f6z\u00fc var.<br \/>H\u00fcr olsak der,<br \/>E\u015fit olsak der.<br \/>\u0130nsanlar\u0131 sevmesini bilir<br \/>Ya\u015famay\u0131 sevdi\u011fi kadar.<\/p>\n<p>Orhan Veli KANIK<\/p>\n","protected":false},"excerpt":{"rendered":"<p>\u00a0 Birincisi o incecik, o dal gibi k\u0131z,\u015eimdi galiba bir t\u00fcccar kar\u0131s\u0131.Ne kadar \u015fi\u015fmanlam\u0131\u015ft\u0131r kim bilir.Ama yine de g\u00f6rmeyi \u00e7ok isterim,Kolay m\u0131? \u0130lk g\u00f6z a\u011fr\u0131s\u0131. \u0130kincisi M\u00fcnevver Abla, benden b\u00fcy\u00fckYaz\u0131p yaz\u0131p bah\u00e7esine att\u0131\u011f\u0131m mektuplar\u0131G\u00fclmekten kat\u0131l\u0131rd\u0131, okuduk\u00e7a.Bense bug\u00fcnm\u00fc\u015f gibi utan\u0131r\u0131mO mektuplar\u0131 hat\u0131rlad\u0131k\u00e7a. &#8230;&#8230;&#8230;&#8230;.. \u00e7\u0131kar&#8230;&#8230;&#8230;&#8230;.. dururduk mahallede&#8230;&#8230;&#8230;&#8230;&#8230;&#8230;&#8230;&#8230;. halde&#8230;&#8230;&#8230;&#8230; yan yana yaz\u0131l\u0131rd\u0131 duvarlara&#8230;&#8230;&#8230;&#8230;&#8230;&#8230;. yang\u0131n yerlerinde. D\u00f6rd\u00fcnc\u00fcs\u00fc azg\u0131n bir [&hellip;]<\/p>\n","protected":false},"author":1,"featured_media":0,"comment_status":"open","ping_status":"open","sticky":false,"template":"","format":"standard","meta":{"footnotes":""},"categories":[28],"tags":[],"class_list":{"0":"post-940","1":"post","2":"type-post","3":"status-publish","4":"format-standard","6":"category-o-veli-kanik"},"yoast_head":"<!-- This site is optimized with the Yoast SEO Premium plugin v24.9 (Yoast SEO v24.9) - https:\/\/yoast.com\/wordpress\/plugins\/seo\/ -->\n<title>A\u015fk Resmi Ge\u00e7idi - narteks.net<\/title>\n<meta name=\"robots\" content=\"index, follow, max-snippet:-1, max-image-preview:large, max-video-preview:-1\" \/>\n<link rel=\"canonical\" href=\"https:\/\/narteks.net\/index.php\/2009\/11\/03\/ask-resmi-gecidi\/\" \/>\n<meta property=\"og:locale\" content=\"tr_TR\" \/>\n<meta property=\"og:type\" content=\"article\" \/>\n<meta property=\"og:title\" content=\"A\u015fk Resmi Ge\u00e7idi\" \/>\n<meta property=\"og:description\" content=\"\u00a0 Birincisi o incecik, o dal gibi k\u0131z,\u015eimdi galiba bir t\u00fcccar kar\u0131s\u0131.Ne kadar \u015fi\u015fmanlam\u0131\u015ft\u0131r kim bilir.Ama yine de g\u00f6rmeyi \u00e7ok isterim,Kolay m\u0131? \u0130lk g\u00f6z a\u011fr\u0131s\u0131. \u0130kincisi M\u00fcnevver Abla, benden b\u00fcy\u00fckYaz\u0131p yaz\u0131p bah\u00e7esine att\u0131\u011f\u0131m mektuplar\u0131G\u00fclmekten kat\u0131l\u0131rd\u0131, okuduk\u00e7a.Bense bug\u00fcnm\u00fc\u015f gibi utan\u0131r\u0131mO mektuplar\u0131 hat\u0131rlad\u0131k\u00e7a. &#8230;&#8230;&#8230;&#8230;.. \u00e7\u0131kar&#8230;&#8230;&#8230;&#8230;.. dururduk mahallede&#8230;&#8230;&#8230;&#8230;&#8230;&#8230;&#8230;&#8230;. halde&#8230;&#8230;&#8230;&#8230; yan yana yaz\u0131l\u0131rd\u0131 duvarlara&#8230;&#8230;&#8230;&#8230;&#8230;&#8230;. yang\u0131n yerlerinde. D\u00f6rd\u00fcnc\u00fcs\u00fc azg\u0131n bir [&hellip;]\" \/>\n<meta property=\"og:url\" content=\"https:\/\/narteks.net\/index.php\/2009\/11\/03\/ask-resmi-gecidi\/\" \/>\n<meta property=\"og:site_name\" content=\"narteks.net\" \/>\n<meta property=\"article:published_time\" content=\"2009-11-03T10:37:24+00:00\" \/>\n<meta property=\"og:image\" content=\"https:\/\/narteks.net\/wp-content\/uploads\/narteks.png\" \/>\n\t<meta property=\"og:image:width\" content=\"300\" \/>\n\t<meta property=\"og:image:height\" content=\"90\" \/>\n\t<meta property=\"og:image:type\" content=\"image\/png\" \/>\n<meta name=\"author\" content=\"Tar\u0131k\" \/>\n<meta name=\"twitter:card\" content=\"summary_large_image\" \/>\n<meta name=\"twitter:creator\" content=\"@narteks\" \/>\n<meta name=\"twitter:site\" content=\"@narteks\" \/>\n<meta name=\"twitter:label1\" content=\"Yazan:\" \/>\n\t<meta name=\"twitter:data1\" content=\"Tar\u0131k\" \/>\n\t<meta name=\"twitter:label2\" content=\"Tahmini okuma s\u00fcresi\" \/>\n\t<meta name=\"twitter:data2\" content=\"2 dakika\" \/>\n<script type=\"application\/ld+json\" class=\"yoast-schema-graph\">{\"@context\":\"https:\/\/schema.org\",\"@graph\":[{\"@type\":\"Article\",\"@id\":\"https:\/\/narteks.net\/index.php\/2009\/11\/03\/ask-resmi-gecidi\/#article\",\"isPartOf\":{\"@id\":\"https:\/\/narteks.net\/index.php\/2009\/11\/03\/ask-resmi-gecidi\/\"},\"author\":{\"name\":\"Tar\u0131k\",\"@id\":\"https:\/\/narteks.net\/#\/schema\/person\/61f37d9834294b72d31d274e7ed79bca\"},\"headline\":\"A\u015fk Resmi Ge\u00e7idi\",\"datePublished\":\"2009-11-03T10:37:24+00:00\",\"mainEntityOfPage\":{\"@id\":\"https:\/\/narteks.net\/index.php\/2009\/11\/03\/ask-resmi-gecidi\/\"},\"wordCount\":338,\"commentCount\":0,\"publisher\":{\"@id\":\"https:\/\/narteks.net\/#organization\"},\"articleSection\":[\"O.Veli KANIK\"],\"inLanguage\":\"tr\",\"potentialAction\":[{\"@type\":\"CommentAction\",\"name\":\"Comment\",\"target\":[\"https:\/\/narteks.net\/index.php\/2009\/11\/03\/ask-resmi-gecidi\/#respond\"]}]},{\"@type\":\"WebPage\",\"@id\":\"https:\/\/narteks.net\/index.php\/2009\/11\/03\/ask-resmi-gecidi\/\",\"url\":\"https:\/\/narteks.net\/index.php\/2009\/11\/03\/ask-resmi-gecidi\/\",\"name\":\"A\u015fk Resmi Ge\u00e7idi - narteks.net\",\"isPartOf\":{\"@id\":\"https:\/\/narteks.net\/#website\"},\"datePublished\":\"2009-11-03T10:37:24+00:00\",\"breadcrumb\":{\"@id\":\"https:\/\/narteks.net\/index.php\/2009\/11\/03\/ask-resmi-gecidi\/#breadcrumb\"},\"inLanguage\":\"tr\",\"potentialAction\":[{\"@type\":\"ReadAction\",\"target\":[\"https:\/\/narteks.net\/index.php\/2009\/11\/03\/ask-resmi-gecidi\/\"]}]},{\"@type\":\"BreadcrumbList\",\"@id\":\"https:\/\/narteks.net\/index.php\/2009\/11\/03\/ask-resmi-gecidi\/#breadcrumb\",\"itemListElement\":[{\"@type\":\"ListItem\",\"position\":1,\"name\":\"Anasayfa\",\"item\":\"https:\/\/narteks.net\/\"},{\"@type\":\"ListItem\",\"position\":2,\"name\":\"A\u015fk Resmi Ge\u00e7idi\"}]},{\"@type\":\"WebSite\",\"@id\":\"https:\/\/narteks.net\/#website\",\"url\":\"https:\/\/narteks.net\/\",\"name\":\"narteks.net\",\"description\":\"K\u00fclt\u00fcr Sanat Edebiyat Felsefe\",\"publisher\":{\"@id\":\"https:\/\/narteks.net\/#organization\"},\"alternateName\":\"K\u00fclt\u00fcr Sanat Edebiyat Felsefe\",\"potentialAction\":[{\"@type\":\"SearchAction\",\"target\":{\"@type\":\"EntryPoint\",\"urlTemplate\":\"https:\/\/narteks.net\/?s={search_term_string}\"},\"query-input\":{\"@type\":\"PropertyValueSpecification\",\"valueRequired\":true,\"valueName\":\"search_term_string\"}}],\"inLanguage\":\"tr\"},{\"@type\":\"Organization\",\"@id\":\"https:\/\/narteks.net\/#organization\",\"name\":\"narteks.net\",\"url\":\"https:\/\/narteks.net\/\",\"logo\":{\"@type\":\"ImageObject\",\"inLanguage\":\"tr\",\"@id\":\"https:\/\/narteks.net\/#\/schema\/logo\/image\/\",\"url\":\"https:\/\/narteks.net\/wp-content\/uploads\/narteks.png\",\"contentUrl\":\"https:\/\/narteks.net\/wp-content\/uploads\/narteks.png\",\"width\":300,\"height\":90,\"caption\":\"narteks.net\"},\"image\":{\"@id\":\"https:\/\/narteks.net\/#\/schema\/logo\/image\/\"},\"sameAs\":[\"https:\/\/x.com\/narteks\",\"https:\/\/instagram.com\/narteksnet\"]},{\"@type\":\"Person\",\"@id\":\"https:\/\/narteks.net\/#\/schema\/person\/61f37d9834294b72d31d274e7ed79bca\",\"name\":\"Tar\u0131k\",\"image\":{\"@type\":\"ImageObject\",\"inLanguage\":\"tr\",\"@id\":\"https:\/\/narteks.net\/#\/schema\/person\/image\/\",\"url\":\"https:\/\/secure.gravatar.com\/avatar\/50865afb55632c4ae467e0af0930f6510aa2297d8014be502a55b14f3b7550cf?s=96&d=mm&r=g\",\"contentUrl\":\"https:\/\/secure.gravatar.com\/avatar\/50865afb55632c4ae467e0af0930f6510aa2297d8014be502a55b14f3b7550cf?s=96&d=mm&r=g\",\"caption\":\"Tar\u0131k\"},\"sameAs\":[\"http:\/\/narteks.net\"],\"url\":\"https:\/\/narteks.net\/index.php\/author\/narbak\/\"}]}<\/script>\n<!-- \/ Yoast SEO Premium plugin. -->","yoast_head_json":{"title":"A\u015fk Resmi Ge\u00e7idi - narteks.net","robots":{"index":"index","follow":"follow","max-snippet":"max-snippet:-1","max-image-preview":"max-image-preview:large","max-video-preview":"max-video-preview:-1"},"canonical":"https:\/\/narteks.net\/index.php\/2009\/11\/03\/ask-resmi-gecidi\/","og_locale":"tr_TR","og_type":"article","og_title":"A\u015fk Resmi Ge\u00e7idi","og_description":"\u00a0 Birincisi o incecik, o dal gibi k\u0131z,\u015eimdi galiba bir t\u00fcccar kar\u0131s\u0131.Ne kadar \u015fi\u015fmanlam\u0131\u015ft\u0131r kim bilir.Ama yine de g\u00f6rmeyi \u00e7ok isterim,Kolay m\u0131? \u0130lk g\u00f6z a\u011fr\u0131s\u0131. \u0130kincisi M\u00fcnevver Abla, benden b\u00fcy\u00fckYaz\u0131p yaz\u0131p bah\u00e7esine att\u0131\u011f\u0131m mektuplar\u0131G\u00fclmekten kat\u0131l\u0131rd\u0131, okuduk\u00e7a.Bense bug\u00fcnm\u00fc\u015f gibi utan\u0131r\u0131mO mektuplar\u0131 hat\u0131rlad\u0131k\u00e7a. &#8230;&#8230;&#8230;&#8230;.. \u00e7\u0131kar&#8230;&#8230;&#8230;&#8230;.. dururduk mahallede&#8230;&#8230;&#8230;&#8230;&#8230;&#8230;&#8230;&#8230;. halde&#8230;&#8230;&#8230;&#8230; yan yana yaz\u0131l\u0131rd\u0131 duvarlara&#8230;&#8230;&#8230;&#8230;&#8230;&#8230;. yang\u0131n yerlerinde. D\u00f6rd\u00fcnc\u00fcs\u00fc azg\u0131n bir [&hellip;]","og_url":"https:\/\/narteks.net\/index.php\/2009\/11\/03\/ask-resmi-gecidi\/","og_site_name":"narteks.net","article_published_time":"2009-11-03T10:37:24+00:00","og_image":[{"width":300,"height":90,"url":"https:\/\/narteks.net\/wp-content\/uploads\/narteks.png","type":"image\/png"}],"author":"Tar\u0131k","twitter_card":"summary_large_image","twitter_creator":"@narteks","twitter_site":"@narteks","twitter_misc":{"Yazan:":"Tar\u0131k","Tahmini okuma s\u00fcresi":"2 dakika"},"schema":{"@context":"https:\/\/schema.org","@graph":[{"@type":"Article","@id":"https:\/\/narteks.net\/index.php\/2009\/11\/03\/ask-resmi-gecidi\/#article","isPartOf":{"@id":"https:\/\/narteks.net\/index.php\/2009\/11\/03\/ask-resmi-gecidi\/"},"author":{"name":"Tar\u0131k","@id":"https:\/\/narteks.net\/#\/schema\/person\/61f37d9834294b72d31d274e7ed79bca"},"headline":"A\u015fk Resmi Ge\u00e7idi","datePublished":"2009-11-03T10:37:24+00:00","mainEntityOfPage":{"@id":"https:\/\/narteks.net\/index.php\/2009\/11\/03\/ask-resmi-gecidi\/"},"wordCount":338,"commentCount":0,"publisher":{"@id":"https:\/\/narteks.net\/#organization"},"articleSection":["O.Veli KANIK"],"inLanguage":"tr","potentialAction":[{"@type":"CommentAction","name":"Comment","target":["https:\/\/narteks.net\/index.php\/2009\/11\/03\/ask-resmi-gecidi\/#respond"]}]},{"@type":"WebPage","@id":"https:\/\/narteks.net\/index.php\/2009\/11\/03\/ask-resmi-gecidi\/","url":"https:\/\/narteks.net\/index.php\/2009\/11\/03\/ask-resmi-gecidi\/","name":"A\u015fk Resmi Ge\u00e7idi - narteks.net","isPartOf":{"@id":"https:\/\/narteks.net\/#website"},"datePublished":"2009-11-03T10:37:24+00:00","breadcrumb":{"@id":"https:\/\/narteks.net\/index.php\/2009\/11\/03\/ask-resmi-gecidi\/#breadcrumb"},"inLanguage":"tr","potentialAction":[{"@type":"ReadAction","target":["https:\/\/narteks.net\/index.php\/2009\/11\/03\/ask-resmi-gecidi\/"]}]},{"@type":"BreadcrumbList","@id":"https:\/\/narteks.net\/index.php\/2009\/11\/03\/ask-resmi-gecidi\/#breadcrumb","itemListElement":[{"@type":"ListItem","position":1,"name":"Anasayfa","item":"https:\/\/narteks.net\/"},{"@type":"ListItem","position":2,"name":"A\u015fk Resmi Ge\u00e7idi"}]},{"@type":"WebSite","@id":"https:\/\/narteks.net\/#website","url":"https:\/\/narteks.net\/","name":"narteks.net","description":"K\u00fclt\u00fcr Sanat Edebiyat Felsefe","publisher":{"@id":"https:\/\/narteks.net\/#organization"},"alternateName":"K\u00fclt\u00fcr Sanat Edebiyat Felsefe","potentialAction":[{"@type":"SearchAction","target":{"@type":"EntryPoint","urlTemplate":"https:\/\/narteks.net\/?s={search_term_string}"},"query-input":{"@type":"PropertyValueSpecification","valueRequired":true,"valueName":"search_term_string"}}],"inLanguage":"tr"},{"@type":"Organization","@id":"https:\/\/narteks.net\/#organization","name":"narteks.net","url":"https:\/\/narteks.net\/","logo":{"@type":"ImageObject","inLanguage":"tr","@id":"https:\/\/narteks.net\/#\/schema\/logo\/image\/","url":"https:\/\/narteks.net\/wp-content\/uploads\/narteks.png","contentUrl":"https:\/\/narteks.net\/wp-content\/uploads\/narteks.png","width":300,"height":90,"caption":"narteks.net"},"image":{"@id":"https:\/\/narteks.net\/#\/schema\/logo\/image\/"},"sameAs":["https:\/\/x.com\/narteks","https:\/\/instagram.com\/narteksnet"]},{"@type":"Person","@id":"https:\/\/narteks.net\/#\/schema\/person\/61f37d9834294b72d31d274e7ed79bca","name":"Tar\u0131k","image":{"@type":"ImageObject","inLanguage":"tr","@id":"https:\/\/narteks.net\/#\/schema\/person\/image\/","url":"https:\/\/secure.gravatar.com\/avatar\/50865afb55632c4ae467e0af0930f6510aa2297d8014be502a55b14f3b7550cf?s=96&d=mm&r=g","contentUrl":"https:\/\/secure.gravatar.com\/avatar\/50865afb55632c4ae467e0af0930f6510aa2297d8014be502a55b14f3b7550cf?s=96&d=mm&r=g","caption":"Tar\u0131k"},"sameAs":["http:\/\/narteks.net"],"url":"https:\/\/narteks.net\/index.php\/author\/narbak\/"}]}},"_links":{"self":[{"href":"https:\/\/narteks.net\/index.php\/wp-json\/wp\/v2\/posts\/940","targetHints":{"allow":["GET"]}}],"collection":[{"href":"https:\/\/narteks.net\/index.php\/wp-json\/wp\/v2\/posts"}],"about":[{"href":"https:\/\/narteks.net\/index.php\/wp-json\/wp\/v2\/types\/post"}],"author":[{"embeddable":true,"href":"https:\/\/narteks.net\/index.php\/wp-json\/wp\/v2\/users\/1"}],"replies":[{"embeddable":true,"href":"https:\/\/narteks.net\/index.php\/wp-json\/wp\/v2\/comments?post=940"}],"version-history":[{"count":0,"href":"https:\/\/narteks.net\/index.php\/wp-json\/wp\/v2\/posts\/940\/revisions"}],"wp:attachment":[{"href":"https:\/\/narteks.net\/index.php\/wp-json\/wp\/v2\/media?parent=940"}],"wp:term":[{"taxonomy":"category","embeddable":true,"href":"https:\/\/narteks.net\/index.php\/wp-json\/wp\/v2\/categories?post=940"},{"taxonomy":"post_tag","embeddable":true,"href":"https:\/\/narteks.net\/index.php\/wp-json\/wp\/v2\/tags?post=940"}],"curies":[{"name":"wp","href":"https:\/\/api.w.org\/{rel}","templated":true}]}}