{"id":941,"date":"2009-11-03T13:37:59","date_gmt":"2009-11-03T10:37:59","guid":{"rendered":"http:\/\/localhost\/wordpress\/2009\/11\/03\/ave-meria\/"},"modified":"2009-11-03T13:37:59","modified_gmt":"2009-11-03T10:37:59","slug":"ave-meria","status":"publish","type":"post","link":"https:\/\/narteks.net\/index.php\/2009\/11\/03\/ave-meria\/","title":{"rendered":"Ave Meria"},"content":{"rendered":"<p>\u00a0<\/p>\n<p>R\u00fczgar tersine esiyor&#8230; Ni\u00e7in?<br \/>Eski g\u00fcnler geri mi gelecek?<br \/>K\u0131m\u0131ld\u0131yor kozas\u0131nda b\u00f6cek<br \/>Bildi\u011fi hayata do\u011fmak i\u00e7in.<\/p>\n<p>Neden i\u00e7imize doldu vehim?<br \/>Ah \u00fcmit, \u00fcmit yollar boyunca<br \/>D\u00fc\u015f\u00fcnmez miydi ak\u015fam olunca<br \/>Hacer&#8217;in kollar\u0131nda \u0130brahim<\/p>\n<p>Ve gemisinde Kleopatra?<br \/>Neden yine kayna\u015ft\u0131 havalar?<br \/>Saadet mi getiriyor r\u00fczgar<br \/>Dolarak erguvan atlaslara?<\/p>\n<p>Elimize de\u011fen kimin eli?<br \/>Kimdir bu muammalarla gelen?<br \/>O mu helezonlara y\u00fckselen,<br \/>Saba ellerinin en g\u00fczeli?<\/p>\n<p>Sesler mi \u00e7\u00f6z\u00fcl\u00fcyor derinde,<br \/>Nedir durup dinlediklerimiz,<br \/>\u015eark\u0131 m\u0131 s\u00f6yl\u00fcyor semiramis<br \/>Babil&#8217;in asma bah\u00e7elerinde?<\/p>\n<p>Omzundan \u00f6rt\u00fcler kayd\u0131 yere.<br \/>Kim bu, kim? aln\u0131m\u0131zdaki yaz\u0131:<br \/>G\u00f6zlerinde g\u00fcnah\u0131n\u0131n hazz\u0131<br \/>G\u00fcl\u00fcyor saz benizli bakire.<\/p>\n<p>Orhan Veli KANIK<\/p>\n","protected":false},"excerpt":{"rendered":"<p>\u00a0 R\u00fczgar tersine esiyor&#8230; Ni\u00e7in?Eski g\u00fcnler geri mi gelecek?K\u0131m\u0131ld\u0131yor kozas\u0131nda b\u00f6cekBildi\u011fi hayata do\u011fmak i\u00e7in. Neden i\u00e7imize doldu vehim?Ah \u00fcmit, \u00fcmit yollar boyuncaD\u00fc\u015f\u00fcnmez miydi ak\u015fam oluncaHacer&#8217;in kollar\u0131nda \u0130brahim Ve gemisinde Kleopatra?Neden yine kayna\u015ft\u0131 havalar?Saadet mi getiriyor r\u00fczgarDolarak erguvan atlaslara? Elimize de\u011fen kimin eli?Kimdir bu muammalarla gelen?O mu helezonlara y\u00fckselen,Saba ellerinin en g\u00fczeli? Sesler mi \u00e7\u00f6z\u00fcl\u00fcyor derinde,Nedir [&hellip;]<\/p>\n","protected":false},"author":1,"featured_media":0,"comment_status":"open","ping_status":"open","sticky":false,"template":"","format":"standard","meta":{"footnotes":""},"categories":[28],"tags":[],"class_list":{"0":"post-941","1":"post","2":"type-post","3":"status-publish","4":"format-standard","6":"category-o-veli-kanik"},"yoast_head":"<!-- This site is optimized with the Yoast SEO Premium plugin v24.9 (Yoast SEO v24.9) - https:\/\/yoast.com\/wordpress\/plugins\/seo\/ -->\n<title>Ave Meria - narteks.net<\/title>\n<meta name=\"robots\" content=\"index, follow, max-snippet:-1, max-image-preview:large, max-video-preview:-1\" \/>\n<link rel=\"canonical\" href=\"https:\/\/narteks.net\/index.php\/2009\/11\/03\/ave-meria\/\" \/>\n<meta property=\"og:locale\" content=\"tr_TR\" \/>\n<meta property=\"og:type\" content=\"article\" \/>\n<meta property=\"og:title\" content=\"Ave Meria\" \/>\n<meta property=\"og:description\" content=\"\u00a0 R\u00fczgar tersine esiyor&#8230; Ni\u00e7in?Eski g\u00fcnler geri mi gelecek?K\u0131m\u0131ld\u0131yor kozas\u0131nda b\u00f6cekBildi\u011fi hayata do\u011fmak i\u00e7in. Neden i\u00e7imize doldu vehim?Ah \u00fcmit, \u00fcmit yollar boyuncaD\u00fc\u015f\u00fcnmez miydi ak\u015fam oluncaHacer&#8217;in kollar\u0131nda \u0130brahim Ve gemisinde Kleopatra?Neden yine kayna\u015ft\u0131 havalar?Saadet mi getiriyor r\u00fczgarDolarak erguvan atlaslara? Elimize de\u011fen kimin eli?Kimdir bu muammalarla gelen?O mu helezonlara y\u00fckselen,Saba ellerinin en g\u00fczeli? Sesler mi \u00e7\u00f6z\u00fcl\u00fcyor derinde,Nedir [&hellip;]\" \/>\n<meta property=\"og:url\" content=\"https:\/\/narteks.net\/index.php\/2009\/11\/03\/ave-meria\/\" \/>\n<meta property=\"og:site_name\" content=\"narteks.net\" \/>\n<meta property=\"article:published_time\" content=\"2009-11-03T10:37:59+00:00\" \/>\n<meta property=\"og:image\" content=\"https:\/\/narteks.net\/wp-content\/uploads\/narteks.png\" \/>\n\t<meta property=\"og:image:width\" content=\"300\" \/>\n\t<meta property=\"og:image:height\" content=\"90\" \/>\n\t<meta property=\"og:image:type\" content=\"image\/png\" \/>\n<meta name=\"author\" content=\"Tar\u0131k\" \/>\n<meta name=\"twitter:card\" content=\"summary_large_image\" \/>\n<meta name=\"twitter:creator\" content=\"@narteks\" \/>\n<meta name=\"twitter:site\" content=\"@narteks\" \/>\n<meta name=\"twitter:label1\" content=\"Yazan:\" \/>\n\t<meta name=\"twitter:data1\" content=\"Tar\u0131k\" \/>\n\t<meta name=\"twitter:label2\" content=\"Tahmini okuma s\u00fcresi\" \/>\n\t<meta name=\"twitter:data2\" content=\"1 dakika\" \/>\n<script type=\"application\/ld+json\" class=\"yoast-schema-graph\">{\"@context\":\"https:\/\/schema.org\",\"@graph\":[{\"@type\":\"Article\",\"@id\":\"https:\/\/narteks.net\/index.php\/2009\/11\/03\/ave-meria\/#article\",\"isPartOf\":{\"@id\":\"https:\/\/narteks.net\/index.php\/2009\/11\/03\/ave-meria\/\"},\"author\":{\"name\":\"Tar\u0131k\",\"@id\":\"https:\/\/narteks.net\/#\/schema\/person\/61f37d9834294b72d31d274e7ed79bca\"},\"headline\":\"Ave Meria\",\"datePublished\":\"2009-11-03T10:37:59+00:00\",\"mainEntityOfPage\":{\"@id\":\"https:\/\/narteks.net\/index.php\/2009\/11\/03\/ave-meria\/\"},\"wordCount\":126,\"commentCount\":0,\"publisher\":{\"@id\":\"https:\/\/narteks.net\/#organization\"},\"articleSection\":[\"O.Veli KANIK\"],\"inLanguage\":\"tr\",\"potentialAction\":[{\"@type\":\"CommentAction\",\"name\":\"Comment\",\"target\":[\"https:\/\/narteks.net\/index.php\/2009\/11\/03\/ave-meria\/#respond\"]}]},{\"@type\":\"WebPage\",\"@id\":\"https:\/\/narteks.net\/index.php\/2009\/11\/03\/ave-meria\/\",\"url\":\"https:\/\/narteks.net\/index.php\/2009\/11\/03\/ave-meria\/\",\"name\":\"Ave Meria - narteks.net\",\"isPartOf\":{\"@id\":\"https:\/\/narteks.net\/#website\"},\"datePublished\":\"2009-11-03T10:37:59+00:00\",\"breadcrumb\":{\"@id\":\"https:\/\/narteks.net\/index.php\/2009\/11\/03\/ave-meria\/#breadcrumb\"},\"inLanguage\":\"tr\",\"potentialAction\":[{\"@type\":\"ReadAction\",\"target\":[\"https:\/\/narteks.net\/index.php\/2009\/11\/03\/ave-meria\/\"]}]},{\"@type\":\"BreadcrumbList\",\"@id\":\"https:\/\/narteks.net\/index.php\/2009\/11\/03\/ave-meria\/#breadcrumb\",\"itemListElement\":[{\"@type\":\"ListItem\",\"position\":1,\"name\":\"Anasayfa\",\"item\":\"https:\/\/narteks.net\/\"},{\"@type\":\"ListItem\",\"position\":2,\"name\":\"Ave Meria\"}]},{\"@type\":\"WebSite\",\"@id\":\"https:\/\/narteks.net\/#website\",\"url\":\"https:\/\/narteks.net\/\",\"name\":\"narteks.net\",\"description\":\"K\u00fclt\u00fcr Sanat Edebiyat Felsefe\",\"publisher\":{\"@id\":\"https:\/\/narteks.net\/#organization\"},\"alternateName\":\"K\u00fclt\u00fcr Sanat Edebiyat Felsefe\",\"potentialAction\":[{\"@type\":\"SearchAction\",\"target\":{\"@type\":\"EntryPoint\",\"urlTemplate\":\"https:\/\/narteks.net\/?s={search_term_string}\"},\"query-input\":{\"@type\":\"PropertyValueSpecification\",\"valueRequired\":true,\"valueName\":\"search_term_string\"}}],\"inLanguage\":\"tr\"},{\"@type\":\"Organization\",\"@id\":\"https:\/\/narteks.net\/#organization\",\"name\":\"narteks.net\",\"url\":\"https:\/\/narteks.net\/\",\"logo\":{\"@type\":\"ImageObject\",\"inLanguage\":\"tr\",\"@id\":\"https:\/\/narteks.net\/#\/schema\/logo\/image\/\",\"url\":\"https:\/\/narteks.net\/wp-content\/uploads\/narteks.png\",\"contentUrl\":\"https:\/\/narteks.net\/wp-content\/uploads\/narteks.png\",\"width\":300,\"height\":90,\"caption\":\"narteks.net\"},\"image\":{\"@id\":\"https:\/\/narteks.net\/#\/schema\/logo\/image\/\"},\"sameAs\":[\"https:\/\/x.com\/narteks\",\"https:\/\/instagram.com\/narteksnet\"]},{\"@type\":\"Person\",\"@id\":\"https:\/\/narteks.net\/#\/schema\/person\/61f37d9834294b72d31d274e7ed79bca\",\"name\":\"Tar\u0131k\",\"image\":{\"@type\":\"ImageObject\",\"inLanguage\":\"tr\",\"@id\":\"https:\/\/narteks.net\/#\/schema\/person\/image\/\",\"url\":\"https:\/\/secure.gravatar.com\/avatar\/50865afb55632c4ae467e0af0930f6510aa2297d8014be502a55b14f3b7550cf?s=96&d=mm&r=g\",\"contentUrl\":\"https:\/\/secure.gravatar.com\/avatar\/50865afb55632c4ae467e0af0930f6510aa2297d8014be502a55b14f3b7550cf?s=96&d=mm&r=g\",\"caption\":\"Tar\u0131k\"},\"sameAs\":[\"http:\/\/narteks.net\"],\"url\":\"https:\/\/narteks.net\/index.php\/author\/narbak\/\"}]}<\/script>\n<!-- \/ Yoast SEO Premium plugin. -->","yoast_head_json":{"title":"Ave Meria - narteks.net","robots":{"index":"index","follow":"follow","max-snippet":"max-snippet:-1","max-image-preview":"max-image-preview:large","max-video-preview":"max-video-preview:-1"},"canonical":"https:\/\/narteks.net\/index.php\/2009\/11\/03\/ave-meria\/","og_locale":"tr_TR","og_type":"article","og_title":"Ave Meria","og_description":"\u00a0 R\u00fczgar tersine esiyor&#8230; Ni\u00e7in?Eski g\u00fcnler geri mi gelecek?K\u0131m\u0131ld\u0131yor kozas\u0131nda b\u00f6cekBildi\u011fi hayata do\u011fmak i\u00e7in. Neden i\u00e7imize doldu vehim?Ah \u00fcmit, \u00fcmit yollar boyuncaD\u00fc\u015f\u00fcnmez miydi ak\u015fam oluncaHacer&#8217;in kollar\u0131nda \u0130brahim Ve gemisinde Kleopatra?Neden yine kayna\u015ft\u0131 havalar?Saadet mi getiriyor r\u00fczgarDolarak erguvan atlaslara? Elimize de\u011fen kimin eli?Kimdir bu muammalarla gelen?O mu helezonlara y\u00fckselen,Saba ellerinin en g\u00fczeli? Sesler mi \u00e7\u00f6z\u00fcl\u00fcyor derinde,Nedir [&hellip;]","og_url":"https:\/\/narteks.net\/index.php\/2009\/11\/03\/ave-meria\/","og_site_name":"narteks.net","article_published_time":"2009-11-03T10:37:59+00:00","og_image":[{"width":300,"height":90,"url":"https:\/\/narteks.net\/wp-content\/uploads\/narteks.png","type":"image\/png"}],"author":"Tar\u0131k","twitter_card":"summary_large_image","twitter_creator":"@narteks","twitter_site":"@narteks","twitter_misc":{"Yazan:":"Tar\u0131k","Tahmini okuma s\u00fcresi":"1 dakika"},"schema":{"@context":"https:\/\/schema.org","@graph":[{"@type":"Article","@id":"https:\/\/narteks.net\/index.php\/2009\/11\/03\/ave-meria\/#article","isPartOf":{"@id":"https:\/\/narteks.net\/index.php\/2009\/11\/03\/ave-meria\/"},"author":{"name":"Tar\u0131k","@id":"https:\/\/narteks.net\/#\/schema\/person\/61f37d9834294b72d31d274e7ed79bca"},"headline":"Ave Meria","datePublished":"2009-11-03T10:37:59+00:00","mainEntityOfPage":{"@id":"https:\/\/narteks.net\/index.php\/2009\/11\/03\/ave-meria\/"},"wordCount":126,"commentCount":0,"publisher":{"@id":"https:\/\/narteks.net\/#organization"},"articleSection":["O.Veli KANIK"],"inLanguage":"tr","potentialAction":[{"@type":"CommentAction","name":"Comment","target":["https:\/\/narteks.net\/index.php\/2009\/11\/03\/ave-meria\/#respond"]}]},{"@type":"WebPage","@id":"https:\/\/narteks.net\/index.php\/2009\/11\/03\/ave-meria\/","url":"https:\/\/narteks.net\/index.php\/2009\/11\/03\/ave-meria\/","name":"Ave Meria - narteks.net","isPartOf":{"@id":"https:\/\/narteks.net\/#website"},"datePublished":"2009-11-03T10:37:59+00:00","breadcrumb":{"@id":"https:\/\/narteks.net\/index.php\/2009\/11\/03\/ave-meria\/#breadcrumb"},"inLanguage":"tr","potentialAction":[{"@type":"ReadAction","target":["https:\/\/narteks.net\/index.php\/2009\/11\/03\/ave-meria\/"]}]},{"@type":"BreadcrumbList","@id":"https:\/\/narteks.net\/index.php\/2009\/11\/03\/ave-meria\/#breadcrumb","itemListElement":[{"@type":"ListItem","position":1,"name":"Anasayfa","item":"https:\/\/narteks.net\/"},{"@type":"ListItem","position":2,"name":"Ave Meria"}]},{"@type":"WebSite","@id":"https:\/\/narteks.net\/#website","url":"https:\/\/narteks.net\/","name":"narteks.net","description":"K\u00fclt\u00fcr Sanat Edebiyat Felsefe","publisher":{"@id":"https:\/\/narteks.net\/#organization"},"alternateName":"K\u00fclt\u00fcr Sanat Edebiyat Felsefe","potentialAction":[{"@type":"SearchAction","target":{"@type":"EntryPoint","urlTemplate":"https:\/\/narteks.net\/?s={search_term_string}"},"query-input":{"@type":"PropertyValueSpecification","valueRequired":true,"valueName":"search_term_string"}}],"inLanguage":"tr"},{"@type":"Organization","@id":"https:\/\/narteks.net\/#organization","name":"narteks.net","url":"https:\/\/narteks.net\/","logo":{"@type":"ImageObject","inLanguage":"tr","@id":"https:\/\/narteks.net\/#\/schema\/logo\/image\/","url":"https:\/\/narteks.net\/wp-content\/uploads\/narteks.png","contentUrl":"https:\/\/narteks.net\/wp-content\/uploads\/narteks.png","width":300,"height":90,"caption":"narteks.net"},"image":{"@id":"https:\/\/narteks.net\/#\/schema\/logo\/image\/"},"sameAs":["https:\/\/x.com\/narteks","https:\/\/instagram.com\/narteksnet"]},{"@type":"Person","@id":"https:\/\/narteks.net\/#\/schema\/person\/61f37d9834294b72d31d274e7ed79bca","name":"Tar\u0131k","image":{"@type":"ImageObject","inLanguage":"tr","@id":"https:\/\/narteks.net\/#\/schema\/person\/image\/","url":"https:\/\/secure.gravatar.com\/avatar\/50865afb55632c4ae467e0af0930f6510aa2297d8014be502a55b14f3b7550cf?s=96&d=mm&r=g","contentUrl":"https:\/\/secure.gravatar.com\/avatar\/50865afb55632c4ae467e0af0930f6510aa2297d8014be502a55b14f3b7550cf?s=96&d=mm&r=g","caption":"Tar\u0131k"},"sameAs":["http:\/\/narteks.net"],"url":"https:\/\/narteks.net\/index.php\/author\/narbak\/"}]}},"_links":{"self":[{"href":"https:\/\/narteks.net\/index.php\/wp-json\/wp\/v2\/posts\/941","targetHints":{"allow":["GET"]}}],"collection":[{"href":"https:\/\/narteks.net\/index.php\/wp-json\/wp\/v2\/posts"}],"about":[{"href":"https:\/\/narteks.net\/index.php\/wp-json\/wp\/v2\/types\/post"}],"author":[{"embeddable":true,"href":"https:\/\/narteks.net\/index.php\/wp-json\/wp\/v2\/users\/1"}],"replies":[{"embeddable":true,"href":"https:\/\/narteks.net\/index.php\/wp-json\/wp\/v2\/comments?post=941"}],"version-history":[{"count":0,"href":"https:\/\/narteks.net\/index.php\/wp-json\/wp\/v2\/posts\/941\/revisions"}],"wp:attachment":[{"href":"https:\/\/narteks.net\/index.php\/wp-json\/wp\/v2\/media?parent=941"}],"wp:term":[{"taxonomy":"category","embeddable":true,"href":"https:\/\/narteks.net\/index.php\/wp-json\/wp\/v2\/categories?post=941"},{"taxonomy":"post_tag","embeddable":true,"href":"https:\/\/narteks.net\/index.php\/wp-json\/wp\/v2\/tags?post=941"}],"curies":[{"name":"wp","href":"https:\/\/api.w.org\/{rel}","templated":true}]}}