{"id":953,"date":"2009-11-03T13:46:57","date_gmt":"2009-11-03T10:46:57","guid":{"rendered":"http:\/\/localhost\/wordpress\/2009\/11\/03\/istanbulu-dinliyorum\/"},"modified":"2009-11-03T13:46:57","modified_gmt":"2009-11-03T10:46:57","slug":"istanbulu-dinliyorum","status":"publish","type":"post","link":"https:\/\/narteks.net\/index.php\/2009\/11\/03\/istanbulu-dinliyorum\/","title":{"rendered":"\u0130stanbul&#8217;u Dinliyorum"},"content":{"rendered":"<p>\u00a0<\/p>\n<p>\u0130stanbul&#8217;u dinliyorum, g\u00f6zlerim kapal\u0131<br \/>\u00d6nce hafiften bir r\u00fczgar esiyor;<br \/>Yava\u015f yava\u015f sallan\u0131yor<br \/>Yapraklar, a\u011fa\u00e7larda;<br \/>Uzaklarda, \u00e7ok uzaklarda,<br \/>Sucular\u0131n hi\u00e7 durmayan \u00e7\u0131ng\u0131raklar\u0131<br \/>\u0130stanbul&#8217;u dinliyorum, g\u00f6zlerim kapal\u0131.<\/p>\n<p>\u0130stanbul&#8217;u dinliyorum, g\u00f6zlerim kapal\u0131;<br \/>Ku\u015flar ge\u00e7iyor, derken;<br \/>Y\u00fckseklerden, s\u00fcr\u00fc s\u00fcr\u00fc, \u00e7\u0131\u011fl\u0131k \u00e7\u0131\u011fl\u0131k.<br \/>A\u011flar \u00e7ekiliyor dalyanlarda;<br \/>Bir kad\u0131n\u0131n suya de\u011fiyor ayaklar\u0131;<br \/>\u0130stanbul&#8217;u dinliyorum, g\u00f6zlerim kapal\u0131.<\/p>\n<p>\u0130stanbul&#8217;u dinliyorum, g\u00f6zlerim kapal\u0131;<br \/>Serin serin Kapal\u0131\u00e7ar\u015f\u0131<br \/>C\u0131v\u0131l c\u0131v\u0131l Mahmutpa\u015fa<br \/>G\u00fcvercin dolu avlular<br \/>\u00c7eki\u00e7 sesleri geliyor doklardan<br \/>G\u00fczelim bahar r\u00fczgar\u0131nda ter kokular\u0131;<br \/>\u0130stanbul&#8217;u dinliyorum, g\u00f6zlerim kapal\u0131.<\/p>\n<p>\u0130stanbul&#8217;u dinliyorum, g\u00f6zlerim kapal\u0131;<br \/>Ba\u015f\u0131mda eski alemlerin sarho\u015flu\u011fu<br \/>Lo\u015f kay\u0131khaneleriyle bir yal\u0131;<br \/>Dinmi\u015f lodoslar\u0131n u\u011fultusu i\u00e7inde<br \/>\u0130stanbul&#8217;u dinliyorum, g\u00f6zlerim kapal\u0131.<\/p>\n<p>\u0130stanbul&#8217;u dinliyorum, g\u00f6zlerim kapal\u0131;<br \/>Bir yosma ge\u00e7iyor kald\u0131r\u0131mdan;<br \/>K\u00fcf\u00fcrler, \u015fark\u0131lar, t\u00fcrk\u00fcler, laf atmalar.<br \/>Bir\u015fey d\u00fc\u015f\u00fcyor elinden yere;<br \/>Bir g\u00fcl olmal\u0131;<br \/>\u0130stanbul&#8217;u dinliyorum, g\u00f6zlerim kapal\u0131.<\/p>\n<p>\u0130stanbul&#8217;u dinliyorum, g\u00f6zlerim kapal\u0131;<br \/>Bir ku\u015f \u00e7\u0131rp\u0131n\u0131yor eteklerinde;<br \/>Aln\u0131n s\u0131cak m\u0131, de\u011fil mi, biliyorum;<br \/>Dudaklar\u0131n \u0131slak m\u0131, de\u011fil mi, biliyorum;<br \/>Beyaz bir ay do\u011fuyor f\u0131st\u0131klar\u0131n arkas\u0131ndan<br \/>Kalbinin vuru\u015fundan anl\u0131yorum;<br \/>\u0130stanbul&#8217;u dinliyorum.<\/p>\n<p>Orhan Veli KANIK<\/p>\n","protected":false},"excerpt":{"rendered":"<p>\u00a0 \u0130stanbul&#8217;u dinliyorum, g\u00f6zlerim kapal\u0131\u00d6nce hafiften bir r\u00fczgar esiyor;Yava\u015f yava\u015f sallan\u0131yorYapraklar, a\u011fa\u00e7larda;Uzaklarda, \u00e7ok uzaklarda,Sucular\u0131n hi\u00e7 durmayan \u00e7\u0131ng\u0131raklar\u0131\u0130stanbul&#8217;u dinliyorum, g\u00f6zlerim kapal\u0131. \u0130stanbul&#8217;u dinliyorum, g\u00f6zlerim kapal\u0131;Ku\u015flar ge\u00e7iyor, derken;Y\u00fckseklerden, s\u00fcr\u00fc s\u00fcr\u00fc, \u00e7\u0131\u011fl\u0131k \u00e7\u0131\u011fl\u0131k.A\u011flar \u00e7ekiliyor dalyanlarda;Bir kad\u0131n\u0131n suya de\u011fiyor ayaklar\u0131;\u0130stanbul&#8217;u dinliyorum, g\u00f6zlerim kapal\u0131. \u0130stanbul&#8217;u dinliyorum, g\u00f6zlerim kapal\u0131;Serin serin Kapal\u0131\u00e7ar\u015f\u0131C\u0131v\u0131l c\u0131v\u0131l Mahmutpa\u015faG\u00fcvercin dolu avlular\u00c7eki\u00e7 sesleri geliyor doklardanG\u00fczelim bahar r\u00fczgar\u0131nda ter [&hellip;]<\/p>\n","protected":false},"author":1,"featured_media":0,"comment_status":"open","ping_status":"open","sticky":false,"template":"","format":"standard","meta":{"footnotes":""},"categories":[28],"tags":[],"class_list":{"0":"post-953","1":"post","2":"type-post","3":"status-publish","4":"format-standard","6":"category-o-veli-kanik"},"yoast_head":"<!-- This site is optimized with the Yoast SEO Premium plugin v24.9 (Yoast SEO v24.9) - https:\/\/yoast.com\/wordpress\/plugins\/seo\/ -->\n<title>\u0130stanbul&#039;u Dinliyorum - narteks.net<\/title>\n<meta name=\"robots\" content=\"index, follow, max-snippet:-1, max-image-preview:large, max-video-preview:-1\" \/>\n<link rel=\"canonical\" href=\"https:\/\/narteks.net\/index.php\/2009\/11\/03\/istanbulu-dinliyorum\/\" \/>\n<meta property=\"og:locale\" content=\"tr_TR\" \/>\n<meta property=\"og:type\" content=\"article\" \/>\n<meta property=\"og:title\" content=\"\u0130stanbul&#039;u Dinliyorum\" \/>\n<meta property=\"og:description\" content=\"\u00a0 \u0130stanbul&#8217;u dinliyorum, g\u00f6zlerim kapal\u0131\u00d6nce hafiften bir r\u00fczgar esiyor;Yava\u015f yava\u015f sallan\u0131yorYapraklar, a\u011fa\u00e7larda;Uzaklarda, \u00e7ok uzaklarda,Sucular\u0131n hi\u00e7 durmayan \u00e7\u0131ng\u0131raklar\u0131\u0130stanbul&#8217;u dinliyorum, g\u00f6zlerim kapal\u0131. \u0130stanbul&#8217;u dinliyorum, g\u00f6zlerim kapal\u0131;Ku\u015flar ge\u00e7iyor, derken;Y\u00fckseklerden, s\u00fcr\u00fc s\u00fcr\u00fc, \u00e7\u0131\u011fl\u0131k \u00e7\u0131\u011fl\u0131k.A\u011flar \u00e7ekiliyor dalyanlarda;Bir kad\u0131n\u0131n suya de\u011fiyor ayaklar\u0131;\u0130stanbul&#8217;u dinliyorum, g\u00f6zlerim kapal\u0131. \u0130stanbul&#8217;u dinliyorum, g\u00f6zlerim kapal\u0131;Serin serin Kapal\u0131\u00e7ar\u015f\u0131C\u0131v\u0131l c\u0131v\u0131l Mahmutpa\u015faG\u00fcvercin dolu avlular\u00c7eki\u00e7 sesleri geliyor doklardanG\u00fczelim bahar r\u00fczgar\u0131nda ter [&hellip;]\" \/>\n<meta property=\"og:url\" content=\"https:\/\/narteks.net\/index.php\/2009\/11\/03\/istanbulu-dinliyorum\/\" \/>\n<meta property=\"og:site_name\" content=\"narteks.net\" \/>\n<meta property=\"article:published_time\" content=\"2009-11-03T10:46:57+00:00\" \/>\n<meta property=\"og:image\" content=\"https:\/\/narteks.net\/wp-content\/uploads\/narteks.png\" \/>\n\t<meta property=\"og:image:width\" content=\"300\" \/>\n\t<meta property=\"og:image:height\" content=\"90\" \/>\n\t<meta property=\"og:image:type\" content=\"image\/png\" \/>\n<meta name=\"author\" content=\"Tar\u0131k\" \/>\n<meta name=\"twitter:card\" content=\"summary_large_image\" \/>\n<meta name=\"twitter:creator\" content=\"@narteks\" \/>\n<meta name=\"twitter:site\" content=\"@narteks\" \/>\n<meta name=\"twitter:label1\" content=\"Yazan:\" \/>\n\t<meta name=\"twitter:data1\" content=\"Tar\u0131k\" \/>\n\t<meta name=\"twitter:label2\" content=\"Tahmini okuma s\u00fcresi\" \/>\n\t<meta name=\"twitter:data2\" content=\"1 dakika\" \/>\n<script type=\"application\/ld+json\" class=\"yoast-schema-graph\">{\"@context\":\"https:\/\/schema.org\",\"@graph\":[{\"@type\":\"Article\",\"@id\":\"https:\/\/narteks.net\/index.php\/2009\/11\/03\/istanbulu-dinliyorum\/#article\",\"isPartOf\":{\"@id\":\"https:\/\/narteks.net\/index.php\/2009\/11\/03\/istanbulu-dinliyorum\/\"},\"author\":{\"name\":\"Tar\u0131k\",\"@id\":\"https:\/\/narteks.net\/#\/schema\/person\/61f37d9834294b72d31d274e7ed79bca\"},\"headline\":\"\u0130stanbul&#8217;u Dinliyorum\",\"datePublished\":\"2009-11-03T10:46:57+00:00\",\"mainEntityOfPage\":{\"@id\":\"https:\/\/narteks.net\/index.php\/2009\/11\/03\/istanbulu-dinliyorum\/\"},\"wordCount\":220,\"commentCount\":0,\"publisher\":{\"@id\":\"https:\/\/narteks.net\/#organization\"},\"articleSection\":[\"O.Veli KANIK\"],\"inLanguage\":\"tr\",\"potentialAction\":[{\"@type\":\"CommentAction\",\"name\":\"Comment\",\"target\":[\"https:\/\/narteks.net\/index.php\/2009\/11\/03\/istanbulu-dinliyorum\/#respond\"]}]},{\"@type\":\"WebPage\",\"@id\":\"https:\/\/narteks.net\/index.php\/2009\/11\/03\/istanbulu-dinliyorum\/\",\"url\":\"https:\/\/narteks.net\/index.php\/2009\/11\/03\/istanbulu-dinliyorum\/\",\"name\":\"\u0130stanbul'u Dinliyorum - narteks.net\",\"isPartOf\":{\"@id\":\"https:\/\/narteks.net\/#website\"},\"datePublished\":\"2009-11-03T10:46:57+00:00\",\"breadcrumb\":{\"@id\":\"https:\/\/narteks.net\/index.php\/2009\/11\/03\/istanbulu-dinliyorum\/#breadcrumb\"},\"inLanguage\":\"tr\",\"potentialAction\":[{\"@type\":\"ReadAction\",\"target\":[\"https:\/\/narteks.net\/index.php\/2009\/11\/03\/istanbulu-dinliyorum\/\"]}]},{\"@type\":\"BreadcrumbList\",\"@id\":\"https:\/\/narteks.net\/index.php\/2009\/11\/03\/istanbulu-dinliyorum\/#breadcrumb\",\"itemListElement\":[{\"@type\":\"ListItem\",\"position\":1,\"name\":\"Anasayfa\",\"item\":\"https:\/\/narteks.net\/\"},{\"@type\":\"ListItem\",\"position\":2,\"name\":\"\u0130stanbul&#8217;u Dinliyorum\"}]},{\"@type\":\"WebSite\",\"@id\":\"https:\/\/narteks.net\/#website\",\"url\":\"https:\/\/narteks.net\/\",\"name\":\"narteks.net\",\"description\":\"K\u00fclt\u00fcr Sanat Edebiyat Felsefe\",\"publisher\":{\"@id\":\"https:\/\/narteks.net\/#organization\"},\"alternateName\":\"K\u00fclt\u00fcr Sanat Edebiyat Felsefe\",\"potentialAction\":[{\"@type\":\"SearchAction\",\"target\":{\"@type\":\"EntryPoint\",\"urlTemplate\":\"https:\/\/narteks.net\/?s={search_term_string}\"},\"query-input\":{\"@type\":\"PropertyValueSpecification\",\"valueRequired\":true,\"valueName\":\"search_term_string\"}}],\"inLanguage\":\"tr\"},{\"@type\":\"Organization\",\"@id\":\"https:\/\/narteks.net\/#organization\",\"name\":\"narteks.net\",\"url\":\"https:\/\/narteks.net\/\",\"logo\":{\"@type\":\"ImageObject\",\"inLanguage\":\"tr\",\"@id\":\"https:\/\/narteks.net\/#\/schema\/logo\/image\/\",\"url\":\"https:\/\/narteks.net\/wp-content\/uploads\/narteks.png\",\"contentUrl\":\"https:\/\/narteks.net\/wp-content\/uploads\/narteks.png\",\"width\":300,\"height\":90,\"caption\":\"narteks.net\"},\"image\":{\"@id\":\"https:\/\/narteks.net\/#\/schema\/logo\/image\/\"},\"sameAs\":[\"https:\/\/x.com\/narteks\",\"https:\/\/instagram.com\/narteksnet\"]},{\"@type\":\"Person\",\"@id\":\"https:\/\/narteks.net\/#\/schema\/person\/61f37d9834294b72d31d274e7ed79bca\",\"name\":\"Tar\u0131k\",\"image\":{\"@type\":\"ImageObject\",\"inLanguage\":\"tr\",\"@id\":\"https:\/\/narteks.net\/#\/schema\/person\/image\/\",\"url\":\"https:\/\/secure.gravatar.com\/avatar\/50865afb55632c4ae467e0af0930f6510aa2297d8014be502a55b14f3b7550cf?s=96&d=mm&r=g\",\"contentUrl\":\"https:\/\/secure.gravatar.com\/avatar\/50865afb55632c4ae467e0af0930f6510aa2297d8014be502a55b14f3b7550cf?s=96&d=mm&r=g\",\"caption\":\"Tar\u0131k\"},\"sameAs\":[\"http:\/\/narteks.net\"],\"url\":\"https:\/\/narteks.net\/index.php\/author\/narbak\/\"}]}<\/script>\n<!-- \/ Yoast SEO Premium plugin. -->","yoast_head_json":{"title":"\u0130stanbul'u Dinliyorum - narteks.net","robots":{"index":"index","follow":"follow","max-snippet":"max-snippet:-1","max-image-preview":"max-image-preview:large","max-video-preview":"max-video-preview:-1"},"canonical":"https:\/\/narteks.net\/index.php\/2009\/11\/03\/istanbulu-dinliyorum\/","og_locale":"tr_TR","og_type":"article","og_title":"\u0130stanbul'u Dinliyorum","og_description":"\u00a0 \u0130stanbul&#8217;u dinliyorum, g\u00f6zlerim kapal\u0131\u00d6nce hafiften bir r\u00fczgar esiyor;Yava\u015f yava\u015f sallan\u0131yorYapraklar, a\u011fa\u00e7larda;Uzaklarda, \u00e7ok uzaklarda,Sucular\u0131n hi\u00e7 durmayan \u00e7\u0131ng\u0131raklar\u0131\u0130stanbul&#8217;u dinliyorum, g\u00f6zlerim kapal\u0131. \u0130stanbul&#8217;u dinliyorum, g\u00f6zlerim kapal\u0131;Ku\u015flar ge\u00e7iyor, derken;Y\u00fckseklerden, s\u00fcr\u00fc s\u00fcr\u00fc, \u00e7\u0131\u011fl\u0131k \u00e7\u0131\u011fl\u0131k.A\u011flar \u00e7ekiliyor dalyanlarda;Bir kad\u0131n\u0131n suya de\u011fiyor ayaklar\u0131;\u0130stanbul&#8217;u dinliyorum, g\u00f6zlerim kapal\u0131. \u0130stanbul&#8217;u dinliyorum, g\u00f6zlerim kapal\u0131;Serin serin Kapal\u0131\u00e7ar\u015f\u0131C\u0131v\u0131l c\u0131v\u0131l Mahmutpa\u015faG\u00fcvercin dolu avlular\u00c7eki\u00e7 sesleri geliyor doklardanG\u00fczelim bahar r\u00fczgar\u0131nda ter [&hellip;]","og_url":"https:\/\/narteks.net\/index.php\/2009\/11\/03\/istanbulu-dinliyorum\/","og_site_name":"narteks.net","article_published_time":"2009-11-03T10:46:57+00:00","og_image":[{"width":300,"height":90,"url":"https:\/\/narteks.net\/wp-content\/uploads\/narteks.png","type":"image\/png"}],"author":"Tar\u0131k","twitter_card":"summary_large_image","twitter_creator":"@narteks","twitter_site":"@narteks","twitter_misc":{"Yazan:":"Tar\u0131k","Tahmini okuma s\u00fcresi":"1 dakika"},"schema":{"@context":"https:\/\/schema.org","@graph":[{"@type":"Article","@id":"https:\/\/narteks.net\/index.php\/2009\/11\/03\/istanbulu-dinliyorum\/#article","isPartOf":{"@id":"https:\/\/narteks.net\/index.php\/2009\/11\/03\/istanbulu-dinliyorum\/"},"author":{"name":"Tar\u0131k","@id":"https:\/\/narteks.net\/#\/schema\/person\/61f37d9834294b72d31d274e7ed79bca"},"headline":"\u0130stanbul&#8217;u Dinliyorum","datePublished":"2009-11-03T10:46:57+00:00","mainEntityOfPage":{"@id":"https:\/\/narteks.net\/index.php\/2009\/11\/03\/istanbulu-dinliyorum\/"},"wordCount":220,"commentCount":0,"publisher":{"@id":"https:\/\/narteks.net\/#organization"},"articleSection":["O.Veli KANIK"],"inLanguage":"tr","potentialAction":[{"@type":"CommentAction","name":"Comment","target":["https:\/\/narteks.net\/index.php\/2009\/11\/03\/istanbulu-dinliyorum\/#respond"]}]},{"@type":"WebPage","@id":"https:\/\/narteks.net\/index.php\/2009\/11\/03\/istanbulu-dinliyorum\/","url":"https:\/\/narteks.net\/index.php\/2009\/11\/03\/istanbulu-dinliyorum\/","name":"\u0130stanbul'u Dinliyorum - narteks.net","isPartOf":{"@id":"https:\/\/narteks.net\/#website"},"datePublished":"2009-11-03T10:46:57+00:00","breadcrumb":{"@id":"https:\/\/narteks.net\/index.php\/2009\/11\/03\/istanbulu-dinliyorum\/#breadcrumb"},"inLanguage":"tr","potentialAction":[{"@type":"ReadAction","target":["https:\/\/narteks.net\/index.php\/2009\/11\/03\/istanbulu-dinliyorum\/"]}]},{"@type":"BreadcrumbList","@id":"https:\/\/narteks.net\/index.php\/2009\/11\/03\/istanbulu-dinliyorum\/#breadcrumb","itemListElement":[{"@type":"ListItem","position":1,"name":"Anasayfa","item":"https:\/\/narteks.net\/"},{"@type":"ListItem","position":2,"name":"\u0130stanbul&#8217;u Dinliyorum"}]},{"@type":"WebSite","@id":"https:\/\/narteks.net\/#website","url":"https:\/\/narteks.net\/","name":"narteks.net","description":"K\u00fclt\u00fcr Sanat Edebiyat Felsefe","publisher":{"@id":"https:\/\/narteks.net\/#organization"},"alternateName":"K\u00fclt\u00fcr Sanat Edebiyat Felsefe","potentialAction":[{"@type":"SearchAction","target":{"@type":"EntryPoint","urlTemplate":"https:\/\/narteks.net\/?s={search_term_string}"},"query-input":{"@type":"PropertyValueSpecification","valueRequired":true,"valueName":"search_term_string"}}],"inLanguage":"tr"},{"@type":"Organization","@id":"https:\/\/narteks.net\/#organization","name":"narteks.net","url":"https:\/\/narteks.net\/","logo":{"@type":"ImageObject","inLanguage":"tr","@id":"https:\/\/narteks.net\/#\/schema\/logo\/image\/","url":"https:\/\/narteks.net\/wp-content\/uploads\/narteks.png","contentUrl":"https:\/\/narteks.net\/wp-content\/uploads\/narteks.png","width":300,"height":90,"caption":"narteks.net"},"image":{"@id":"https:\/\/narteks.net\/#\/schema\/logo\/image\/"},"sameAs":["https:\/\/x.com\/narteks","https:\/\/instagram.com\/narteksnet"]},{"@type":"Person","@id":"https:\/\/narteks.net\/#\/schema\/person\/61f37d9834294b72d31d274e7ed79bca","name":"Tar\u0131k","image":{"@type":"ImageObject","inLanguage":"tr","@id":"https:\/\/narteks.net\/#\/schema\/person\/image\/","url":"https:\/\/secure.gravatar.com\/avatar\/50865afb55632c4ae467e0af0930f6510aa2297d8014be502a55b14f3b7550cf?s=96&d=mm&r=g","contentUrl":"https:\/\/secure.gravatar.com\/avatar\/50865afb55632c4ae467e0af0930f6510aa2297d8014be502a55b14f3b7550cf?s=96&d=mm&r=g","caption":"Tar\u0131k"},"sameAs":["http:\/\/narteks.net"],"url":"https:\/\/narteks.net\/index.php\/author\/narbak\/"}]}},"_links":{"self":[{"href":"https:\/\/narteks.net\/index.php\/wp-json\/wp\/v2\/posts\/953","targetHints":{"allow":["GET"]}}],"collection":[{"href":"https:\/\/narteks.net\/index.php\/wp-json\/wp\/v2\/posts"}],"about":[{"href":"https:\/\/narteks.net\/index.php\/wp-json\/wp\/v2\/types\/post"}],"author":[{"embeddable":true,"href":"https:\/\/narteks.net\/index.php\/wp-json\/wp\/v2\/users\/1"}],"replies":[{"embeddable":true,"href":"https:\/\/narteks.net\/index.php\/wp-json\/wp\/v2\/comments?post=953"}],"version-history":[{"count":0,"href":"https:\/\/narteks.net\/index.php\/wp-json\/wp\/v2\/posts\/953\/revisions"}],"wp:attachment":[{"href":"https:\/\/narteks.net\/index.php\/wp-json\/wp\/v2\/media?parent=953"}],"wp:term":[{"taxonomy":"category","embeddable":true,"href":"https:\/\/narteks.net\/index.php\/wp-json\/wp\/v2\/categories?post=953"},{"taxonomy":"post_tag","embeddable":true,"href":"https:\/\/narteks.net\/index.php\/wp-json\/wp\/v2\/tags?post=953"}],"curies":[{"name":"wp","href":"https:\/\/api.w.org\/{rel}","templated":true}]}}