{"id":959,"date":"2009-11-03T14:53:55","date_gmt":"2009-11-03T11:53:55","guid":{"rendered":"http:\/\/localhost\/wordpress\/2009\/11\/03\/aksam-baligin-karninda-bekliyor\/"},"modified":"2009-11-03T14:53:55","modified_gmt":"2009-11-03T11:53:55","slug":"aksam-baligin-karninda-bekliyor","status":"publish","type":"post","link":"https:\/\/narteks.net\/index.php\/2009\/11\/03\/aksam-baligin-karninda-bekliyor\/","title":{"rendered":"AK\u015eAM BALI\u011eIN KARNINDA BEKL\u0130YOR"},"content":{"rendered":"<p>\u00a0<\/p>\n<p>Bir ya\u011fmurla \u00e7\u0131k\u0131yor r\u0131ht\u0131m\u0131na <br \/>s\u0131k\u0131nt\u0131n\u0131n, b\u00fcy\u00fck kay\u0131klar\u0131n <br \/>d\u00f6n\u00fc\u015f\u00fcn\u00fc g\u00f6zl\u00fcyordu, <br \/>ak\u015fam bal\u0131\u011f\u0131n karn\u0131nda bekliyor. <br \/>Fitili t\u00fct\u00fcyordu servilerin <br \/>ve yaz\u0131lar dallar aras\u0131nda.<\/p>\n<p>Mahallenin deniz koktu\u011fu <br \/>kamburun atla dola\u015ft\u0131\u011f\u0131 <br \/>saatlerin saatlere benzedi\u011fi <br \/>bir g\u00fcnde bekliyordu <br \/>insanlar\u0131n d\u00f6nmesini oraya <br \/>oysa bir delik kal\u0131yordu <br \/>yerinde umutlar\u0131n, kara bir yelken <br \/>yar\u0131n\u0131 olmayan iskelede. <br \/>Mevsim, tonozlar\u0131n alt\u0131ndan <br \/>ge\u00e7erek bas\u0131yordu topra\u011fa, <br \/>\u00e7\u00f6p y\u0131\u011f\u0131nlar\u0131 le\u015fler <br \/>yeni s\u00f6zc\u00fckler otta ve yaprakta <br \/>yabanc\u0131 bir k\u0131p\u0131rt\u0131 ruhumuzda. <\/p>\n<p>Bir t\u00fcy d\u00fc\u015f\u00fcyordu suya <br \/>karayelin di\u015flerinden ge\u00e7irdi\u011fi. <\/p>\n<p>Ak\u015fam bal\u0131\u011f\u0131n karn\u0131nda bekliyor.<\/p>\n<p>Oktay Rifat HOROZCU<\/p>\n","protected":false},"excerpt":{"rendered":"<p>\u00a0 Bir ya\u011fmurla \u00e7\u0131k\u0131yor r\u0131ht\u0131m\u0131na s\u0131k\u0131nt\u0131n\u0131n, b\u00fcy\u00fck kay\u0131klar\u0131n d\u00f6n\u00fc\u015f\u00fcn\u00fc g\u00f6zl\u00fcyordu, ak\u015fam bal\u0131\u011f\u0131n karn\u0131nda bekliyor. Fitili t\u00fct\u00fcyordu servilerin ve yaz\u0131lar dallar aras\u0131nda. Mahallenin deniz koktu\u011fu kamburun atla dola\u015ft\u0131\u011f\u0131 saatlerin saatlere benzedi\u011fi bir g\u00fcnde bekliyordu insanlar\u0131n d\u00f6nmesini oraya oysa bir delik kal\u0131yordu yerinde umutlar\u0131n, kara bir yelken yar\u0131n\u0131 olmayan iskelede. Mevsim, tonozlar\u0131n alt\u0131ndan ge\u00e7erek bas\u0131yordu topra\u011fa, \u00e7\u00f6p [&hellip;]<\/p>\n","protected":false},"author":1,"featured_media":0,"comment_status":"open","ping_status":"open","sticky":false,"template":"","format":"standard","meta":{"footnotes":""},"categories":[27],"tags":[],"class_list":{"0":"post-959","1":"post","2":"type-post","3":"status-publish","4":"format-standard","6":"category-oktay-rifat"},"yoast_head":"<!-- This site is optimized with the Yoast SEO Premium plugin v24.9 (Yoast SEO v24.9) - https:\/\/yoast.com\/wordpress\/plugins\/seo\/ -->\n<title>AK\u015eAM BALI\u011eIN KARNINDA BEKL\u0130YOR - narteks.net<\/title>\n<meta name=\"robots\" content=\"index, follow, max-snippet:-1, max-image-preview:large, max-video-preview:-1\" \/>\n<link rel=\"canonical\" href=\"https:\/\/narteks.net\/index.php\/2009\/11\/03\/aksam-baligin-karninda-bekliyor\/\" \/>\n<meta property=\"og:locale\" content=\"tr_TR\" \/>\n<meta property=\"og:type\" content=\"article\" \/>\n<meta property=\"og:title\" content=\"AK\u015eAM BALI\u011eIN KARNINDA BEKL\u0130YOR\" \/>\n<meta property=\"og:description\" content=\"\u00a0 Bir ya\u011fmurla \u00e7\u0131k\u0131yor r\u0131ht\u0131m\u0131na s\u0131k\u0131nt\u0131n\u0131n, b\u00fcy\u00fck kay\u0131klar\u0131n d\u00f6n\u00fc\u015f\u00fcn\u00fc g\u00f6zl\u00fcyordu, ak\u015fam bal\u0131\u011f\u0131n karn\u0131nda bekliyor. Fitili t\u00fct\u00fcyordu servilerin ve yaz\u0131lar dallar aras\u0131nda. Mahallenin deniz koktu\u011fu kamburun atla dola\u015ft\u0131\u011f\u0131 saatlerin saatlere benzedi\u011fi bir g\u00fcnde bekliyordu insanlar\u0131n d\u00f6nmesini oraya oysa bir delik kal\u0131yordu yerinde umutlar\u0131n, kara bir yelken yar\u0131n\u0131 olmayan iskelede. Mevsim, tonozlar\u0131n alt\u0131ndan ge\u00e7erek bas\u0131yordu topra\u011fa, \u00e7\u00f6p [&hellip;]\" \/>\n<meta property=\"og:url\" content=\"https:\/\/narteks.net\/index.php\/2009\/11\/03\/aksam-baligin-karninda-bekliyor\/\" \/>\n<meta property=\"og:site_name\" content=\"narteks.net\" \/>\n<meta property=\"article:published_time\" content=\"2009-11-03T11:53:55+00:00\" \/>\n<meta property=\"og:image\" content=\"https:\/\/narteks.net\/wp-content\/uploads\/narteks.png\" \/>\n\t<meta property=\"og:image:width\" content=\"300\" \/>\n\t<meta property=\"og:image:height\" content=\"90\" \/>\n\t<meta property=\"og:image:type\" content=\"image\/png\" \/>\n<meta name=\"author\" content=\"Tar\u0131k\" \/>\n<meta name=\"twitter:card\" content=\"summary_large_image\" \/>\n<meta name=\"twitter:creator\" content=\"@narteks\" \/>\n<meta name=\"twitter:site\" content=\"@narteks\" \/>\n<meta name=\"twitter:label1\" content=\"Yazan:\" \/>\n\t<meta name=\"twitter:data1\" content=\"Tar\u0131k\" \/>\n\t<meta name=\"twitter:label2\" content=\"Tahmini okuma s\u00fcresi\" \/>\n\t<meta name=\"twitter:data2\" content=\"1 dakika\" \/>\n<script type=\"application\/ld+json\" class=\"yoast-schema-graph\">{\"@context\":\"https:\/\/schema.org\",\"@graph\":[{\"@type\":\"Article\",\"@id\":\"https:\/\/narteks.net\/index.php\/2009\/11\/03\/aksam-baligin-karninda-bekliyor\/#article\",\"isPartOf\":{\"@id\":\"https:\/\/narteks.net\/index.php\/2009\/11\/03\/aksam-baligin-karninda-bekliyor\/\"},\"author\":{\"name\":\"Tar\u0131k\",\"@id\":\"https:\/\/narteks.net\/#\/schema\/person\/61f37d9834294b72d31d274e7ed79bca\"},\"headline\":\"AK\u015eAM BALI\u011eIN KARNINDA BEKL\u0130YOR\",\"datePublished\":\"2009-11-03T11:53:55+00:00\",\"mainEntityOfPage\":{\"@id\":\"https:\/\/narteks.net\/index.php\/2009\/11\/03\/aksam-baligin-karninda-bekliyor\/\"},\"wordCount\":138,\"commentCount\":0,\"publisher\":{\"@id\":\"https:\/\/narteks.net\/#organization\"},\"articleSection\":[\"Oktay RIFAT\"],\"inLanguage\":\"tr\",\"potentialAction\":[{\"@type\":\"CommentAction\",\"name\":\"Comment\",\"target\":[\"https:\/\/narteks.net\/index.php\/2009\/11\/03\/aksam-baligin-karninda-bekliyor\/#respond\"]}]},{\"@type\":\"WebPage\",\"@id\":\"https:\/\/narteks.net\/index.php\/2009\/11\/03\/aksam-baligin-karninda-bekliyor\/\",\"url\":\"https:\/\/narteks.net\/index.php\/2009\/11\/03\/aksam-baligin-karninda-bekliyor\/\",\"name\":\"AK\u015eAM BALI\u011eIN KARNINDA BEKL\u0130YOR - narteks.net\",\"isPartOf\":{\"@id\":\"https:\/\/narteks.net\/#website\"},\"datePublished\":\"2009-11-03T11:53:55+00:00\",\"breadcrumb\":{\"@id\":\"https:\/\/narteks.net\/index.php\/2009\/11\/03\/aksam-baligin-karninda-bekliyor\/#breadcrumb\"},\"inLanguage\":\"tr\",\"potentialAction\":[{\"@type\":\"ReadAction\",\"target\":[\"https:\/\/narteks.net\/index.php\/2009\/11\/03\/aksam-baligin-karninda-bekliyor\/\"]}]},{\"@type\":\"BreadcrumbList\",\"@id\":\"https:\/\/narteks.net\/index.php\/2009\/11\/03\/aksam-baligin-karninda-bekliyor\/#breadcrumb\",\"itemListElement\":[{\"@type\":\"ListItem\",\"position\":1,\"name\":\"Anasayfa\",\"item\":\"https:\/\/narteks.net\/\"},{\"@type\":\"ListItem\",\"position\":2,\"name\":\"AK\u015eAM BALI\u011eIN KARNINDA BEKL\u0130YOR\"}]},{\"@type\":\"WebSite\",\"@id\":\"https:\/\/narteks.net\/#website\",\"url\":\"https:\/\/narteks.net\/\",\"name\":\"narteks.net\",\"description\":\"K\u00fclt\u00fcr Sanat Edebiyat Felsefe\",\"publisher\":{\"@id\":\"https:\/\/narteks.net\/#organization\"},\"alternateName\":\"K\u00fclt\u00fcr Sanat Edebiyat Felsefe\",\"potentialAction\":[{\"@type\":\"SearchAction\",\"target\":{\"@type\":\"EntryPoint\",\"urlTemplate\":\"https:\/\/narteks.net\/?s={search_term_string}\"},\"query-input\":{\"@type\":\"PropertyValueSpecification\",\"valueRequired\":true,\"valueName\":\"search_term_string\"}}],\"inLanguage\":\"tr\"},{\"@type\":\"Organization\",\"@id\":\"https:\/\/narteks.net\/#organization\",\"name\":\"narteks.net\",\"url\":\"https:\/\/narteks.net\/\",\"logo\":{\"@type\":\"ImageObject\",\"inLanguage\":\"tr\",\"@id\":\"https:\/\/narteks.net\/#\/schema\/logo\/image\/\",\"url\":\"https:\/\/narteks.net\/wp-content\/uploads\/narteks.png\",\"contentUrl\":\"https:\/\/narteks.net\/wp-content\/uploads\/narteks.png\",\"width\":300,\"height\":90,\"caption\":\"narteks.net\"},\"image\":{\"@id\":\"https:\/\/narteks.net\/#\/schema\/logo\/image\/\"},\"sameAs\":[\"https:\/\/x.com\/narteks\",\"https:\/\/instagram.com\/narteksnet\"]},{\"@type\":\"Person\",\"@id\":\"https:\/\/narteks.net\/#\/schema\/person\/61f37d9834294b72d31d274e7ed79bca\",\"name\":\"Tar\u0131k\",\"image\":{\"@type\":\"ImageObject\",\"inLanguage\":\"tr\",\"@id\":\"https:\/\/narteks.net\/#\/schema\/person\/image\/\",\"url\":\"https:\/\/secure.gravatar.com\/avatar\/50865afb55632c4ae467e0af0930f6510aa2297d8014be502a55b14f3b7550cf?s=96&d=mm&r=g\",\"contentUrl\":\"https:\/\/secure.gravatar.com\/avatar\/50865afb55632c4ae467e0af0930f6510aa2297d8014be502a55b14f3b7550cf?s=96&d=mm&r=g\",\"caption\":\"Tar\u0131k\"},\"sameAs\":[\"http:\/\/narteks.net\"],\"url\":\"https:\/\/narteks.net\/index.php\/author\/narbak\/\"}]}<\/script>\n<!-- \/ Yoast SEO Premium plugin. -->","yoast_head_json":{"title":"AK\u015eAM BALI\u011eIN KARNINDA BEKL\u0130YOR - narteks.net","robots":{"index":"index","follow":"follow","max-snippet":"max-snippet:-1","max-image-preview":"max-image-preview:large","max-video-preview":"max-video-preview:-1"},"canonical":"https:\/\/narteks.net\/index.php\/2009\/11\/03\/aksam-baligin-karninda-bekliyor\/","og_locale":"tr_TR","og_type":"article","og_title":"AK\u015eAM BALI\u011eIN KARNINDA BEKL\u0130YOR","og_description":"\u00a0 Bir ya\u011fmurla \u00e7\u0131k\u0131yor r\u0131ht\u0131m\u0131na s\u0131k\u0131nt\u0131n\u0131n, b\u00fcy\u00fck kay\u0131klar\u0131n d\u00f6n\u00fc\u015f\u00fcn\u00fc g\u00f6zl\u00fcyordu, ak\u015fam bal\u0131\u011f\u0131n karn\u0131nda bekliyor. Fitili t\u00fct\u00fcyordu servilerin ve yaz\u0131lar dallar aras\u0131nda. Mahallenin deniz koktu\u011fu kamburun atla dola\u015ft\u0131\u011f\u0131 saatlerin saatlere benzedi\u011fi bir g\u00fcnde bekliyordu insanlar\u0131n d\u00f6nmesini oraya oysa bir delik kal\u0131yordu yerinde umutlar\u0131n, kara bir yelken yar\u0131n\u0131 olmayan iskelede. Mevsim, tonozlar\u0131n alt\u0131ndan ge\u00e7erek bas\u0131yordu topra\u011fa, \u00e7\u00f6p [&hellip;]","og_url":"https:\/\/narteks.net\/index.php\/2009\/11\/03\/aksam-baligin-karninda-bekliyor\/","og_site_name":"narteks.net","article_published_time":"2009-11-03T11:53:55+00:00","og_image":[{"width":300,"height":90,"url":"https:\/\/narteks.net\/wp-content\/uploads\/narteks.png","type":"image\/png"}],"author":"Tar\u0131k","twitter_card":"summary_large_image","twitter_creator":"@narteks","twitter_site":"@narteks","twitter_misc":{"Yazan:":"Tar\u0131k","Tahmini okuma s\u00fcresi":"1 dakika"},"schema":{"@context":"https:\/\/schema.org","@graph":[{"@type":"Article","@id":"https:\/\/narteks.net\/index.php\/2009\/11\/03\/aksam-baligin-karninda-bekliyor\/#article","isPartOf":{"@id":"https:\/\/narteks.net\/index.php\/2009\/11\/03\/aksam-baligin-karninda-bekliyor\/"},"author":{"name":"Tar\u0131k","@id":"https:\/\/narteks.net\/#\/schema\/person\/61f37d9834294b72d31d274e7ed79bca"},"headline":"AK\u015eAM BALI\u011eIN KARNINDA BEKL\u0130YOR","datePublished":"2009-11-03T11:53:55+00:00","mainEntityOfPage":{"@id":"https:\/\/narteks.net\/index.php\/2009\/11\/03\/aksam-baligin-karninda-bekliyor\/"},"wordCount":138,"commentCount":0,"publisher":{"@id":"https:\/\/narteks.net\/#organization"},"articleSection":["Oktay RIFAT"],"inLanguage":"tr","potentialAction":[{"@type":"CommentAction","name":"Comment","target":["https:\/\/narteks.net\/index.php\/2009\/11\/03\/aksam-baligin-karninda-bekliyor\/#respond"]}]},{"@type":"WebPage","@id":"https:\/\/narteks.net\/index.php\/2009\/11\/03\/aksam-baligin-karninda-bekliyor\/","url":"https:\/\/narteks.net\/index.php\/2009\/11\/03\/aksam-baligin-karninda-bekliyor\/","name":"AK\u015eAM BALI\u011eIN KARNINDA BEKL\u0130YOR - narteks.net","isPartOf":{"@id":"https:\/\/narteks.net\/#website"},"datePublished":"2009-11-03T11:53:55+00:00","breadcrumb":{"@id":"https:\/\/narteks.net\/index.php\/2009\/11\/03\/aksam-baligin-karninda-bekliyor\/#breadcrumb"},"inLanguage":"tr","potentialAction":[{"@type":"ReadAction","target":["https:\/\/narteks.net\/index.php\/2009\/11\/03\/aksam-baligin-karninda-bekliyor\/"]}]},{"@type":"BreadcrumbList","@id":"https:\/\/narteks.net\/index.php\/2009\/11\/03\/aksam-baligin-karninda-bekliyor\/#breadcrumb","itemListElement":[{"@type":"ListItem","position":1,"name":"Anasayfa","item":"https:\/\/narteks.net\/"},{"@type":"ListItem","position":2,"name":"AK\u015eAM BALI\u011eIN KARNINDA BEKL\u0130YOR"}]},{"@type":"WebSite","@id":"https:\/\/narteks.net\/#website","url":"https:\/\/narteks.net\/","name":"narteks.net","description":"K\u00fclt\u00fcr Sanat Edebiyat Felsefe","publisher":{"@id":"https:\/\/narteks.net\/#organization"},"alternateName":"K\u00fclt\u00fcr Sanat Edebiyat Felsefe","potentialAction":[{"@type":"SearchAction","target":{"@type":"EntryPoint","urlTemplate":"https:\/\/narteks.net\/?s={search_term_string}"},"query-input":{"@type":"PropertyValueSpecification","valueRequired":true,"valueName":"search_term_string"}}],"inLanguage":"tr"},{"@type":"Organization","@id":"https:\/\/narteks.net\/#organization","name":"narteks.net","url":"https:\/\/narteks.net\/","logo":{"@type":"ImageObject","inLanguage":"tr","@id":"https:\/\/narteks.net\/#\/schema\/logo\/image\/","url":"https:\/\/narteks.net\/wp-content\/uploads\/narteks.png","contentUrl":"https:\/\/narteks.net\/wp-content\/uploads\/narteks.png","width":300,"height":90,"caption":"narteks.net"},"image":{"@id":"https:\/\/narteks.net\/#\/schema\/logo\/image\/"},"sameAs":["https:\/\/x.com\/narteks","https:\/\/instagram.com\/narteksnet"]},{"@type":"Person","@id":"https:\/\/narteks.net\/#\/schema\/person\/61f37d9834294b72d31d274e7ed79bca","name":"Tar\u0131k","image":{"@type":"ImageObject","inLanguage":"tr","@id":"https:\/\/narteks.net\/#\/schema\/person\/image\/","url":"https:\/\/secure.gravatar.com\/avatar\/50865afb55632c4ae467e0af0930f6510aa2297d8014be502a55b14f3b7550cf?s=96&d=mm&r=g","contentUrl":"https:\/\/secure.gravatar.com\/avatar\/50865afb55632c4ae467e0af0930f6510aa2297d8014be502a55b14f3b7550cf?s=96&d=mm&r=g","caption":"Tar\u0131k"},"sameAs":["http:\/\/narteks.net"],"url":"https:\/\/narteks.net\/index.php\/author\/narbak\/"}]}},"_links":{"self":[{"href":"https:\/\/narteks.net\/index.php\/wp-json\/wp\/v2\/posts\/959","targetHints":{"allow":["GET"]}}],"collection":[{"href":"https:\/\/narteks.net\/index.php\/wp-json\/wp\/v2\/posts"}],"about":[{"href":"https:\/\/narteks.net\/index.php\/wp-json\/wp\/v2\/types\/post"}],"author":[{"embeddable":true,"href":"https:\/\/narteks.net\/index.php\/wp-json\/wp\/v2\/users\/1"}],"replies":[{"embeddable":true,"href":"https:\/\/narteks.net\/index.php\/wp-json\/wp\/v2\/comments?post=959"}],"version-history":[{"count":0,"href":"https:\/\/narteks.net\/index.php\/wp-json\/wp\/v2\/posts\/959\/revisions"}],"wp:attachment":[{"href":"https:\/\/narteks.net\/index.php\/wp-json\/wp\/v2\/media?parent=959"}],"wp:term":[{"taxonomy":"category","embeddable":true,"href":"https:\/\/narteks.net\/index.php\/wp-json\/wp\/v2\/categories?post=959"},{"taxonomy":"post_tag","embeddable":true,"href":"https:\/\/narteks.net\/index.php\/wp-json\/wp\/v2\/tags?post=959"}],"curies":[{"name":"wp","href":"https:\/\/api.w.org\/{rel}","templated":true}]}}