{"id":969,"date":"2009-11-03T15:00:59","date_gmt":"2009-11-03T12:00:59","guid":{"rendered":"http:\/\/localhost\/wordpress\/2009\/11\/03\/harc-ceken-isciler\/"},"modified":"2009-11-03T15:00:59","modified_gmt":"2009-11-03T12:00:59","slug":"harc-ceken-isciler","status":"publish","type":"post","link":"https:\/\/narteks.net\/index.php\/2009\/11\/03\/harc-ceken-isciler\/","title":{"rendered":"HAR\u00c7 \u00c7EKEN \u0130\u015e\u00c7\u0130LER"},"content":{"rendered":"<p>\u00a0<\/p>\n<p>Harc\u0131n\u0131 \u00e7ekiyorlard\u0131 yap\u0131n\u0131n, <br \/>kara bir don, belden yukars\u0131 \u00e7\u0131plak. <br \/>Y\u0131ld\u0131zlar\u0131n\u0131 \u00e7ekiyorlard\u0131 evin omuzlar\u0131nda, <br \/>pencereden g\u00f6r\u00fcnecek dallar\u0131n\u0131, kom\u015funun yar\u0131s\u0131n\u0131, <br \/>a\u011fa\u00e7lar\u0131n aras\u0131nda kaybolan yolunu, <br \/>durulacak yerlerini \u00e7ekiyorlard\u0131, b\u00fct\u00fcn o noktalar\u0131, <br \/>a\u015fk\u0131, ki saklan\u0131r\u0131z \u00e7o\u011fu kez sevi\u015fmek i\u00e7in, <br \/>k\u00f6\u015feleri \u00e7ekiyorlard\u0131, merdiven ba\u015f\u0131n\u0131, <br \/>mutfa\u011f\u0131n sofaya vuracak ayd\u0131nl\u0131\u011f\u0131n\u0131, <br \/>bir k\u0131z\u0131n \u00f6l\u00fc\u015f\u00fcn\u00fc ans\u0131z\u0131n <br \/>iki kap\u0131 aras\u0131nda, yaz ba\u015flang\u0131c\u0131 olabilir, <br \/>saks\u0131lar olabilir, hasekik\u00fcpesi, cezayirmenek\u015feleri, <br \/>yaln\u0131zl\u0131klar\u0131 \u00e7ekiyorlard\u0131, \u00f6p\u00fc\u015fleri, <br \/>kar\u015f\u0131 \u00e7\u0131k\u0131\u015flar\u0131, susmalara kar\u0131\u015fan b\u00f6\u011f\u00fcrtleni, <br \/>bir denizden uzaklara \u00e7\u0131ld\u0131rman\u0131n sevincini, <br \/>b\u00fck\u00fck beli, koltuktakini, sofada y\u00fcr\u00fcyeni, <br \/>kaynayan \u00e7aydanl\u0131\u011f\u0131n mutfa\u011fa dikti\u011fi <br \/>o kokulu a\u011fac\u0131, kabuklar\u0131n\u0131 d\u00f6kt\u00fck\u00e7e b\u00fcy\u00fcyen, <br \/>semizotunu masada, maydanozu, domatesi, <br \/>ka\u015f\u0131\u011fa uzanmayan eli ve lokmay\u0131 bo\u011fazda d\u00fc\u011f\u00fcmlenen, <br \/>do\u011facak o\u011flan\u0131 \u00f6lmeden \u00f6nce <br \/>bir nisan ya\u011fmurunda avucunda g\u00fcne\u015fle. <br \/>\u00c7ay so\u011fumas\u0131n, bu re\u00e7eli seversin sen, <br \/>oras\u0131n\u0131 \u00e7ekiyorlard\u0131 i\u015fte, tam oras\u0131n\u0131, <br \/>umutlar\u0131n \u00f6mr\u00fcm\u00fczden d\u00f6k\u00fcld\u00fc\u011f\u00fc yeri <br \/>ve ev y\u00fckseliyordu yava\u015f yava\u015f kaderine do\u011fru.<\/p>\n<p>Onlarsa g\u00fcn batmadan gidecekler.<\/p>\n<p>Oktay Rifat HOROZCU<\/p>\n","protected":false},"excerpt":{"rendered":"<p>\u00a0 Harc\u0131n\u0131 \u00e7ekiyorlard\u0131 yap\u0131n\u0131n, kara bir don, belden yukars\u0131 \u00e7\u0131plak. Y\u0131ld\u0131zlar\u0131n\u0131 \u00e7ekiyorlard\u0131 evin omuzlar\u0131nda, pencereden g\u00f6r\u00fcnecek dallar\u0131n\u0131, kom\u015funun yar\u0131s\u0131n\u0131, a\u011fa\u00e7lar\u0131n aras\u0131nda kaybolan yolunu, durulacak yerlerini \u00e7ekiyorlard\u0131, b\u00fct\u00fcn o noktalar\u0131, a\u015fk\u0131, ki saklan\u0131r\u0131z \u00e7o\u011fu kez sevi\u015fmek i\u00e7in, k\u00f6\u015feleri \u00e7ekiyorlard\u0131, merdiven ba\u015f\u0131n\u0131, mutfa\u011f\u0131n sofaya vuracak ayd\u0131nl\u0131\u011f\u0131n\u0131, bir k\u0131z\u0131n \u00f6l\u00fc\u015f\u00fcn\u00fc ans\u0131z\u0131n iki kap\u0131 aras\u0131nda, yaz ba\u015flang\u0131c\u0131 olabilir, saks\u0131lar [&hellip;]<\/p>\n","protected":false},"author":1,"featured_media":0,"comment_status":"open","ping_status":"open","sticky":false,"template":"","format":"standard","meta":{"footnotes":""},"categories":[27],"tags":[],"class_list":{"0":"post-969","1":"post","2":"type-post","3":"status-publish","4":"format-standard","6":"category-oktay-rifat"},"yoast_head":"<!-- This site is optimized with the Yoast SEO Premium plugin v24.9 (Yoast SEO v24.9) - https:\/\/yoast.com\/wordpress\/plugins\/seo\/ -->\n<title>HAR\u00c7 \u00c7EKEN \u0130\u015e\u00c7\u0130LER - narteks.net<\/title>\n<meta name=\"robots\" content=\"index, follow, max-snippet:-1, max-image-preview:large, max-video-preview:-1\" \/>\n<link rel=\"canonical\" href=\"https:\/\/narteks.net\/index.php\/2009\/11\/03\/harc-ceken-isciler\/\" \/>\n<meta property=\"og:locale\" content=\"tr_TR\" \/>\n<meta property=\"og:type\" content=\"article\" \/>\n<meta property=\"og:title\" content=\"HAR\u00c7 \u00c7EKEN \u0130\u015e\u00c7\u0130LER\" \/>\n<meta property=\"og:description\" content=\"\u00a0 Harc\u0131n\u0131 \u00e7ekiyorlard\u0131 yap\u0131n\u0131n, kara bir don, belden yukars\u0131 \u00e7\u0131plak. Y\u0131ld\u0131zlar\u0131n\u0131 \u00e7ekiyorlard\u0131 evin omuzlar\u0131nda, pencereden g\u00f6r\u00fcnecek dallar\u0131n\u0131, kom\u015funun yar\u0131s\u0131n\u0131, a\u011fa\u00e7lar\u0131n aras\u0131nda kaybolan yolunu, durulacak yerlerini \u00e7ekiyorlard\u0131, b\u00fct\u00fcn o noktalar\u0131, a\u015fk\u0131, ki saklan\u0131r\u0131z \u00e7o\u011fu kez sevi\u015fmek i\u00e7in, k\u00f6\u015feleri \u00e7ekiyorlard\u0131, merdiven ba\u015f\u0131n\u0131, mutfa\u011f\u0131n sofaya vuracak ayd\u0131nl\u0131\u011f\u0131n\u0131, bir k\u0131z\u0131n \u00f6l\u00fc\u015f\u00fcn\u00fc ans\u0131z\u0131n iki kap\u0131 aras\u0131nda, yaz ba\u015flang\u0131c\u0131 olabilir, saks\u0131lar [&hellip;]\" \/>\n<meta property=\"og:url\" content=\"https:\/\/narteks.net\/index.php\/2009\/11\/03\/harc-ceken-isciler\/\" \/>\n<meta property=\"og:site_name\" content=\"narteks.net\" \/>\n<meta property=\"article:published_time\" content=\"2009-11-03T12:00:59+00:00\" \/>\n<meta property=\"og:image\" content=\"https:\/\/narteks.net\/wp-content\/uploads\/narteks.png\" \/>\n\t<meta property=\"og:image:width\" content=\"300\" \/>\n\t<meta property=\"og:image:height\" content=\"90\" \/>\n\t<meta property=\"og:image:type\" content=\"image\/png\" \/>\n<meta name=\"author\" content=\"Tar\u0131k\" \/>\n<meta name=\"twitter:card\" content=\"summary_large_image\" \/>\n<meta name=\"twitter:creator\" content=\"@narteks\" \/>\n<meta name=\"twitter:site\" content=\"@narteks\" \/>\n<meta name=\"twitter:label1\" content=\"Yazan:\" \/>\n\t<meta name=\"twitter:data1\" content=\"Tar\u0131k\" \/>\n\t<meta name=\"twitter:label2\" content=\"Tahmini okuma s\u00fcresi\" \/>\n\t<meta name=\"twitter:data2\" content=\"1 dakika\" \/>\n<script type=\"application\/ld+json\" class=\"yoast-schema-graph\">{\"@context\":\"https:\/\/schema.org\",\"@graph\":[{\"@type\":\"Article\",\"@id\":\"https:\/\/narteks.net\/index.php\/2009\/11\/03\/harc-ceken-isciler\/#article\",\"isPartOf\":{\"@id\":\"https:\/\/narteks.net\/index.php\/2009\/11\/03\/harc-ceken-isciler\/\"},\"author\":{\"name\":\"Tar\u0131k\",\"@id\":\"https:\/\/narteks.net\/#\/schema\/person\/61f37d9834294b72d31d274e7ed79bca\"},\"headline\":\"HAR\u00c7 \u00c7EKEN \u0130\u015e\u00c7\u0130LER\",\"datePublished\":\"2009-11-03T12:00:59+00:00\",\"mainEntityOfPage\":{\"@id\":\"https:\/\/narteks.net\/index.php\/2009\/11\/03\/harc-ceken-isciler\/\"},\"wordCount\":222,\"commentCount\":0,\"publisher\":{\"@id\":\"https:\/\/narteks.net\/#organization\"},\"articleSection\":[\"Oktay RIFAT\"],\"inLanguage\":\"tr\",\"potentialAction\":[{\"@type\":\"CommentAction\",\"name\":\"Comment\",\"target\":[\"https:\/\/narteks.net\/index.php\/2009\/11\/03\/harc-ceken-isciler\/#respond\"]}]},{\"@type\":\"WebPage\",\"@id\":\"https:\/\/narteks.net\/index.php\/2009\/11\/03\/harc-ceken-isciler\/\",\"url\":\"https:\/\/narteks.net\/index.php\/2009\/11\/03\/harc-ceken-isciler\/\",\"name\":\"HAR\u00c7 \u00c7EKEN \u0130\u015e\u00c7\u0130LER - narteks.net\",\"isPartOf\":{\"@id\":\"https:\/\/narteks.net\/#website\"},\"datePublished\":\"2009-11-03T12:00:59+00:00\",\"breadcrumb\":{\"@id\":\"https:\/\/narteks.net\/index.php\/2009\/11\/03\/harc-ceken-isciler\/#breadcrumb\"},\"inLanguage\":\"tr\",\"potentialAction\":[{\"@type\":\"ReadAction\",\"target\":[\"https:\/\/narteks.net\/index.php\/2009\/11\/03\/harc-ceken-isciler\/\"]}]},{\"@type\":\"BreadcrumbList\",\"@id\":\"https:\/\/narteks.net\/index.php\/2009\/11\/03\/harc-ceken-isciler\/#breadcrumb\",\"itemListElement\":[{\"@type\":\"ListItem\",\"position\":1,\"name\":\"Anasayfa\",\"item\":\"https:\/\/narteks.net\/\"},{\"@type\":\"ListItem\",\"position\":2,\"name\":\"HAR\u00c7 \u00c7EKEN \u0130\u015e\u00c7\u0130LER\"}]},{\"@type\":\"WebSite\",\"@id\":\"https:\/\/narteks.net\/#website\",\"url\":\"https:\/\/narteks.net\/\",\"name\":\"narteks.net\",\"description\":\"K\u00fclt\u00fcr Sanat Edebiyat Felsefe\",\"publisher\":{\"@id\":\"https:\/\/narteks.net\/#organization\"},\"alternateName\":\"K\u00fclt\u00fcr Sanat Edebiyat Felsefe\",\"potentialAction\":[{\"@type\":\"SearchAction\",\"target\":{\"@type\":\"EntryPoint\",\"urlTemplate\":\"https:\/\/narteks.net\/?s={search_term_string}\"},\"query-input\":{\"@type\":\"PropertyValueSpecification\",\"valueRequired\":true,\"valueName\":\"search_term_string\"}}],\"inLanguage\":\"tr\"},{\"@type\":\"Organization\",\"@id\":\"https:\/\/narteks.net\/#organization\",\"name\":\"narteks.net\",\"url\":\"https:\/\/narteks.net\/\",\"logo\":{\"@type\":\"ImageObject\",\"inLanguage\":\"tr\",\"@id\":\"https:\/\/narteks.net\/#\/schema\/logo\/image\/\",\"url\":\"https:\/\/narteks.net\/wp-content\/uploads\/narteks.png\",\"contentUrl\":\"https:\/\/narteks.net\/wp-content\/uploads\/narteks.png\",\"width\":300,\"height\":90,\"caption\":\"narteks.net\"},\"image\":{\"@id\":\"https:\/\/narteks.net\/#\/schema\/logo\/image\/\"},\"sameAs\":[\"https:\/\/x.com\/narteks\",\"https:\/\/instagram.com\/narteksnet\"]},{\"@type\":\"Person\",\"@id\":\"https:\/\/narteks.net\/#\/schema\/person\/61f37d9834294b72d31d274e7ed79bca\",\"name\":\"Tar\u0131k\",\"image\":{\"@type\":\"ImageObject\",\"inLanguage\":\"tr\",\"@id\":\"https:\/\/narteks.net\/#\/schema\/person\/image\/\",\"url\":\"https:\/\/secure.gravatar.com\/avatar\/50865afb55632c4ae467e0af0930f6510aa2297d8014be502a55b14f3b7550cf?s=96&d=mm&r=g\",\"contentUrl\":\"https:\/\/secure.gravatar.com\/avatar\/50865afb55632c4ae467e0af0930f6510aa2297d8014be502a55b14f3b7550cf?s=96&d=mm&r=g\",\"caption\":\"Tar\u0131k\"},\"sameAs\":[\"http:\/\/narteks.net\"],\"url\":\"https:\/\/narteks.net\/index.php\/author\/narbak\/\"}]}<\/script>\n<!-- \/ Yoast SEO Premium plugin. -->","yoast_head_json":{"title":"HAR\u00c7 \u00c7EKEN \u0130\u015e\u00c7\u0130LER - narteks.net","robots":{"index":"index","follow":"follow","max-snippet":"max-snippet:-1","max-image-preview":"max-image-preview:large","max-video-preview":"max-video-preview:-1"},"canonical":"https:\/\/narteks.net\/index.php\/2009\/11\/03\/harc-ceken-isciler\/","og_locale":"tr_TR","og_type":"article","og_title":"HAR\u00c7 \u00c7EKEN \u0130\u015e\u00c7\u0130LER","og_description":"\u00a0 Harc\u0131n\u0131 \u00e7ekiyorlard\u0131 yap\u0131n\u0131n, kara bir don, belden yukars\u0131 \u00e7\u0131plak. Y\u0131ld\u0131zlar\u0131n\u0131 \u00e7ekiyorlard\u0131 evin omuzlar\u0131nda, pencereden g\u00f6r\u00fcnecek dallar\u0131n\u0131, kom\u015funun yar\u0131s\u0131n\u0131, a\u011fa\u00e7lar\u0131n aras\u0131nda kaybolan yolunu, durulacak yerlerini \u00e7ekiyorlard\u0131, b\u00fct\u00fcn o noktalar\u0131, a\u015fk\u0131, ki saklan\u0131r\u0131z \u00e7o\u011fu kez sevi\u015fmek i\u00e7in, k\u00f6\u015feleri \u00e7ekiyorlard\u0131, merdiven ba\u015f\u0131n\u0131, mutfa\u011f\u0131n sofaya vuracak ayd\u0131nl\u0131\u011f\u0131n\u0131, bir k\u0131z\u0131n \u00f6l\u00fc\u015f\u00fcn\u00fc ans\u0131z\u0131n iki kap\u0131 aras\u0131nda, yaz ba\u015flang\u0131c\u0131 olabilir, saks\u0131lar [&hellip;]","og_url":"https:\/\/narteks.net\/index.php\/2009\/11\/03\/harc-ceken-isciler\/","og_site_name":"narteks.net","article_published_time":"2009-11-03T12:00:59+00:00","og_image":[{"width":300,"height":90,"url":"https:\/\/narteks.net\/wp-content\/uploads\/narteks.png","type":"image\/png"}],"author":"Tar\u0131k","twitter_card":"summary_large_image","twitter_creator":"@narteks","twitter_site":"@narteks","twitter_misc":{"Yazan:":"Tar\u0131k","Tahmini okuma s\u00fcresi":"1 dakika"},"schema":{"@context":"https:\/\/schema.org","@graph":[{"@type":"Article","@id":"https:\/\/narteks.net\/index.php\/2009\/11\/03\/harc-ceken-isciler\/#article","isPartOf":{"@id":"https:\/\/narteks.net\/index.php\/2009\/11\/03\/harc-ceken-isciler\/"},"author":{"name":"Tar\u0131k","@id":"https:\/\/narteks.net\/#\/schema\/person\/61f37d9834294b72d31d274e7ed79bca"},"headline":"HAR\u00c7 \u00c7EKEN \u0130\u015e\u00c7\u0130LER","datePublished":"2009-11-03T12:00:59+00:00","mainEntityOfPage":{"@id":"https:\/\/narteks.net\/index.php\/2009\/11\/03\/harc-ceken-isciler\/"},"wordCount":222,"commentCount":0,"publisher":{"@id":"https:\/\/narteks.net\/#organization"},"articleSection":["Oktay RIFAT"],"inLanguage":"tr","potentialAction":[{"@type":"CommentAction","name":"Comment","target":["https:\/\/narteks.net\/index.php\/2009\/11\/03\/harc-ceken-isciler\/#respond"]}]},{"@type":"WebPage","@id":"https:\/\/narteks.net\/index.php\/2009\/11\/03\/harc-ceken-isciler\/","url":"https:\/\/narteks.net\/index.php\/2009\/11\/03\/harc-ceken-isciler\/","name":"HAR\u00c7 \u00c7EKEN \u0130\u015e\u00c7\u0130LER - narteks.net","isPartOf":{"@id":"https:\/\/narteks.net\/#website"},"datePublished":"2009-11-03T12:00:59+00:00","breadcrumb":{"@id":"https:\/\/narteks.net\/index.php\/2009\/11\/03\/harc-ceken-isciler\/#breadcrumb"},"inLanguage":"tr","potentialAction":[{"@type":"ReadAction","target":["https:\/\/narteks.net\/index.php\/2009\/11\/03\/harc-ceken-isciler\/"]}]},{"@type":"BreadcrumbList","@id":"https:\/\/narteks.net\/index.php\/2009\/11\/03\/harc-ceken-isciler\/#breadcrumb","itemListElement":[{"@type":"ListItem","position":1,"name":"Anasayfa","item":"https:\/\/narteks.net\/"},{"@type":"ListItem","position":2,"name":"HAR\u00c7 \u00c7EKEN \u0130\u015e\u00c7\u0130LER"}]},{"@type":"WebSite","@id":"https:\/\/narteks.net\/#website","url":"https:\/\/narteks.net\/","name":"narteks.net","description":"K\u00fclt\u00fcr Sanat Edebiyat Felsefe","publisher":{"@id":"https:\/\/narteks.net\/#organization"},"alternateName":"K\u00fclt\u00fcr Sanat Edebiyat Felsefe","potentialAction":[{"@type":"SearchAction","target":{"@type":"EntryPoint","urlTemplate":"https:\/\/narteks.net\/?s={search_term_string}"},"query-input":{"@type":"PropertyValueSpecification","valueRequired":true,"valueName":"search_term_string"}}],"inLanguage":"tr"},{"@type":"Organization","@id":"https:\/\/narteks.net\/#organization","name":"narteks.net","url":"https:\/\/narteks.net\/","logo":{"@type":"ImageObject","inLanguage":"tr","@id":"https:\/\/narteks.net\/#\/schema\/logo\/image\/","url":"https:\/\/narteks.net\/wp-content\/uploads\/narteks.png","contentUrl":"https:\/\/narteks.net\/wp-content\/uploads\/narteks.png","width":300,"height":90,"caption":"narteks.net"},"image":{"@id":"https:\/\/narteks.net\/#\/schema\/logo\/image\/"},"sameAs":["https:\/\/x.com\/narteks","https:\/\/instagram.com\/narteksnet"]},{"@type":"Person","@id":"https:\/\/narteks.net\/#\/schema\/person\/61f37d9834294b72d31d274e7ed79bca","name":"Tar\u0131k","image":{"@type":"ImageObject","inLanguage":"tr","@id":"https:\/\/narteks.net\/#\/schema\/person\/image\/","url":"https:\/\/secure.gravatar.com\/avatar\/50865afb55632c4ae467e0af0930f6510aa2297d8014be502a55b14f3b7550cf?s=96&d=mm&r=g","contentUrl":"https:\/\/secure.gravatar.com\/avatar\/50865afb55632c4ae467e0af0930f6510aa2297d8014be502a55b14f3b7550cf?s=96&d=mm&r=g","caption":"Tar\u0131k"},"sameAs":["http:\/\/narteks.net"],"url":"https:\/\/narteks.net\/index.php\/author\/narbak\/"}]}},"_links":{"self":[{"href":"https:\/\/narteks.net\/index.php\/wp-json\/wp\/v2\/posts\/969","targetHints":{"allow":["GET"]}}],"collection":[{"href":"https:\/\/narteks.net\/index.php\/wp-json\/wp\/v2\/posts"}],"about":[{"href":"https:\/\/narteks.net\/index.php\/wp-json\/wp\/v2\/types\/post"}],"author":[{"embeddable":true,"href":"https:\/\/narteks.net\/index.php\/wp-json\/wp\/v2\/users\/1"}],"replies":[{"embeddable":true,"href":"https:\/\/narteks.net\/index.php\/wp-json\/wp\/v2\/comments?post=969"}],"version-history":[{"count":0,"href":"https:\/\/narteks.net\/index.php\/wp-json\/wp\/v2\/posts\/969\/revisions"}],"wp:attachment":[{"href":"https:\/\/narteks.net\/index.php\/wp-json\/wp\/v2\/media?parent=969"}],"wp:term":[{"taxonomy":"category","embeddable":true,"href":"https:\/\/narteks.net\/index.php\/wp-json\/wp\/v2\/categories?post=969"},{"taxonomy":"post_tag","embeddable":true,"href":"https:\/\/narteks.net\/index.php\/wp-json\/wp\/v2\/tags?post=969"}],"curies":[{"name":"wp","href":"https:\/\/api.w.org\/{rel}","templated":true}]}}