{"id":975,"date":"2009-11-04T10:28:34","date_gmt":"2009-11-04T07:28:34","guid":{"rendered":"http:\/\/localhost\/wordpress\/2009\/11\/04\/ben-degildim\/"},"modified":"2009-11-04T10:28:34","modified_gmt":"2009-11-04T07:28:34","slug":"ben-degildim","status":"publish","type":"post","link":"https:\/\/narteks.net\/index.php\/2009\/11\/04\/ben-degildim\/","title":{"rendered":"Ben De\u011fildim"},"content":{"rendered":"<p>Bir ak\u015fam-\u00fcst\u00fc pencerenden bak\u0131yordun<br \/>A\u011f\u0131r a\u011f\u0131r, yollara inen karanl\u0131\u011fa.<br \/>Bana benzeyen biri ge\u00e7ti evinin \u00f6n\u00fcnden.<br \/>Kalbin ba\u015flad\u0131 h\u0131zl\u0131 h\u0131zl\u0131 \u00e7arpmaya..<br \/>O ge\u00e7en ben de\u011fildim.<\/p>\n<p>Bir gece, yata\u011f\u0131nda uyuyordun..<br \/>Uyan\u0131verdin birden, sessiz d\u00fcnyaya.<br \/>Bir r\u00fcyan\u0131n par\u00e7as\u0131yd\u0131 g\u00f6zlerini a\u00e7an,<br \/>Ve karanl\u0131klar i\u00e7indeydi odan&#8230;<br \/>Seni g\u00f6ren ben de\u011fildim.<\/p>\n<p>Ben \u00e7ok uzaktayd\u0131m o zaman,<br \/>G\u00f6zlerin kavu\u015ftu a\u011flamaya, sebepsiz a\u011flamaya.<br \/>Art\u0131k beni d\u00fc\u015f\u00fcnmeye ba\u015flad\u0131\u011f\u0131ndan<br \/>B\u0131rakt\u0131n kendini a\u015fk i\u00e7inde ya\u015famaya..<br \/>Bunu bilen ben de\u011fildim.<\/p>\n<p>Bir kitap okuyordun dalg\u0131n..<br \/>\u0130\u00e7inde insanlar seviyor, ya da \u00f6l\u00fcyorlard\u0131.<br \/>Gen\u00e7 bir adam\u0131 \u00f6ld\u00fcrd\u00fcler romanda.<br \/>Korktun, b\u00fct\u00fcn yininle a\u011flamaya ba\u015flad\u0131n..<br \/>O \u00f6len ben de\u011fildim..<\/p>\n<p>\u00d6zdemir ASAF<\/p>\n","protected":false},"excerpt":{"rendered":"<p>Bir ak\u015fam-\u00fcst\u00fc pencerenden bak\u0131yordunA\u011f\u0131r a\u011f\u0131r, yollara inen karanl\u0131\u011fa.Bana benzeyen biri ge\u00e7ti evinin \u00f6n\u00fcnden.Kalbin ba\u015flad\u0131 h\u0131zl\u0131 h\u0131zl\u0131 \u00e7arpmaya..O ge\u00e7en ben de\u011fildim. Bir gece, yata\u011f\u0131nda uyuyordun..Uyan\u0131verdin birden, sessiz d\u00fcnyaya.Bir r\u00fcyan\u0131n par\u00e7as\u0131yd\u0131 g\u00f6zlerini a\u00e7an,Ve karanl\u0131klar i\u00e7indeydi odan&#8230;Seni g\u00f6ren ben de\u011fildim. Ben \u00e7ok uzaktayd\u0131m o zaman,G\u00f6zlerin kavu\u015ftu a\u011flamaya, sebepsiz a\u011flamaya.Art\u0131k beni d\u00fc\u015f\u00fcnmeye ba\u015flad\u0131\u011f\u0131ndanB\u0131rakt\u0131n kendini a\u015fk i\u00e7inde ya\u015famaya..Bunu bilen ben [&hellip;]<\/p>\n","protected":false},"author":1,"featured_media":0,"comment_status":"open","ping_status":"open","sticky":false,"template":"","format":"standard","meta":{"footnotes":""},"categories":[29],"tags":[],"class_list":{"0":"post-975","1":"post","2":"type-post","3":"status-publish","4":"format-standard","6":"category-ozdemir-asaf"},"yoast_head":"<!-- This site is optimized with the Yoast SEO Premium plugin v24.9 (Yoast SEO v24.9) - https:\/\/yoast.com\/wordpress\/plugins\/seo\/ -->\n<title>Ben De\u011fildim - narteks.net<\/title>\n<meta name=\"robots\" content=\"index, follow, max-snippet:-1, max-image-preview:large, max-video-preview:-1\" \/>\n<link rel=\"canonical\" href=\"https:\/\/narteks.net\/index.php\/2009\/11\/04\/ben-degildim\/\" \/>\n<meta property=\"og:locale\" content=\"tr_TR\" \/>\n<meta property=\"og:type\" content=\"article\" \/>\n<meta property=\"og:title\" content=\"Ben De\u011fildim\" \/>\n<meta property=\"og:description\" content=\"Bir ak\u015fam-\u00fcst\u00fc pencerenden bak\u0131yordunA\u011f\u0131r a\u011f\u0131r, yollara inen karanl\u0131\u011fa.Bana benzeyen biri ge\u00e7ti evinin \u00f6n\u00fcnden.Kalbin ba\u015flad\u0131 h\u0131zl\u0131 h\u0131zl\u0131 \u00e7arpmaya..O ge\u00e7en ben de\u011fildim. Bir gece, yata\u011f\u0131nda uyuyordun..Uyan\u0131verdin birden, sessiz d\u00fcnyaya.Bir r\u00fcyan\u0131n par\u00e7as\u0131yd\u0131 g\u00f6zlerini a\u00e7an,Ve karanl\u0131klar i\u00e7indeydi odan&#8230;Seni g\u00f6ren ben de\u011fildim. Ben \u00e7ok uzaktayd\u0131m o zaman,G\u00f6zlerin kavu\u015ftu a\u011flamaya, sebepsiz a\u011flamaya.Art\u0131k beni d\u00fc\u015f\u00fcnmeye ba\u015flad\u0131\u011f\u0131ndanB\u0131rakt\u0131n kendini a\u015fk i\u00e7inde ya\u015famaya..Bunu bilen ben [&hellip;]\" \/>\n<meta property=\"og:url\" content=\"https:\/\/narteks.net\/index.php\/2009\/11\/04\/ben-degildim\/\" \/>\n<meta property=\"og:site_name\" content=\"narteks.net\" \/>\n<meta property=\"article:published_time\" content=\"2009-11-04T07:28:34+00:00\" \/>\n<meta property=\"og:image\" content=\"https:\/\/narteks.net\/wp-content\/uploads\/narteks.png\" \/>\n\t<meta property=\"og:image:width\" content=\"300\" \/>\n\t<meta property=\"og:image:height\" content=\"90\" \/>\n\t<meta property=\"og:image:type\" content=\"image\/png\" \/>\n<meta name=\"author\" content=\"Tar\u0131k\" \/>\n<meta name=\"twitter:card\" content=\"summary_large_image\" \/>\n<meta name=\"twitter:creator\" content=\"@narteks\" \/>\n<meta name=\"twitter:site\" content=\"@narteks\" \/>\n<meta name=\"twitter:label1\" content=\"Yazan:\" \/>\n\t<meta name=\"twitter:data1\" content=\"Tar\u0131k\" \/>\n\t<meta name=\"twitter:label2\" content=\"Tahmini okuma s\u00fcresi\" \/>\n\t<meta name=\"twitter:data2\" content=\"1 dakika\" \/>\n<script type=\"application\/ld+json\" class=\"yoast-schema-graph\">{\"@context\":\"https:\/\/schema.org\",\"@graph\":[{\"@type\":\"Article\",\"@id\":\"https:\/\/narteks.net\/index.php\/2009\/11\/04\/ben-degildim\/#article\",\"isPartOf\":{\"@id\":\"https:\/\/narteks.net\/index.php\/2009\/11\/04\/ben-degildim\/\"},\"author\":{\"name\":\"Tar\u0131k\",\"@id\":\"https:\/\/narteks.net\/#\/schema\/person\/61f37d9834294b72d31d274e7ed79bca\"},\"headline\":\"Ben De\u011fildim\",\"datePublished\":\"2009-11-04T07:28:34+00:00\",\"mainEntityOfPage\":{\"@id\":\"https:\/\/narteks.net\/index.php\/2009\/11\/04\/ben-degildim\/\"},\"wordCount\":146,\"commentCount\":0,\"publisher\":{\"@id\":\"https:\/\/narteks.net\/#organization\"},\"articleSection\":[\"\u00d6zdemir ASAF\"],\"inLanguage\":\"tr\",\"potentialAction\":[{\"@type\":\"CommentAction\",\"name\":\"Comment\",\"target\":[\"https:\/\/narteks.net\/index.php\/2009\/11\/04\/ben-degildim\/#respond\"]}]},{\"@type\":\"WebPage\",\"@id\":\"https:\/\/narteks.net\/index.php\/2009\/11\/04\/ben-degildim\/\",\"url\":\"https:\/\/narteks.net\/index.php\/2009\/11\/04\/ben-degildim\/\",\"name\":\"Ben De\u011fildim - narteks.net\",\"isPartOf\":{\"@id\":\"https:\/\/narteks.net\/#website\"},\"datePublished\":\"2009-11-04T07:28:34+00:00\",\"breadcrumb\":{\"@id\":\"https:\/\/narteks.net\/index.php\/2009\/11\/04\/ben-degildim\/#breadcrumb\"},\"inLanguage\":\"tr\",\"potentialAction\":[{\"@type\":\"ReadAction\",\"target\":[\"https:\/\/narteks.net\/index.php\/2009\/11\/04\/ben-degildim\/\"]}]},{\"@type\":\"BreadcrumbList\",\"@id\":\"https:\/\/narteks.net\/index.php\/2009\/11\/04\/ben-degildim\/#breadcrumb\",\"itemListElement\":[{\"@type\":\"ListItem\",\"position\":1,\"name\":\"Anasayfa\",\"item\":\"https:\/\/narteks.net\/\"},{\"@type\":\"ListItem\",\"position\":2,\"name\":\"Ben De\u011fildim\"}]},{\"@type\":\"WebSite\",\"@id\":\"https:\/\/narteks.net\/#website\",\"url\":\"https:\/\/narteks.net\/\",\"name\":\"narteks.net\",\"description\":\"K\u00fclt\u00fcr Sanat Edebiyat Felsefe\",\"publisher\":{\"@id\":\"https:\/\/narteks.net\/#organization\"},\"alternateName\":\"K\u00fclt\u00fcr Sanat Edebiyat Felsefe\",\"potentialAction\":[{\"@type\":\"SearchAction\",\"target\":{\"@type\":\"EntryPoint\",\"urlTemplate\":\"https:\/\/narteks.net\/?s={search_term_string}\"},\"query-input\":{\"@type\":\"PropertyValueSpecification\",\"valueRequired\":true,\"valueName\":\"search_term_string\"}}],\"inLanguage\":\"tr\"},{\"@type\":\"Organization\",\"@id\":\"https:\/\/narteks.net\/#organization\",\"name\":\"narteks.net\",\"url\":\"https:\/\/narteks.net\/\",\"logo\":{\"@type\":\"ImageObject\",\"inLanguage\":\"tr\",\"@id\":\"https:\/\/narteks.net\/#\/schema\/logo\/image\/\",\"url\":\"https:\/\/narteks.net\/wp-content\/uploads\/narteks.png\",\"contentUrl\":\"https:\/\/narteks.net\/wp-content\/uploads\/narteks.png\",\"width\":300,\"height\":90,\"caption\":\"narteks.net\"},\"image\":{\"@id\":\"https:\/\/narteks.net\/#\/schema\/logo\/image\/\"},\"sameAs\":[\"https:\/\/x.com\/narteks\",\"https:\/\/instagram.com\/narteksnet\"]},{\"@type\":\"Person\",\"@id\":\"https:\/\/narteks.net\/#\/schema\/person\/61f37d9834294b72d31d274e7ed79bca\",\"name\":\"Tar\u0131k\",\"image\":{\"@type\":\"ImageObject\",\"inLanguage\":\"tr\",\"@id\":\"https:\/\/narteks.net\/#\/schema\/person\/image\/\",\"url\":\"https:\/\/secure.gravatar.com\/avatar\/50865afb55632c4ae467e0af0930f6510aa2297d8014be502a55b14f3b7550cf?s=96&d=mm&r=g\",\"contentUrl\":\"https:\/\/secure.gravatar.com\/avatar\/50865afb55632c4ae467e0af0930f6510aa2297d8014be502a55b14f3b7550cf?s=96&d=mm&r=g\",\"caption\":\"Tar\u0131k\"},\"sameAs\":[\"http:\/\/narteks.net\"],\"url\":\"https:\/\/narteks.net\/index.php\/author\/narbak\/\"}]}<\/script>\n<!-- \/ Yoast SEO Premium plugin. -->","yoast_head_json":{"title":"Ben De\u011fildim - narteks.net","robots":{"index":"index","follow":"follow","max-snippet":"max-snippet:-1","max-image-preview":"max-image-preview:large","max-video-preview":"max-video-preview:-1"},"canonical":"https:\/\/narteks.net\/index.php\/2009\/11\/04\/ben-degildim\/","og_locale":"tr_TR","og_type":"article","og_title":"Ben De\u011fildim","og_description":"Bir ak\u015fam-\u00fcst\u00fc pencerenden bak\u0131yordunA\u011f\u0131r a\u011f\u0131r, yollara inen karanl\u0131\u011fa.Bana benzeyen biri ge\u00e7ti evinin \u00f6n\u00fcnden.Kalbin ba\u015flad\u0131 h\u0131zl\u0131 h\u0131zl\u0131 \u00e7arpmaya..O ge\u00e7en ben de\u011fildim. Bir gece, yata\u011f\u0131nda uyuyordun..Uyan\u0131verdin birden, sessiz d\u00fcnyaya.Bir r\u00fcyan\u0131n par\u00e7as\u0131yd\u0131 g\u00f6zlerini a\u00e7an,Ve karanl\u0131klar i\u00e7indeydi odan&#8230;Seni g\u00f6ren ben de\u011fildim. Ben \u00e7ok uzaktayd\u0131m o zaman,G\u00f6zlerin kavu\u015ftu a\u011flamaya, sebepsiz a\u011flamaya.Art\u0131k beni d\u00fc\u015f\u00fcnmeye ba\u015flad\u0131\u011f\u0131ndanB\u0131rakt\u0131n kendini a\u015fk i\u00e7inde ya\u015famaya..Bunu bilen ben [&hellip;]","og_url":"https:\/\/narteks.net\/index.php\/2009\/11\/04\/ben-degildim\/","og_site_name":"narteks.net","article_published_time":"2009-11-04T07:28:34+00:00","og_image":[{"width":300,"height":90,"url":"https:\/\/narteks.net\/wp-content\/uploads\/narteks.png","type":"image\/png"}],"author":"Tar\u0131k","twitter_card":"summary_large_image","twitter_creator":"@narteks","twitter_site":"@narteks","twitter_misc":{"Yazan:":"Tar\u0131k","Tahmini okuma s\u00fcresi":"1 dakika"},"schema":{"@context":"https:\/\/schema.org","@graph":[{"@type":"Article","@id":"https:\/\/narteks.net\/index.php\/2009\/11\/04\/ben-degildim\/#article","isPartOf":{"@id":"https:\/\/narteks.net\/index.php\/2009\/11\/04\/ben-degildim\/"},"author":{"name":"Tar\u0131k","@id":"https:\/\/narteks.net\/#\/schema\/person\/61f37d9834294b72d31d274e7ed79bca"},"headline":"Ben De\u011fildim","datePublished":"2009-11-04T07:28:34+00:00","mainEntityOfPage":{"@id":"https:\/\/narteks.net\/index.php\/2009\/11\/04\/ben-degildim\/"},"wordCount":146,"commentCount":0,"publisher":{"@id":"https:\/\/narteks.net\/#organization"},"articleSection":["\u00d6zdemir ASAF"],"inLanguage":"tr","potentialAction":[{"@type":"CommentAction","name":"Comment","target":["https:\/\/narteks.net\/index.php\/2009\/11\/04\/ben-degildim\/#respond"]}]},{"@type":"WebPage","@id":"https:\/\/narteks.net\/index.php\/2009\/11\/04\/ben-degildim\/","url":"https:\/\/narteks.net\/index.php\/2009\/11\/04\/ben-degildim\/","name":"Ben De\u011fildim - narteks.net","isPartOf":{"@id":"https:\/\/narteks.net\/#website"},"datePublished":"2009-11-04T07:28:34+00:00","breadcrumb":{"@id":"https:\/\/narteks.net\/index.php\/2009\/11\/04\/ben-degildim\/#breadcrumb"},"inLanguage":"tr","potentialAction":[{"@type":"ReadAction","target":["https:\/\/narteks.net\/index.php\/2009\/11\/04\/ben-degildim\/"]}]},{"@type":"BreadcrumbList","@id":"https:\/\/narteks.net\/index.php\/2009\/11\/04\/ben-degildim\/#breadcrumb","itemListElement":[{"@type":"ListItem","position":1,"name":"Anasayfa","item":"https:\/\/narteks.net\/"},{"@type":"ListItem","position":2,"name":"Ben De\u011fildim"}]},{"@type":"WebSite","@id":"https:\/\/narteks.net\/#website","url":"https:\/\/narteks.net\/","name":"narteks.net","description":"K\u00fclt\u00fcr Sanat Edebiyat Felsefe","publisher":{"@id":"https:\/\/narteks.net\/#organization"},"alternateName":"K\u00fclt\u00fcr Sanat Edebiyat Felsefe","potentialAction":[{"@type":"SearchAction","target":{"@type":"EntryPoint","urlTemplate":"https:\/\/narteks.net\/?s={search_term_string}"},"query-input":{"@type":"PropertyValueSpecification","valueRequired":true,"valueName":"search_term_string"}}],"inLanguage":"tr"},{"@type":"Organization","@id":"https:\/\/narteks.net\/#organization","name":"narteks.net","url":"https:\/\/narteks.net\/","logo":{"@type":"ImageObject","inLanguage":"tr","@id":"https:\/\/narteks.net\/#\/schema\/logo\/image\/","url":"https:\/\/narteks.net\/wp-content\/uploads\/narteks.png","contentUrl":"https:\/\/narteks.net\/wp-content\/uploads\/narteks.png","width":300,"height":90,"caption":"narteks.net"},"image":{"@id":"https:\/\/narteks.net\/#\/schema\/logo\/image\/"},"sameAs":["https:\/\/x.com\/narteks","https:\/\/instagram.com\/narteksnet"]},{"@type":"Person","@id":"https:\/\/narteks.net\/#\/schema\/person\/61f37d9834294b72d31d274e7ed79bca","name":"Tar\u0131k","image":{"@type":"ImageObject","inLanguage":"tr","@id":"https:\/\/narteks.net\/#\/schema\/person\/image\/","url":"https:\/\/secure.gravatar.com\/avatar\/50865afb55632c4ae467e0af0930f6510aa2297d8014be502a55b14f3b7550cf?s=96&d=mm&r=g","contentUrl":"https:\/\/secure.gravatar.com\/avatar\/50865afb55632c4ae467e0af0930f6510aa2297d8014be502a55b14f3b7550cf?s=96&d=mm&r=g","caption":"Tar\u0131k"},"sameAs":["http:\/\/narteks.net"],"url":"https:\/\/narteks.net\/index.php\/author\/narbak\/"}]}},"_links":{"self":[{"href":"https:\/\/narteks.net\/index.php\/wp-json\/wp\/v2\/posts\/975","targetHints":{"allow":["GET"]}}],"collection":[{"href":"https:\/\/narteks.net\/index.php\/wp-json\/wp\/v2\/posts"}],"about":[{"href":"https:\/\/narteks.net\/index.php\/wp-json\/wp\/v2\/types\/post"}],"author":[{"embeddable":true,"href":"https:\/\/narteks.net\/index.php\/wp-json\/wp\/v2\/users\/1"}],"replies":[{"embeddable":true,"href":"https:\/\/narteks.net\/index.php\/wp-json\/wp\/v2\/comments?post=975"}],"version-history":[{"count":0,"href":"https:\/\/narteks.net\/index.php\/wp-json\/wp\/v2\/posts\/975\/revisions"}],"wp:attachment":[{"href":"https:\/\/narteks.net\/index.php\/wp-json\/wp\/v2\/media?parent=975"}],"wp:term":[{"taxonomy":"category","embeddable":true,"href":"https:\/\/narteks.net\/index.php\/wp-json\/wp\/v2\/categories?post=975"},{"taxonomy":"post_tag","embeddable":true,"href":"https:\/\/narteks.net\/index.php\/wp-json\/wp\/v2\/tags?post=975"}],"curies":[{"name":"wp","href":"https:\/\/api.w.org\/{rel}","templated":true}]}}