{"id":986,"date":"2009-11-04T10:52:16","date_gmt":"2009-11-04T07:52:16","guid":{"rendered":"http:\/\/localhost\/wordpress\/2009\/11\/04\/guzellik-geride-kaldi\/"},"modified":"2009-11-04T10:52:16","modified_gmt":"2009-11-04T07:52:16","slug":"guzellik-geride-kaldi","status":"publish","type":"post","link":"https:\/\/narteks.net\/index.php\/2009\/11\/04\/guzellik-geride-kaldi\/","title":{"rendered":"G\u00fczellik Geride Kald\u0131"},"content":{"rendered":"<p>\u00a0<\/p>\n<p>Benim y\u00fcz\u00fcm, y\u00fcz\u00fcnden ba\u015ftan ba\u015fa h\u00fcz\u00fcnd\u00fcr.<br \/>\u0130kisinden birisi ikimizden biridir.<\/p>\n<p>G\u00f6rmeli&#8217;dir, eskidir, ya\u015fam\u0131\u015f&#8217;a d\u00f6nm\u00fc\u015ft\u00fcr<br \/>Yar\u0131\u015fa \u00e7\u0131kt\u0131klar\u0131 g\u00fczelli\u011fi ge\u00e7mi\u015ftir.<\/p>\n<p>A\u011flad\u0131\u011f\u0131n\u0131 bilir bilmedi\u011fi \u015feylere<br \/>G\u00fcld\u00fc\u011f\u00fcn\u00fc unutmu\u015f, hi\u00e7 g\u00f6rmemi\u015f gibidir.<\/p>\n<p>Ta\u015f\u0131nmayan ne varsa bir yerden \u00f6b\u00fcr yere<br \/>Seve seve ta\u015f\u0131m\u0131\u015f, s\u0131rt\u0131na y\u00fcklemi\u015ftir.<\/p>\n<p>Parayla \u00f6l\u00e7\u00fclmeyen sevgi sayg\u0131 borcunu<br \/>Ne ald\u0131ysa ve kimden ald\u0131ysa \u00f6demi\u015ftir.<\/p>\n<p>Verdi\u011fini unutmu\u015f onun ne oldu\u011funu<br \/>Ne verdiyse ve kime verdiyse yok bilmi\u015ftir.<\/p>\n<p>\u00d6zdemir ASAF<\/p>\n","protected":false},"excerpt":{"rendered":"<p>\u00a0 Benim y\u00fcz\u00fcm, y\u00fcz\u00fcnden ba\u015ftan ba\u015fa h\u00fcz\u00fcnd\u00fcr.\u0130kisinden birisi ikimizden biridir. G\u00f6rmeli&#8217;dir, eskidir, ya\u015fam\u0131\u015f&#8217;a d\u00f6nm\u00fc\u015ft\u00fcrYar\u0131\u015fa \u00e7\u0131kt\u0131klar\u0131 g\u00fczelli\u011fi ge\u00e7mi\u015ftir. A\u011flad\u0131\u011f\u0131n\u0131 bilir bilmedi\u011fi \u015feylereG\u00fcld\u00fc\u011f\u00fcn\u00fc unutmu\u015f, hi\u00e7 g\u00f6rmemi\u015f gibidir. Ta\u015f\u0131nmayan ne varsa bir yerden \u00f6b\u00fcr yereSeve seve ta\u015f\u0131m\u0131\u015f, s\u0131rt\u0131na y\u00fcklemi\u015ftir. Parayla \u00f6l\u00e7\u00fclmeyen sevgi sayg\u0131 borcunuNe ald\u0131ysa ve kimden ald\u0131ysa \u00f6demi\u015ftir. Verdi\u011fini unutmu\u015f onun ne oldu\u011funuNe verdiyse ve kime verdiyse [&hellip;]<\/p>\n","protected":false},"author":1,"featured_media":0,"comment_status":"open","ping_status":"open","sticky":false,"template":"","format":"standard","meta":{"footnotes":""},"categories":[29],"tags":[],"class_list":{"0":"post-986","1":"post","2":"type-post","3":"status-publish","4":"format-standard","6":"category-ozdemir-asaf"},"yoast_head":"<!-- This site is optimized with the Yoast SEO Premium plugin v24.9 (Yoast SEO v24.9) - https:\/\/yoast.com\/wordpress\/plugins\/seo\/ -->\n<title>G\u00fczellik Geride Kald\u0131 - narteks.net<\/title>\n<meta name=\"robots\" content=\"index, follow, max-snippet:-1, max-image-preview:large, max-video-preview:-1\" \/>\n<link rel=\"canonical\" href=\"https:\/\/narteks.net\/index.php\/2009\/11\/04\/guzellik-geride-kaldi\/\" \/>\n<meta property=\"og:locale\" content=\"tr_TR\" \/>\n<meta property=\"og:type\" content=\"article\" \/>\n<meta property=\"og:title\" content=\"G\u00fczellik Geride Kald\u0131\" \/>\n<meta property=\"og:description\" content=\"\u00a0 Benim y\u00fcz\u00fcm, y\u00fcz\u00fcnden ba\u015ftan ba\u015fa h\u00fcz\u00fcnd\u00fcr.\u0130kisinden birisi ikimizden biridir. G\u00f6rmeli&#8217;dir, eskidir, ya\u015fam\u0131\u015f&#8217;a d\u00f6nm\u00fc\u015ft\u00fcrYar\u0131\u015fa \u00e7\u0131kt\u0131klar\u0131 g\u00fczelli\u011fi ge\u00e7mi\u015ftir. A\u011flad\u0131\u011f\u0131n\u0131 bilir bilmedi\u011fi \u015feylereG\u00fcld\u00fc\u011f\u00fcn\u00fc unutmu\u015f, hi\u00e7 g\u00f6rmemi\u015f gibidir. Ta\u015f\u0131nmayan ne varsa bir yerden \u00f6b\u00fcr yereSeve seve ta\u015f\u0131m\u0131\u015f, s\u0131rt\u0131na y\u00fcklemi\u015ftir. Parayla \u00f6l\u00e7\u00fclmeyen sevgi sayg\u0131 borcunuNe ald\u0131ysa ve kimden ald\u0131ysa \u00f6demi\u015ftir. Verdi\u011fini unutmu\u015f onun ne oldu\u011funuNe verdiyse ve kime verdiyse [&hellip;]\" \/>\n<meta property=\"og:url\" content=\"https:\/\/narteks.net\/index.php\/2009\/11\/04\/guzellik-geride-kaldi\/\" \/>\n<meta property=\"og:site_name\" content=\"narteks.net\" \/>\n<meta property=\"article:published_time\" content=\"2009-11-04T07:52:16+00:00\" \/>\n<meta property=\"og:image\" content=\"https:\/\/narteks.net\/wp-content\/uploads\/narteks.png\" \/>\n\t<meta property=\"og:image:width\" content=\"300\" \/>\n\t<meta property=\"og:image:height\" content=\"90\" \/>\n\t<meta property=\"og:image:type\" content=\"image\/png\" \/>\n<meta name=\"author\" content=\"Tar\u0131k\" \/>\n<meta name=\"twitter:card\" content=\"summary_large_image\" \/>\n<meta name=\"twitter:creator\" content=\"@narteks\" \/>\n<meta name=\"twitter:site\" content=\"@narteks\" \/>\n<meta name=\"twitter:label1\" content=\"Yazan:\" \/>\n\t<meta name=\"twitter:data1\" content=\"Tar\u0131k\" \/>\n\t<meta name=\"twitter:label2\" content=\"Tahmini okuma s\u00fcresi\" \/>\n\t<meta name=\"twitter:data2\" content=\"1 dakika\" \/>\n<script type=\"application\/ld+json\" class=\"yoast-schema-graph\">{\"@context\":\"https:\/\/schema.org\",\"@graph\":[{\"@type\":\"Article\",\"@id\":\"https:\/\/narteks.net\/index.php\/2009\/11\/04\/guzellik-geride-kaldi\/#article\",\"isPartOf\":{\"@id\":\"https:\/\/narteks.net\/index.php\/2009\/11\/04\/guzellik-geride-kaldi\/\"},\"author\":{\"name\":\"Tar\u0131k\",\"@id\":\"https:\/\/narteks.net\/#\/schema\/person\/61f37d9834294b72d31d274e7ed79bca\"},\"headline\":\"G\u00fczellik Geride Kald\u0131\",\"datePublished\":\"2009-11-04T07:52:16+00:00\",\"mainEntityOfPage\":{\"@id\":\"https:\/\/narteks.net\/index.php\/2009\/11\/04\/guzellik-geride-kaldi\/\"},\"wordCount\":104,\"commentCount\":0,\"publisher\":{\"@id\":\"https:\/\/narteks.net\/#organization\"},\"articleSection\":[\"\u00d6zdemir ASAF\"],\"inLanguage\":\"tr\",\"potentialAction\":[{\"@type\":\"CommentAction\",\"name\":\"Comment\",\"target\":[\"https:\/\/narteks.net\/index.php\/2009\/11\/04\/guzellik-geride-kaldi\/#respond\"]}]},{\"@type\":\"WebPage\",\"@id\":\"https:\/\/narteks.net\/index.php\/2009\/11\/04\/guzellik-geride-kaldi\/\",\"url\":\"https:\/\/narteks.net\/index.php\/2009\/11\/04\/guzellik-geride-kaldi\/\",\"name\":\"G\u00fczellik Geride Kald\u0131 - narteks.net\",\"isPartOf\":{\"@id\":\"https:\/\/narteks.net\/#website\"},\"datePublished\":\"2009-11-04T07:52:16+00:00\",\"breadcrumb\":{\"@id\":\"https:\/\/narteks.net\/index.php\/2009\/11\/04\/guzellik-geride-kaldi\/#breadcrumb\"},\"inLanguage\":\"tr\",\"potentialAction\":[{\"@type\":\"ReadAction\",\"target\":[\"https:\/\/narteks.net\/index.php\/2009\/11\/04\/guzellik-geride-kaldi\/\"]}]},{\"@type\":\"BreadcrumbList\",\"@id\":\"https:\/\/narteks.net\/index.php\/2009\/11\/04\/guzellik-geride-kaldi\/#breadcrumb\",\"itemListElement\":[{\"@type\":\"ListItem\",\"position\":1,\"name\":\"Anasayfa\",\"item\":\"https:\/\/narteks.net\/\"},{\"@type\":\"ListItem\",\"position\":2,\"name\":\"G\u00fczellik Geride Kald\u0131\"}]},{\"@type\":\"WebSite\",\"@id\":\"https:\/\/narteks.net\/#website\",\"url\":\"https:\/\/narteks.net\/\",\"name\":\"narteks.net\",\"description\":\"K\u00fclt\u00fcr Sanat Edebiyat Felsefe\",\"publisher\":{\"@id\":\"https:\/\/narteks.net\/#organization\"},\"alternateName\":\"K\u00fclt\u00fcr Sanat Edebiyat Felsefe\",\"potentialAction\":[{\"@type\":\"SearchAction\",\"target\":{\"@type\":\"EntryPoint\",\"urlTemplate\":\"https:\/\/narteks.net\/?s={search_term_string}\"},\"query-input\":{\"@type\":\"PropertyValueSpecification\",\"valueRequired\":true,\"valueName\":\"search_term_string\"}}],\"inLanguage\":\"tr\"},{\"@type\":\"Organization\",\"@id\":\"https:\/\/narteks.net\/#organization\",\"name\":\"narteks.net\",\"url\":\"https:\/\/narteks.net\/\",\"logo\":{\"@type\":\"ImageObject\",\"inLanguage\":\"tr\",\"@id\":\"https:\/\/narteks.net\/#\/schema\/logo\/image\/\",\"url\":\"https:\/\/narteks.net\/wp-content\/uploads\/narteks.png\",\"contentUrl\":\"https:\/\/narteks.net\/wp-content\/uploads\/narteks.png\",\"width\":300,\"height\":90,\"caption\":\"narteks.net\"},\"image\":{\"@id\":\"https:\/\/narteks.net\/#\/schema\/logo\/image\/\"},\"sameAs\":[\"https:\/\/x.com\/narteks\",\"https:\/\/instagram.com\/narteksnet\"]},{\"@type\":\"Person\",\"@id\":\"https:\/\/narteks.net\/#\/schema\/person\/61f37d9834294b72d31d274e7ed79bca\",\"name\":\"Tar\u0131k\",\"image\":{\"@type\":\"ImageObject\",\"inLanguage\":\"tr\",\"@id\":\"https:\/\/narteks.net\/#\/schema\/person\/image\/\",\"url\":\"https:\/\/secure.gravatar.com\/avatar\/50865afb55632c4ae467e0af0930f6510aa2297d8014be502a55b14f3b7550cf?s=96&d=mm&r=g\",\"contentUrl\":\"https:\/\/secure.gravatar.com\/avatar\/50865afb55632c4ae467e0af0930f6510aa2297d8014be502a55b14f3b7550cf?s=96&d=mm&r=g\",\"caption\":\"Tar\u0131k\"},\"sameAs\":[\"http:\/\/narteks.net\"],\"url\":\"https:\/\/narteks.net\/index.php\/author\/narbak\/\"}]}<\/script>\n<!-- \/ Yoast SEO Premium plugin. -->","yoast_head_json":{"title":"G\u00fczellik Geride Kald\u0131 - narteks.net","robots":{"index":"index","follow":"follow","max-snippet":"max-snippet:-1","max-image-preview":"max-image-preview:large","max-video-preview":"max-video-preview:-1"},"canonical":"https:\/\/narteks.net\/index.php\/2009\/11\/04\/guzellik-geride-kaldi\/","og_locale":"tr_TR","og_type":"article","og_title":"G\u00fczellik Geride Kald\u0131","og_description":"\u00a0 Benim y\u00fcz\u00fcm, y\u00fcz\u00fcnden ba\u015ftan ba\u015fa h\u00fcz\u00fcnd\u00fcr.\u0130kisinden birisi ikimizden biridir. G\u00f6rmeli&#8217;dir, eskidir, ya\u015fam\u0131\u015f&#8217;a d\u00f6nm\u00fc\u015ft\u00fcrYar\u0131\u015fa \u00e7\u0131kt\u0131klar\u0131 g\u00fczelli\u011fi ge\u00e7mi\u015ftir. A\u011flad\u0131\u011f\u0131n\u0131 bilir bilmedi\u011fi \u015feylereG\u00fcld\u00fc\u011f\u00fcn\u00fc unutmu\u015f, hi\u00e7 g\u00f6rmemi\u015f gibidir. Ta\u015f\u0131nmayan ne varsa bir yerden \u00f6b\u00fcr yereSeve seve ta\u015f\u0131m\u0131\u015f, s\u0131rt\u0131na y\u00fcklemi\u015ftir. Parayla \u00f6l\u00e7\u00fclmeyen sevgi sayg\u0131 borcunuNe ald\u0131ysa ve kimden ald\u0131ysa \u00f6demi\u015ftir. Verdi\u011fini unutmu\u015f onun ne oldu\u011funuNe verdiyse ve kime verdiyse [&hellip;]","og_url":"https:\/\/narteks.net\/index.php\/2009\/11\/04\/guzellik-geride-kaldi\/","og_site_name":"narteks.net","article_published_time":"2009-11-04T07:52:16+00:00","og_image":[{"width":300,"height":90,"url":"https:\/\/narteks.net\/wp-content\/uploads\/narteks.png","type":"image\/png"}],"author":"Tar\u0131k","twitter_card":"summary_large_image","twitter_creator":"@narteks","twitter_site":"@narteks","twitter_misc":{"Yazan:":"Tar\u0131k","Tahmini okuma s\u00fcresi":"1 dakika"},"schema":{"@context":"https:\/\/schema.org","@graph":[{"@type":"Article","@id":"https:\/\/narteks.net\/index.php\/2009\/11\/04\/guzellik-geride-kaldi\/#article","isPartOf":{"@id":"https:\/\/narteks.net\/index.php\/2009\/11\/04\/guzellik-geride-kaldi\/"},"author":{"name":"Tar\u0131k","@id":"https:\/\/narteks.net\/#\/schema\/person\/61f37d9834294b72d31d274e7ed79bca"},"headline":"G\u00fczellik Geride Kald\u0131","datePublished":"2009-11-04T07:52:16+00:00","mainEntityOfPage":{"@id":"https:\/\/narteks.net\/index.php\/2009\/11\/04\/guzellik-geride-kaldi\/"},"wordCount":104,"commentCount":0,"publisher":{"@id":"https:\/\/narteks.net\/#organization"},"articleSection":["\u00d6zdemir ASAF"],"inLanguage":"tr","potentialAction":[{"@type":"CommentAction","name":"Comment","target":["https:\/\/narteks.net\/index.php\/2009\/11\/04\/guzellik-geride-kaldi\/#respond"]}]},{"@type":"WebPage","@id":"https:\/\/narteks.net\/index.php\/2009\/11\/04\/guzellik-geride-kaldi\/","url":"https:\/\/narteks.net\/index.php\/2009\/11\/04\/guzellik-geride-kaldi\/","name":"G\u00fczellik Geride Kald\u0131 - narteks.net","isPartOf":{"@id":"https:\/\/narteks.net\/#website"},"datePublished":"2009-11-04T07:52:16+00:00","breadcrumb":{"@id":"https:\/\/narteks.net\/index.php\/2009\/11\/04\/guzellik-geride-kaldi\/#breadcrumb"},"inLanguage":"tr","potentialAction":[{"@type":"ReadAction","target":["https:\/\/narteks.net\/index.php\/2009\/11\/04\/guzellik-geride-kaldi\/"]}]},{"@type":"BreadcrumbList","@id":"https:\/\/narteks.net\/index.php\/2009\/11\/04\/guzellik-geride-kaldi\/#breadcrumb","itemListElement":[{"@type":"ListItem","position":1,"name":"Anasayfa","item":"https:\/\/narteks.net\/"},{"@type":"ListItem","position":2,"name":"G\u00fczellik Geride Kald\u0131"}]},{"@type":"WebSite","@id":"https:\/\/narteks.net\/#website","url":"https:\/\/narteks.net\/","name":"narteks.net","description":"K\u00fclt\u00fcr Sanat Edebiyat Felsefe","publisher":{"@id":"https:\/\/narteks.net\/#organization"},"alternateName":"K\u00fclt\u00fcr Sanat Edebiyat Felsefe","potentialAction":[{"@type":"SearchAction","target":{"@type":"EntryPoint","urlTemplate":"https:\/\/narteks.net\/?s={search_term_string}"},"query-input":{"@type":"PropertyValueSpecification","valueRequired":true,"valueName":"search_term_string"}}],"inLanguage":"tr"},{"@type":"Organization","@id":"https:\/\/narteks.net\/#organization","name":"narteks.net","url":"https:\/\/narteks.net\/","logo":{"@type":"ImageObject","inLanguage":"tr","@id":"https:\/\/narteks.net\/#\/schema\/logo\/image\/","url":"https:\/\/narteks.net\/wp-content\/uploads\/narteks.png","contentUrl":"https:\/\/narteks.net\/wp-content\/uploads\/narteks.png","width":300,"height":90,"caption":"narteks.net"},"image":{"@id":"https:\/\/narteks.net\/#\/schema\/logo\/image\/"},"sameAs":["https:\/\/x.com\/narteks","https:\/\/instagram.com\/narteksnet"]},{"@type":"Person","@id":"https:\/\/narteks.net\/#\/schema\/person\/61f37d9834294b72d31d274e7ed79bca","name":"Tar\u0131k","image":{"@type":"ImageObject","inLanguage":"tr","@id":"https:\/\/narteks.net\/#\/schema\/person\/image\/","url":"https:\/\/secure.gravatar.com\/avatar\/50865afb55632c4ae467e0af0930f6510aa2297d8014be502a55b14f3b7550cf?s=96&d=mm&r=g","contentUrl":"https:\/\/secure.gravatar.com\/avatar\/50865afb55632c4ae467e0af0930f6510aa2297d8014be502a55b14f3b7550cf?s=96&d=mm&r=g","caption":"Tar\u0131k"},"sameAs":["http:\/\/narteks.net"],"url":"https:\/\/narteks.net\/index.php\/author\/narbak\/"}]}},"_links":{"self":[{"href":"https:\/\/narteks.net\/index.php\/wp-json\/wp\/v2\/posts\/986","targetHints":{"allow":["GET"]}}],"collection":[{"href":"https:\/\/narteks.net\/index.php\/wp-json\/wp\/v2\/posts"}],"about":[{"href":"https:\/\/narteks.net\/index.php\/wp-json\/wp\/v2\/types\/post"}],"author":[{"embeddable":true,"href":"https:\/\/narteks.net\/index.php\/wp-json\/wp\/v2\/users\/1"}],"replies":[{"embeddable":true,"href":"https:\/\/narteks.net\/index.php\/wp-json\/wp\/v2\/comments?post=986"}],"version-history":[{"count":0,"href":"https:\/\/narteks.net\/index.php\/wp-json\/wp\/v2\/posts\/986\/revisions"}],"wp:attachment":[{"href":"https:\/\/narteks.net\/index.php\/wp-json\/wp\/v2\/media?parent=986"}],"wp:term":[{"taxonomy":"category","embeddable":true,"href":"https:\/\/narteks.net\/index.php\/wp-json\/wp\/v2\/categories?post=986"},{"taxonomy":"post_tag","embeddable":true,"href":"https:\/\/narteks.net\/index.php\/wp-json\/wp\/v2\/tags?post=986"}],"curies":[{"name":"wp","href":"https:\/\/api.w.org\/{rel}","templated":true}]}}