{"id":989,"date":"2009-11-04T10:55:50","date_gmt":"2009-11-04T07:55:50","guid":{"rendered":"http:\/\/localhost\/wordpress\/2009\/11\/04\/kalmak-turkusu\/"},"modified":"2009-11-04T10:55:50","modified_gmt":"2009-11-04T07:55:50","slug":"kalmak-turkusu","status":"publish","type":"post","link":"https:\/\/narteks.net\/index.php\/2009\/11\/04\/kalmak-turkusu\/","title":{"rendered":"Kalmak T\u00fcrk\u00fcs\u00fc"},"content":{"rendered":"<p>\u00a0<\/p>\n<p>Daha gidilecek yerlerimiz var<br \/>\u015eu sohbetini dinler gideriz<br \/>Co\u015ftuk\u00e7a \u015fark\u0131lar, t\u00fcrk\u00fcler, sazlar<br \/>Rak\u0131 m\u0131, \u015farap m\u0131, i\u00e7er gideriz<\/p>\n<p>Ge\u00e7se de umudun bahar\u0131 yaz\u0131<br \/>G\u00f6zlerde kal\u0131yor ya\u015fanm\u0131\u015f izi<br \/>Kimseler k\u0131namaz burada bizi<br \/>Ne varsa hesab\u0131 \u00f6der gideriz<\/p>\n<p>S\u00f6yleyecek s\u00f6z\u00fc olan anlats\u0131n<br \/>\u0130sterse i\u00e7ine yalan da kats\u0131n<br \/>Yeter ki kendinden, bizden s\u00f6z etsin<br \/>Yalan\u0131 do\u011fruyu sezer gideriz<\/p>\n<p>Neler g\u00f6rd\u00fck neler bu g\u00fcne kadar<br \/>Daha gidilecek yerlerimiz var<br \/>Bizi buralarda unutamazlar<br \/>Kalacak bir t\u00fcrk\u00fc s\u00f6yler gideriz<\/p>\n<p>Sevgiye var olduk sevdik sevildik<br \/>Kavgalara girdik \u00f6ld\u00fck dirildik<br \/>Bir anlam f\u0131r\u0131n\u0131 icinde pi\u015ftik<br \/>Anlaml\u0131 g\u00fczeli sever gideriz.<\/p>\n<p>\u00d6zdemir ASAF<\/p>\n","protected":false},"excerpt":{"rendered":"<p>\u00a0 Daha gidilecek yerlerimiz var\u015eu sohbetini dinler giderizCo\u015ftuk\u00e7a \u015fark\u0131lar, t\u00fcrk\u00fcler, sazlarRak\u0131 m\u0131, \u015farap m\u0131, i\u00e7er gideriz Ge\u00e7se de umudun bahar\u0131 yaz\u0131G\u00f6zlerde kal\u0131yor ya\u015fanm\u0131\u015f iziKimseler k\u0131namaz burada biziNe varsa hesab\u0131 \u00f6der gideriz S\u00f6yleyecek s\u00f6z\u00fc olan anlats\u0131n\u0130sterse i\u00e7ine yalan da kats\u0131nYeter ki kendinden, bizden s\u00f6z etsinYalan\u0131 do\u011fruyu sezer gideriz Neler g\u00f6rd\u00fck neler bu g\u00fcne kadarDaha gidilecek yerlerimiz [&hellip;]<\/p>\n","protected":false},"author":1,"featured_media":0,"comment_status":"open","ping_status":"open","sticky":false,"template":"","format":"standard","meta":{"footnotes":""},"categories":[29],"tags":[],"class_list":{"0":"post-989","1":"post","2":"type-post","3":"status-publish","4":"format-standard","6":"category-ozdemir-asaf"},"yoast_head":"<!-- This site is optimized with the Yoast SEO Premium plugin v24.9 (Yoast SEO v24.9) - https:\/\/yoast.com\/wordpress\/plugins\/seo\/ -->\n<title>Kalmak T\u00fcrk\u00fcs\u00fc - narteks.net<\/title>\n<meta name=\"robots\" content=\"index, follow, max-snippet:-1, max-image-preview:large, max-video-preview:-1\" \/>\n<link rel=\"canonical\" href=\"https:\/\/narteks.net\/index.php\/2009\/11\/04\/kalmak-turkusu\/\" \/>\n<meta property=\"og:locale\" content=\"tr_TR\" \/>\n<meta property=\"og:type\" content=\"article\" \/>\n<meta property=\"og:title\" content=\"Kalmak T\u00fcrk\u00fcs\u00fc\" \/>\n<meta property=\"og:description\" content=\"\u00a0 Daha gidilecek yerlerimiz var\u015eu sohbetini dinler giderizCo\u015ftuk\u00e7a \u015fark\u0131lar, t\u00fcrk\u00fcler, sazlarRak\u0131 m\u0131, \u015farap m\u0131, i\u00e7er gideriz Ge\u00e7se de umudun bahar\u0131 yaz\u0131G\u00f6zlerde kal\u0131yor ya\u015fanm\u0131\u015f iziKimseler k\u0131namaz burada biziNe varsa hesab\u0131 \u00f6der gideriz S\u00f6yleyecek s\u00f6z\u00fc olan anlats\u0131n\u0130sterse i\u00e7ine yalan da kats\u0131nYeter ki kendinden, bizden s\u00f6z etsinYalan\u0131 do\u011fruyu sezer gideriz Neler g\u00f6rd\u00fck neler bu g\u00fcne kadarDaha gidilecek yerlerimiz [&hellip;]\" \/>\n<meta property=\"og:url\" content=\"https:\/\/narteks.net\/index.php\/2009\/11\/04\/kalmak-turkusu\/\" \/>\n<meta property=\"og:site_name\" content=\"narteks.net\" \/>\n<meta property=\"article:published_time\" content=\"2009-11-04T07:55:50+00:00\" \/>\n<meta property=\"og:image\" content=\"https:\/\/narteks.net\/wp-content\/uploads\/narteks.png\" \/>\n\t<meta property=\"og:image:width\" content=\"300\" \/>\n\t<meta property=\"og:image:height\" content=\"90\" \/>\n\t<meta property=\"og:image:type\" content=\"image\/png\" \/>\n<meta name=\"author\" content=\"Tar\u0131k\" \/>\n<meta name=\"twitter:card\" content=\"summary_large_image\" \/>\n<meta name=\"twitter:creator\" content=\"@narteks\" \/>\n<meta name=\"twitter:site\" content=\"@narteks\" \/>\n<meta name=\"twitter:label1\" content=\"Yazan:\" \/>\n\t<meta name=\"twitter:data1\" content=\"Tar\u0131k\" \/>\n\t<meta name=\"twitter:label2\" content=\"Tahmini okuma s\u00fcresi\" \/>\n\t<meta name=\"twitter:data2\" content=\"1 dakika\" \/>\n<script type=\"application\/ld+json\" class=\"yoast-schema-graph\">{\"@context\":\"https:\/\/schema.org\",\"@graph\":[{\"@type\":\"Article\",\"@id\":\"https:\/\/narteks.net\/index.php\/2009\/11\/04\/kalmak-turkusu\/#article\",\"isPartOf\":{\"@id\":\"https:\/\/narteks.net\/index.php\/2009\/11\/04\/kalmak-turkusu\/\"},\"author\":{\"name\":\"Tar\u0131k\",\"@id\":\"https:\/\/narteks.net\/#\/schema\/person\/61f37d9834294b72d31d274e7ed79bca\"},\"headline\":\"Kalmak T\u00fcrk\u00fcs\u00fc\",\"datePublished\":\"2009-11-04T07:55:50+00:00\",\"mainEntityOfPage\":{\"@id\":\"https:\/\/narteks.net\/index.php\/2009\/11\/04\/kalmak-turkusu\/\"},\"wordCount\":113,\"commentCount\":0,\"publisher\":{\"@id\":\"https:\/\/narteks.net\/#organization\"},\"articleSection\":[\"\u00d6zdemir ASAF\"],\"inLanguage\":\"tr\",\"potentialAction\":[{\"@type\":\"CommentAction\",\"name\":\"Comment\",\"target\":[\"https:\/\/narteks.net\/index.php\/2009\/11\/04\/kalmak-turkusu\/#respond\"]}]},{\"@type\":\"WebPage\",\"@id\":\"https:\/\/narteks.net\/index.php\/2009\/11\/04\/kalmak-turkusu\/\",\"url\":\"https:\/\/narteks.net\/index.php\/2009\/11\/04\/kalmak-turkusu\/\",\"name\":\"Kalmak T\u00fcrk\u00fcs\u00fc - narteks.net\",\"isPartOf\":{\"@id\":\"https:\/\/narteks.net\/#website\"},\"datePublished\":\"2009-11-04T07:55:50+00:00\",\"breadcrumb\":{\"@id\":\"https:\/\/narteks.net\/index.php\/2009\/11\/04\/kalmak-turkusu\/#breadcrumb\"},\"inLanguage\":\"tr\",\"potentialAction\":[{\"@type\":\"ReadAction\",\"target\":[\"https:\/\/narteks.net\/index.php\/2009\/11\/04\/kalmak-turkusu\/\"]}]},{\"@type\":\"BreadcrumbList\",\"@id\":\"https:\/\/narteks.net\/index.php\/2009\/11\/04\/kalmak-turkusu\/#breadcrumb\",\"itemListElement\":[{\"@type\":\"ListItem\",\"position\":1,\"name\":\"Anasayfa\",\"item\":\"https:\/\/narteks.net\/\"},{\"@type\":\"ListItem\",\"position\":2,\"name\":\"Kalmak T\u00fcrk\u00fcs\u00fc\"}]},{\"@type\":\"WebSite\",\"@id\":\"https:\/\/narteks.net\/#website\",\"url\":\"https:\/\/narteks.net\/\",\"name\":\"narteks.net\",\"description\":\"K\u00fclt\u00fcr Sanat Edebiyat Felsefe\",\"publisher\":{\"@id\":\"https:\/\/narteks.net\/#organization\"},\"alternateName\":\"K\u00fclt\u00fcr Sanat Edebiyat Felsefe\",\"potentialAction\":[{\"@type\":\"SearchAction\",\"target\":{\"@type\":\"EntryPoint\",\"urlTemplate\":\"https:\/\/narteks.net\/?s={search_term_string}\"},\"query-input\":{\"@type\":\"PropertyValueSpecification\",\"valueRequired\":true,\"valueName\":\"search_term_string\"}}],\"inLanguage\":\"tr\"},{\"@type\":\"Organization\",\"@id\":\"https:\/\/narteks.net\/#organization\",\"name\":\"narteks.net\",\"url\":\"https:\/\/narteks.net\/\",\"logo\":{\"@type\":\"ImageObject\",\"inLanguage\":\"tr\",\"@id\":\"https:\/\/narteks.net\/#\/schema\/logo\/image\/\",\"url\":\"https:\/\/narteks.net\/wp-content\/uploads\/narteks.png\",\"contentUrl\":\"https:\/\/narteks.net\/wp-content\/uploads\/narteks.png\",\"width\":300,\"height\":90,\"caption\":\"narteks.net\"},\"image\":{\"@id\":\"https:\/\/narteks.net\/#\/schema\/logo\/image\/\"},\"sameAs\":[\"https:\/\/x.com\/narteks\",\"https:\/\/instagram.com\/narteksnet\"]},{\"@type\":\"Person\",\"@id\":\"https:\/\/narteks.net\/#\/schema\/person\/61f37d9834294b72d31d274e7ed79bca\",\"name\":\"Tar\u0131k\",\"image\":{\"@type\":\"ImageObject\",\"inLanguage\":\"tr\",\"@id\":\"https:\/\/narteks.net\/#\/schema\/person\/image\/\",\"url\":\"https:\/\/secure.gravatar.com\/avatar\/50865afb55632c4ae467e0af0930f6510aa2297d8014be502a55b14f3b7550cf?s=96&d=mm&r=g\",\"contentUrl\":\"https:\/\/secure.gravatar.com\/avatar\/50865afb55632c4ae467e0af0930f6510aa2297d8014be502a55b14f3b7550cf?s=96&d=mm&r=g\",\"caption\":\"Tar\u0131k\"},\"sameAs\":[\"http:\/\/narteks.net\"],\"url\":\"https:\/\/narteks.net\/index.php\/author\/narbak\/\"}]}<\/script>\n<!-- \/ Yoast SEO Premium plugin. -->","yoast_head_json":{"title":"Kalmak T\u00fcrk\u00fcs\u00fc - narteks.net","robots":{"index":"index","follow":"follow","max-snippet":"max-snippet:-1","max-image-preview":"max-image-preview:large","max-video-preview":"max-video-preview:-1"},"canonical":"https:\/\/narteks.net\/index.php\/2009\/11\/04\/kalmak-turkusu\/","og_locale":"tr_TR","og_type":"article","og_title":"Kalmak T\u00fcrk\u00fcs\u00fc","og_description":"\u00a0 Daha gidilecek yerlerimiz var\u015eu sohbetini dinler giderizCo\u015ftuk\u00e7a \u015fark\u0131lar, t\u00fcrk\u00fcler, sazlarRak\u0131 m\u0131, \u015farap m\u0131, i\u00e7er gideriz Ge\u00e7se de umudun bahar\u0131 yaz\u0131G\u00f6zlerde kal\u0131yor ya\u015fanm\u0131\u015f iziKimseler k\u0131namaz burada biziNe varsa hesab\u0131 \u00f6der gideriz S\u00f6yleyecek s\u00f6z\u00fc olan anlats\u0131n\u0130sterse i\u00e7ine yalan da kats\u0131nYeter ki kendinden, bizden s\u00f6z etsinYalan\u0131 do\u011fruyu sezer gideriz Neler g\u00f6rd\u00fck neler bu g\u00fcne kadarDaha gidilecek yerlerimiz [&hellip;]","og_url":"https:\/\/narteks.net\/index.php\/2009\/11\/04\/kalmak-turkusu\/","og_site_name":"narteks.net","article_published_time":"2009-11-04T07:55:50+00:00","og_image":[{"width":300,"height":90,"url":"https:\/\/narteks.net\/wp-content\/uploads\/narteks.png","type":"image\/png"}],"author":"Tar\u0131k","twitter_card":"summary_large_image","twitter_creator":"@narteks","twitter_site":"@narteks","twitter_misc":{"Yazan:":"Tar\u0131k","Tahmini okuma s\u00fcresi":"1 dakika"},"schema":{"@context":"https:\/\/schema.org","@graph":[{"@type":"Article","@id":"https:\/\/narteks.net\/index.php\/2009\/11\/04\/kalmak-turkusu\/#article","isPartOf":{"@id":"https:\/\/narteks.net\/index.php\/2009\/11\/04\/kalmak-turkusu\/"},"author":{"name":"Tar\u0131k","@id":"https:\/\/narteks.net\/#\/schema\/person\/61f37d9834294b72d31d274e7ed79bca"},"headline":"Kalmak T\u00fcrk\u00fcs\u00fc","datePublished":"2009-11-04T07:55:50+00:00","mainEntityOfPage":{"@id":"https:\/\/narteks.net\/index.php\/2009\/11\/04\/kalmak-turkusu\/"},"wordCount":113,"commentCount":0,"publisher":{"@id":"https:\/\/narteks.net\/#organization"},"articleSection":["\u00d6zdemir ASAF"],"inLanguage":"tr","potentialAction":[{"@type":"CommentAction","name":"Comment","target":["https:\/\/narteks.net\/index.php\/2009\/11\/04\/kalmak-turkusu\/#respond"]}]},{"@type":"WebPage","@id":"https:\/\/narteks.net\/index.php\/2009\/11\/04\/kalmak-turkusu\/","url":"https:\/\/narteks.net\/index.php\/2009\/11\/04\/kalmak-turkusu\/","name":"Kalmak T\u00fcrk\u00fcs\u00fc - narteks.net","isPartOf":{"@id":"https:\/\/narteks.net\/#website"},"datePublished":"2009-11-04T07:55:50+00:00","breadcrumb":{"@id":"https:\/\/narteks.net\/index.php\/2009\/11\/04\/kalmak-turkusu\/#breadcrumb"},"inLanguage":"tr","potentialAction":[{"@type":"ReadAction","target":["https:\/\/narteks.net\/index.php\/2009\/11\/04\/kalmak-turkusu\/"]}]},{"@type":"BreadcrumbList","@id":"https:\/\/narteks.net\/index.php\/2009\/11\/04\/kalmak-turkusu\/#breadcrumb","itemListElement":[{"@type":"ListItem","position":1,"name":"Anasayfa","item":"https:\/\/narteks.net\/"},{"@type":"ListItem","position":2,"name":"Kalmak T\u00fcrk\u00fcs\u00fc"}]},{"@type":"WebSite","@id":"https:\/\/narteks.net\/#website","url":"https:\/\/narteks.net\/","name":"narteks.net","description":"K\u00fclt\u00fcr Sanat Edebiyat Felsefe","publisher":{"@id":"https:\/\/narteks.net\/#organization"},"alternateName":"K\u00fclt\u00fcr Sanat Edebiyat Felsefe","potentialAction":[{"@type":"SearchAction","target":{"@type":"EntryPoint","urlTemplate":"https:\/\/narteks.net\/?s={search_term_string}"},"query-input":{"@type":"PropertyValueSpecification","valueRequired":true,"valueName":"search_term_string"}}],"inLanguage":"tr"},{"@type":"Organization","@id":"https:\/\/narteks.net\/#organization","name":"narteks.net","url":"https:\/\/narteks.net\/","logo":{"@type":"ImageObject","inLanguage":"tr","@id":"https:\/\/narteks.net\/#\/schema\/logo\/image\/","url":"https:\/\/narteks.net\/wp-content\/uploads\/narteks.png","contentUrl":"https:\/\/narteks.net\/wp-content\/uploads\/narteks.png","width":300,"height":90,"caption":"narteks.net"},"image":{"@id":"https:\/\/narteks.net\/#\/schema\/logo\/image\/"},"sameAs":["https:\/\/x.com\/narteks","https:\/\/instagram.com\/narteksnet"]},{"@type":"Person","@id":"https:\/\/narteks.net\/#\/schema\/person\/61f37d9834294b72d31d274e7ed79bca","name":"Tar\u0131k","image":{"@type":"ImageObject","inLanguage":"tr","@id":"https:\/\/narteks.net\/#\/schema\/person\/image\/","url":"https:\/\/secure.gravatar.com\/avatar\/50865afb55632c4ae467e0af0930f6510aa2297d8014be502a55b14f3b7550cf?s=96&d=mm&r=g","contentUrl":"https:\/\/secure.gravatar.com\/avatar\/50865afb55632c4ae467e0af0930f6510aa2297d8014be502a55b14f3b7550cf?s=96&d=mm&r=g","caption":"Tar\u0131k"},"sameAs":["http:\/\/narteks.net"],"url":"https:\/\/narteks.net\/index.php\/author\/narbak\/"}]}},"_links":{"self":[{"href":"https:\/\/narteks.net\/index.php\/wp-json\/wp\/v2\/posts\/989","targetHints":{"allow":["GET"]}}],"collection":[{"href":"https:\/\/narteks.net\/index.php\/wp-json\/wp\/v2\/posts"}],"about":[{"href":"https:\/\/narteks.net\/index.php\/wp-json\/wp\/v2\/types\/post"}],"author":[{"embeddable":true,"href":"https:\/\/narteks.net\/index.php\/wp-json\/wp\/v2\/users\/1"}],"replies":[{"embeddable":true,"href":"https:\/\/narteks.net\/index.php\/wp-json\/wp\/v2\/comments?post=989"}],"version-history":[{"count":0,"href":"https:\/\/narteks.net\/index.php\/wp-json\/wp\/v2\/posts\/989\/revisions"}],"wp:attachment":[{"href":"https:\/\/narteks.net\/index.php\/wp-json\/wp\/v2\/media?parent=989"}],"wp:term":[{"taxonomy":"category","embeddable":true,"href":"https:\/\/narteks.net\/index.php\/wp-json\/wp\/v2\/categories?post=989"},{"taxonomy":"post_tag","embeddable":true,"href":"https:\/\/narteks.net\/index.php\/wp-json\/wp\/v2\/tags?post=989"}],"curies":[{"name":"wp","href":"https:\/\/api.w.org\/{rel}","templated":true}]}}